{"id":117500,"date":"2019-10-19T05:02:00","date_gmt":"2019-10-19T02:02:00","guid":{"rendered":"https:\/\/sana.sy\/es\/?p=117500"},"modified":"2019-10-19T07:31:40","modified_gmt":"2019-10-19T04:31:40","slug":"agresion-turca-mata-a-5-civiles-e-hiere-a-otros-20-en-ataques-aereos-contra-al-hasakeh","status":"publish","type":"post","link":"https:\/\/archive.sana.sy\/es\/?p=117500","title":{"rendered":"Mueren ocho civiles sirios en nuevas agresiones del r\u00e9gimen turco"},"content":{"rendered":"<p style=\"text-align: justify;\"><span style=\"color: #800000;\">Hasakeh, SANA<\/span><\/p>\n<p style=\"text-align: justify;\">Ocho civiles perdieron la vida mientras otros 25 resultaron heridos en nuevas agresiones del ocupante truco contra los poblados pertenecientes a la ciudad de Ras Ain en el campo de Hasakeh.<\/p>\n<p style=\"text-align: justify;\">Las agresiones continuaron pese al anuncio de un acuerdo de alto el fuego por 120 horas entre el r\u00e9gimen turco y Washington.<br \/>\nEl corresponsal de SANA report\u00f3 que la continua agresi\u00f3n turca contra la ciudad de Ras Ain apunta contra los lugares de culto como las mezquitas y las iglesias dentro de la ciudad.<\/p>\n<p style=\"text-align: justify;\">Las v\u00edctimas cayeron en los poblados de Un Khair y Zarkan que fueron blanco de intensos bombardeos con aviaci\u00f3n y artiller\u00eda.<\/p>\n<p style=\"text-align: justify;\">Anteriormente, se inform\u00f3 que las fuerzas de ocupaci\u00f3n turcas y sus mercenarios atacaron a los habitantes en las aldeas de Lazqa, Abaa, Mreikez, Bab al-Khair, Qabr Cheij Hussein, despu\u00e9s de infiltrarse en ellas provocando un \u00e9xodo de la poblaci\u00f3n.<\/p>\n<p style=\"text-align: justify;\">Por otro lado, las fuerzas de ocupaci\u00f3n turcas instalaron un punto de control en la aldea de Kaju en el campo de Ras Ain y lo fortificaron con veh\u00edculos de ingenier\u00eda e izaron la bandera turca en el mismo.<\/p>\n<p style=\"text-align: justify;\">En un contexto relacionado, la ocupaci\u00f3n estadounidense sac\u00f3 a 50 de sus soldados del aeropuerto ilegal de Rahiba en la zona de Malikieh a trav\u00e9s de los helic\u00f3pteros.<\/p>\n<p style=\"text-align: justify;\"><strong><span style=\"color: #0000ff;\">A.H\/R.Sh\/ F.M<\/span><\/strong><\/p>\n","protected":false},"excerpt":{"rendered":"<p>Hasakeh, SANA Ocho civiles perdieron la vida mientras otros 25 resultaron heridos en nuevas agresiones del ocupante truco contra los poblados pertenecientes a la ciudad de Ras Ain en el campo de Hasakeh. Las agresiones continuaron pese al anuncio de un acuerdo de alto el fuego por 120 horas entre el r\u00e9gimen turco y Washington. &hellip;<\/p>\n","protected":false},"author":30,"featured_media":117501,"comment_status":"closed","ping_status":"closed","sticky":false,"template":"","format":"standard","meta":{"footnotes":""},"categories":[597,573,7541],"tags":[16842,7161,16841,6553,7512],"class_list":["post-117500","post","type-post","status-publish","format-standard","has-post-thumbnail","","category-cinta-de-noticias","category-la-realidad-de-los-acontecimientos-en-siria","category-ultimas-noticias","tag-agresiones","tag-damasco","tag-hasakeh","tag-siria","tag-turquia"],"_links":{"self":[{"href":"https:\/\/archive.sana.sy\/es\/index.php?rest_route=\/wp\/v2\/posts\/117500"}],"collection":[{"href":"https:\/\/archive.sana.sy\/es\/index.php?rest_route=\/wp\/v2\/posts"}],"about":[{"href":"https:\/\/archive.sana.sy\/es\/index.php?rest_route=\/wp\/v2\/types\/post"}],"author":[{"embeddable":true,"href":"https:\/\/archive.sana.sy\/es\/index.php?rest_route=\/wp\/v2\/users\/30"}],"replies":[{"embeddable":true,"href":"https:\/\/archive.sana.sy\/es\/index.php?rest_route=%2Fwp%2Fv2%2Fcomments&post=117500"}],"version-history":[{"count":0,"href":"https:\/\/archive.sana.sy\/es\/index.php?rest_route=\/wp\/v2\/posts\/117500\/revisions"}],"wp:featuredmedia":[{"embeddable":true,"href":"https:\/\/archive.sana.sy\/es\/index.php?rest_route=\/wp\/v2\/media\/117501"}],"wp:attachment":[{"href":"https:\/\/archive.sana.sy\/es\/index.php?rest_route=%2Fwp%2Fv2%2Fmedia&parent=117500"}],"wp:term":[{"taxonomy":"category","embeddable":true,"href":"https:\/\/archive.sana.sy\/es\/index.php?rest_route=%2Fwp%2Fv2%2Fcategories&post=117500"},{"taxonomy":"post_tag","embeddable":true,"href":"https:\/\/archive.sana.sy\/es\/index.php?rest_route=%2Fwp%2Fv2%2Ftags&post=117500"}],"curies":[{"name":"wp","href":"https:\/\/api.w.org\/{rel}","templated":true}]}}