{"id":117537,"date":"2019-10-18T15:55:29","date_gmt":"2019-10-18T12:55:29","guid":{"rendered":"https:\/\/sana.sy\/es\/?p=117537"},"modified":"2019-10-18T19:27:40","modified_gmt":"2019-10-18T16:27:40","slug":"siria-participa-en-el-festival-de-musica-sinfonica-en-argelia","status":"publish","type":"post","link":"https:\/\/archive.sana.sy\/es\/?p=117537","title":{"rendered":"Siria participa en el Festival de M\u00fasica Sinf\u00f3nica en Argelia"},"content":{"rendered":"<p><span style=\"color: #800000;\">Argel, SANA <\/span><\/p>\n<p style=\"text-align: justify;\">Como parte de las actividades de la 11\u00aa edici\u00f3n del Festival de M\u00fasica Sinf\u00f3nica desarrollado actualmente en Argelia, un grupo musical sirio realiz\u00f3 una velada musical bajo la direcci\u00f3n del maestro Missak Baghboudarian.<\/p>\n<p style=\"text-align: justify;\">El grupo estaba formado por 8 cantantes, profesores y graduados del Instituto Superior de M\u00fasica, adem\u00e1s del pianista Fadi Jbaili.<\/p>\n<p style=\"text-align: justify;\">Baghboudarian declar\u00f3 a SANA que el programa matinal incluy\u00f3 la interpretaci\u00f3n de varias canciones folkl\u00f3ricas de la Gran Siria &#8220;Cham&#8221; y Argelia, adem\u00e1s de piezas musicales seleccionadas de la \u00f3pera \u201cEl Fantasma de la \u00d3pera\u201d por \u201cEd Louiski\u201d y otras de pel\u00edculas famosas.<\/p>\n<p style=\"text-align: justify;\">Afirm\u00f3 que los m\u00fasicos sirios insisten en participar en los festivales \u00e1rabes e internacionales para mantener el nombre de Siria vivo, expresando su placer por la positiva interacci\u00f3n de la audiencia argelina con el grupo.<\/p>\n<p><span style=\"color: #0000ff;\">R.R.\/ R.Sh.<\/span><\/p>\n<p>&nbsp;<\/p>\n<p><img decoding=\"async\" src=\"http:\/\/www.sana.sy\/wp-content\/uploads\/2019\/10\/2-216.jpg\" \/><\/p>\n","protected":false},"excerpt":{"rendered":"<p>Argel, SANA Como parte de las actividades de la 11\u00aa edici\u00f3n del Festival de M\u00fasica Sinf\u00f3nica desarrollado actualmente en Argelia, un grupo musical sirio realiz\u00f3 una velada musical bajo la direcci\u00f3n del maestro Missak Baghboudarian. El grupo estaba formado por 8 cantantes, profesores y graduados del Instituto Superior de M\u00fasica, adem\u00e1s del pianista Fadi Jbaili. &hellip;<\/p>\n","protected":false},"author":31,"featured_media":117538,"comment_status":"closed","ping_status":"closed","sticky":false,"template":"","format":"standard","meta":{"footnotes":""},"categories":[597,7541],"tags":[],"class_list":["post-117537","post","type-post","status-publish","format-standard","has-post-thumbnail","","category-cinta-de-noticias","category-ultimas-noticias"],"_links":{"self":[{"href":"https:\/\/archive.sana.sy\/es\/index.php?rest_route=\/wp\/v2\/posts\/117537"}],"collection":[{"href":"https:\/\/archive.sana.sy\/es\/index.php?rest_route=\/wp\/v2\/posts"}],"about":[{"href":"https:\/\/archive.sana.sy\/es\/index.php?rest_route=\/wp\/v2\/types\/post"}],"author":[{"embeddable":true,"href":"https:\/\/archive.sana.sy\/es\/index.php?rest_route=\/wp\/v2\/users\/31"}],"replies":[{"embeddable":true,"href":"https:\/\/archive.sana.sy\/es\/index.php?rest_route=%2Fwp%2Fv2%2Fcomments&post=117537"}],"version-history":[{"count":0,"href":"https:\/\/archive.sana.sy\/es\/index.php?rest_route=\/wp\/v2\/posts\/117537\/revisions"}],"wp:featuredmedia":[{"embeddable":true,"href":"https:\/\/archive.sana.sy\/es\/index.php?rest_route=\/wp\/v2\/media\/117538"}],"wp:attachment":[{"href":"https:\/\/archive.sana.sy\/es\/index.php?rest_route=%2Fwp%2Fv2%2Fmedia&parent=117537"}],"wp:term":[{"taxonomy":"category","embeddable":true,"href":"https:\/\/archive.sana.sy\/es\/index.php?rest_route=%2Fwp%2Fv2%2Fcategories&post=117537"},{"taxonomy":"post_tag","embeddable":true,"href":"https:\/\/archive.sana.sy\/es\/index.php?rest_route=%2Fwp%2Fv2%2Ftags&post=117537"}],"curies":[{"name":"wp","href":"https:\/\/api.w.org\/{rel}","templated":true}]}}