{"id":117558,"date":"2019-10-18T15:53:13","date_gmt":"2019-10-18T12:53:13","guid":{"rendered":"https:\/\/sana.sy\/es\/?p=117558"},"modified":"2019-10-18T22:51:18","modified_gmt":"2019-10-18T19:51:18","slug":"comunidad-internacional-reitera-su-repudio-a-la-agresion-turca-contra-siria","status":"publish","type":"post","link":"https:\/\/archive.sana.sy\/es\/?p=117558","title":{"rendered":"Comunidad internacional reitera su repudio a la agresi\u00f3n turca contra Siria"},"content":{"rendered":"<p><span style=\"color: #800000;\">Capitales, SANA<\/span><\/p>\n<p style=\"text-align: justify;\">El presidente franc\u00e9s, Emmanuel Macron, tild\u00f3 de &#8220;una idiotez\u201d, la agresi\u00f3n turca contra Siria.<\/p>\n<p style=\"text-align: justify;\">Seg\u00fan cit\u00f3 la agencia rusa de noticias \u201cRT\u201d, Macron advirti\u00f3 en su discurso ante el Parlamento Europeo en Bruselas que esta agresi\u00f3n podr\u00eda propiciar el resurgimiento de la organizaci\u00f3n terrorista de Daesh.<\/p>\n<p style=\"text-align: justify;\">Por su parte, el presidente checo, Milos Zeman, afirm\u00f3 que el r\u00e9gimen turco comete cr\u00edmenes de guerra y apoya a las organizaciones terroristas en Siria.<\/p>\n<p style=\"text-align: justify;\">Asimismo, el presidente del Consejo Europeo, Donald Tusk, exigi\u00f3 de nuevo al r\u00e9gimen turco que detenga su agresi\u00f3n contra Siria.<\/p>\n<p style=\"text-align: justify;\">Seg\u00fan la agencia de noticias \u201cReuters\u201d, Tusk dijo en una rueda de prensa este viernes que &#8220;debemos reiterar nuestro llamado a Turqu\u00eda para que cese inmediatamente su acci\u00f3n militar, retire sus fuerzas y respete el Derecho Internacional Humanitario.&#8221;<\/p>\n<p><span style=\"color: #0000ff;\">R.R.\/ L.A.<\/span><\/p>\n","protected":false},"excerpt":{"rendered":"<p>Capitales, SANA El presidente franc\u00e9s, Emmanuel Macron, tild\u00f3 de &#8220;una idiotez\u201d, la agresi\u00f3n turca contra Siria. Seg\u00fan cit\u00f3 la agencia rusa de noticias \u201cRT\u201d, Macron advirti\u00f3 en su discurso ante el Parlamento Europeo en Bruselas que esta agresi\u00f3n podr\u00eda propiciar el resurgimiento de la organizaci\u00f3n terrorista de Daesh. Por su parte, el presidente checo, Milos &hellip;<\/p>\n","protected":false},"author":31,"featured_media":117559,"comment_status":"closed","ping_status":"closed","sticky":false,"template":"","format":"standard","meta":{"footnotes":""},"categories":[597,467,7541],"tags":[],"class_list":["post-117558","post","type-post","status-publish","format-standard","has-post-thumbnail","","category-cinta-de-noticias","category-siria-y-el-mundo","category-ultimas-noticias"],"_links":{"self":[{"href":"https:\/\/archive.sana.sy\/es\/index.php?rest_route=\/wp\/v2\/posts\/117558"}],"collection":[{"href":"https:\/\/archive.sana.sy\/es\/index.php?rest_route=\/wp\/v2\/posts"}],"about":[{"href":"https:\/\/archive.sana.sy\/es\/index.php?rest_route=\/wp\/v2\/types\/post"}],"author":[{"embeddable":true,"href":"https:\/\/archive.sana.sy\/es\/index.php?rest_route=\/wp\/v2\/users\/31"}],"replies":[{"embeddable":true,"href":"https:\/\/archive.sana.sy\/es\/index.php?rest_route=%2Fwp%2Fv2%2Fcomments&post=117558"}],"version-history":[{"count":0,"href":"https:\/\/archive.sana.sy\/es\/index.php?rest_route=\/wp\/v2\/posts\/117558\/revisions"}],"wp:featuredmedia":[{"embeddable":true,"href":"https:\/\/archive.sana.sy\/es\/index.php?rest_route=\/wp\/v2\/media\/117559"}],"wp:attachment":[{"href":"https:\/\/archive.sana.sy\/es\/index.php?rest_route=%2Fwp%2Fv2%2Fmedia&parent=117558"}],"wp:term":[{"taxonomy":"category","embeddable":true,"href":"https:\/\/archive.sana.sy\/es\/index.php?rest_route=%2Fwp%2Fv2%2Fcategories&post=117558"},{"taxonomy":"post_tag","embeddable":true,"href":"https:\/\/archive.sana.sy\/es\/index.php?rest_route=%2Fwp%2Fv2%2Ftags&post=117558"}],"curies":[{"name":"wp","href":"https:\/\/api.w.org\/{rel}","templated":true}]}}