{"id":117671,"date":"2019-10-20T03:48:42","date_gmt":"2019-10-20T00:48:42","guid":{"rendered":"https:\/\/sana.sy\/es\/?p=117671"},"modified":"2023-01-10T15:09:56","modified_gmt":"2023-01-10T13:09:56","slug":"resumen-del-acontecer-sirio-en-las-ultimas-24-horas-2","status":"publish","type":"post","link":"https:\/\/archive.sana.sy\/es\/?p=117671","title":{"rendered":"Resumen del acontecer sirio en las \u00faltimas 24 horas"},"content":{"rendered":"<p style=\"text-align: justify;\"><span style=\"color: #800000;\">Damasco, SANA<\/span><\/p>\n<p style=\"text-align: justify;\">Les ofrecemos a continuaci\u00f3n un resumen de las noticias nacionales e internacionales relativas a Siria y difundidas por nuestra agencia en las \u00faltimas 24 horas:<\/p>\n<p style=\"text-align: justify;\"><span style=\"color: #0000ff;\"><strong>Ej\u00e9rcito se despliega en Qaser Yelda en el campo noroccidental de Hasakeh<\/strong><\/span><\/p>\n<p style=\"text-align: justify;\">Unidades del ej\u00e9rcito \u00e1rabe sirio contin\u00faan su despliegue en los poblados y localidades del campo de Hassakeh.<\/p>\n<p style=\"text-align: justify;\">En este marco, los militares sirios ingresaron en Qaser Yelda al noroeste de la localidad de Tel Temer, y fijaron sus puntos en el eje de Tel Temer-Ahras en la campi\u00f1a noroccidental de la provincia.<\/p>\n<p style=\"text-align: justify;\">Seg\u00fan el reportero de SANA, el ej\u00e9rcito se emplaz\u00f3 donde las tropas de ocupaci\u00f3n estadounidenses ten\u00edan una base militar.<\/p>\n<p style=\"text-align: justify;\">Otras unidades del ej\u00e9rcito se hab\u00edan desplegado la v\u00edspera en los poblados de Selmas, Um Khair y Gharnata al oeste de Tel Temer donde fijaron posiciones y se lanzaron hacia otros municipios para hacer frente a la agresi\u00f3n turca contra el territorio nacional.<\/p>\n<p style=\"text-align: justify;\"><strong><span style=\"color: #0000ff;\">El agresor turco ocupa nuevos poblados, y el ocupante yanqui traslada a daeshitas hacia Iraq<\/span><\/strong><\/p>\n<p style=\"text-align: justify;\">Por onceavo d\u00eda consecutivo, las tropas del r\u00e9gimen turco contin\u00faan su agresi\u00f3n sobre el territorio sirio donde ocuparon dos poblados.<\/p>\n<p style=\"text-align: justify;\">\u201cLos militares turcos y sus mercenarios de organizaciones terroristas ca\u00f1onearon intensamente con artiller\u00eda y luego ocuparon los poblados de Gan Temer Sharqui y Shukriya (jurisdicci\u00f3n de Ras Ain) y cortaron la carretera Tel Temer- Ras Ain\u201d report\u00f3 el corresponsal de SANA.<\/p>\n<p style=\"text-align: justify;\">Por otro lado, y a pesar del acuerdo alcanzado entre el r\u00e9gimen turco y Washington de suspender los bombardeos durante 120 horas, aviones del ocupante turco incursionaron sobre los barrios residenciales y la infraestructura en la ciudad de Ras Ain situada a unos 40 km al noroeste de la ciudad de Hasakeh.<\/p>\n<p style=\"text-align: justify;\">La v\u00edspera, ocho civiles murieron y otros 25 resultaron heridos a consecuencia de un brutal bombardeo efectuado por aviaci\u00f3n y artiller\u00eda turcas sobre los municipios de Um Khair y Zerkan en las cercan\u00edas de la ciudad de Ras Ain.<\/p>\n<p style=\"text-align: justify;\">Asimismo, el reportero de SANA se\u00f1al\u00f3 que el ej\u00e9rcito de ocupaci\u00f3n turco retir\u00f3 una parte del muro de concreto que hab\u00eda construido antes bajo falsos pretextos frente al pueblo de Gan Temer (15 km al este de Ras Ain) para facilitar la irrupci\u00f3n de sus fuerzas invasoras y mercenarios en territorio sirio.<\/p>\n<p style=\"text-align: justify;\">Los militares turcos instalaron un ret\u00e9n junto al poblado de Kayo y lo fortificaron, e izaron la bandera turca en el mismo para que sea una avanzada en esa parte del territorio nacional.<\/p>\n<p style=\"text-align: justify;\">En un contexto relacionado, fuentes locales indicaron que \u201clas tropas de ocupaci\u00f3n norteamericanas trasladaron a 230 terroristas del Daesh a la prisi\u00f3n de Shaddadi en el campo sur de Hasakeh, y tambi\u00e9n trasladaron en un helic\u00f3ptero a 5 detenidas daeshitas desde Malekieh hacia el territorio iraqu\u00ed.<\/p>\n<p style=\"text-align: justify;\"><strong><span style=\"color: #0000ff;\">Ej\u00e9rcito choc\u00f3 con terroristas mercenario del r\u00e9gimen turco en Hasakeh<\/span><\/strong><\/p>\n<p style=\"text-align: justify;\">Una unidad del ej\u00e9rcito \u00e1rabe sirio choc\u00f3 con grupos terroristas mercenarios del r\u00e9gimen turco, en el campo de la provincia de Hasakeh.<br \/>\nSeg\u00fan report\u00f3 el corresponsal de SANA, el hecho tuvo lugar en el poblado de Al-Ahras al noroeste de la localidad fronteriza de Tal Temer en el campo de Hasakeh.<\/p>\n<p style=\"text-align: justify;\">Los militares sirios chocaron con los terroristas atacantes y los repelieron.<\/p>\n<p style=\"text-align: justify;\">El ej\u00e9rcito sirio comenz\u00f3 su despliegue en varias zonas en el campo de las provincias de Alepo, Raqqa y Hasakeh con el fin de cumplir su deber en frenar el agresor turco y proteger al pa\u00eds.<\/p>\n<p style=\"text-align: justify;\"><strong><span style=\"color: #0000ff;\">El r\u00e9gimen de Erdogan bombardea campamentos civiles y evacua a los terroristas del Daesh y sus familias<\/span><\/strong><\/p>\n<p style=\"text-align: justify;\">Nuevas evidencias documentan la relaci\u00f3n entre el r\u00e9gimen turco y la organizaci\u00f3n terrorista Daesh.<\/p>\n<p style=\"text-align: justify;\">Las evidencias confirman la realidad del papel desempe\u00f1ado por el r\u00e9gimen de Erdogan en el patrocinio de organizaciones terroristas y su uso como herramientas para materializar sus ambiciones en Siria e Iraq.<\/p>\n<p style=\"text-align: justify;\">Fuentes locales revelaron que las fuerzas del r\u00e9gimen turco durante su agresi\u00f3n contra el territorio sirio estaban en coordinaci\u00f3n directa con los terroristas de la organizaci\u00f3n Daesh, donde cientos de ellos y miles de sus familias est\u00e1n en una serie de campamentos establecidos por las fuerzas de ocupaci\u00f3n estadounidenses y grupos aliados.<\/p>\n<p style=\"text-align: justify;\">Con el inicio de la agresi\u00f3n turca contra Siria, el r\u00e9gimen de Erdogan bombarde\u00f3 la parte civil del campamento sin atacar la parte que aloja a daeshitas; por el contrario, se puso en contacto con ellos con el objetivo de contrabandearlos a las \u00e1reas bajo su control y el control de sus mercenarios.<\/p>\n<p style=\"text-align: justify;\">Los militantes del Daesh y sus familias han sido llevados de contrabando a destinos que s\u00f3lo el r\u00e9gimen turco y sus mercenarios conocen, y posiblemente Estados Unidos.<\/p>\n<p style=\"text-align: justify;\">Un video publicado recientemente en las redes sociales revela el alcance de la cooperaci\u00f3n entre el r\u00e9gimen de Erdogan y la organizaci\u00f3n terrorista del Daesh, y documenta la presencia de una serie de elementos del Daesh con las fuerzas de Erdogan y sus mercenarios agresores en el suelo sirio jact\u00e1ndose de ser legionarios del \u201ccalifato\u201d otomano.<\/p>\n<p style=\"text-align: justify;\"><strong><span style=\"color: #0000ff;\">Putin reitera la necesidad de respetar la unidad de Siria<\/span><\/strong><\/p>\n<p style=\"text-align: justify;\">El presidente ruso, Vladimir Putin, reafirm\u00f3 la importancia de respetar la unidad e integridad territorial de Siria.<\/p>\n<p style=\"text-align: justify;\">\u201cPutin examin\u00f3 en una llamada telef\u00f3nica con la canciller alemana, Angela Merkel, la situaci\u00f3n en el noreste de Siria\u201d, inform\u00f3 el Kremlin en su declaraci\u00f3n.<\/p>\n<p style=\"text-align: justify;\">\u201cSe puede lograr una firme y duradera estabilidad \u00fanicamente a trav\u00e9s del respeto de la unidad e integridad de Siria, teniendo en cuenta los intereses de todos los espectros de la sociedad siria\u201d, enfatiz\u00f3 Putin.<\/p>\n<p style=\"text-align: justify;\">El comunicado se\u00f1al\u00f3 que los dos partes subrayaron la importancia de impulsar la soluci\u00f3n pol\u00edtica en Siria, adem\u00e1s, ambos examinaron las situaciones en Ucrania y Libia.<\/p>\n<p style=\"text-align: justify;\"><strong><span style=\"color: #0000ff;\">Pol\u00edticos alemanes piden medidas punitivas contra Erdogan por su agresi\u00f3n contra el territorio sirio<\/span><\/strong><\/p>\n<p style=\"text-align: justify;\">El Jefe Adjunto del Bloque Parlamentario del Partido de Izquierda Alemana, Sifim Dagdlin, confirm\u00f3 que la agresi\u00f3n turca contra el territorio sirio es una violaci\u00f3n del derecho internacional.<\/p>\n<p style=\"text-align: justify;\">Pidi\u00f3 la imposici\u00f3n de medidas punitivas directas al presidente del r\u00e9gimen turco Recep Tayyip Erdo\u011fan en respuesta a esta agresi\u00f3n.<\/p>\n<p style=\"text-align: justify;\">Los pol\u00edticos tambi\u00e9n pidieron que se acabaran de una vez por todas las negociaciones de adhesi\u00f3n de Turqu\u00eda a la UE.<\/p>\n<p style=\"text-align: justify;\"><strong><span style=\"color: #0000ff;\">Agresi\u00f3n turca desplaz\u00f3 a 166 mil civiles y el gobierno prepara 39 centros para recibirlos<\/span><\/strong><\/p>\n<p style=\"text-align: justify;\">La agresi\u00f3n turca sobre el territorio sirio incrementa el n\u00famero de familias sirias desplazadas de las ciudades fronterizas hacia los centros urbanos y zonas rurales en medio de dif\u00edciles situaciones humanitarias.<\/p>\n<p style=\"text-align: justify;\">Seg\u00fan cifras anunciadas por el director de Asuntos Sociales y Labor, Issam al-Hussein, el n\u00famero de familias desplazadas lleg\u00f3 a 33 mil 197 que son un total de 166 mil personas.<\/p>\n<p style=\"text-align: justify;\">Los desplazados se encuentran ahora en los centros de alojamiento o en hogares en las comunidades locales.<\/p>\n<p style=\"text-align: justify;\">En una declaraci\u00f3n, al-Hussein destac\u00f3 que la agresi\u00f3n turca sobre el territorio sirio \u201cprovoc\u00f3 un masivo desplazamiento de la poblaci\u00f3n de las ciudades de Ras Ain, Derbasieh, Amouda, Qamishli, Qahtanieh, Malkieh y sus jurisdicciones\u201d.<\/p>\n<p style=\"text-align: justify;\">Indic\u00f3 que \u201cse han abierto 39 centros de alojamiento, de ellos 26 en la ciudad de Hasakeh y seis en la ciudad de Qamishli\u201d.<\/p>\n<p style=\"text-align: justify;\">El responsable de asistencia en la sucursal de la Organizaci\u00f3n de la Media Luna Roja Siria en Hasakeh, Ammar al-Deri, afirm\u00f3 que los equipos siguen \u201cbrindando toda ayuda para aliviar el sufrimiento de las familias desplazadas a causa de la continua agresi\u00f3n sobre el territorio sirio\u201d.<\/p>\n<p style=\"text-align: justify;\">Hizo alusi\u00f3n que \u201clos donativos se entregan en coordinaci\u00f3n con el Comit\u00e9 de Socorro provincial y con el apoyo del Comit\u00e9 Internacional de la Cruz Roja y el Programa Mundial de Alimentos.\u201d<\/p>\n<p style=\"text-align: justify;\"><strong><span style=\"color: #0000ff;\">Diez medallas para Siria en el Campeonato \u00c1rabe de Lucha Libre<\/span><\/strong><\/p>\n<p style=\"text-align: justify;\">La selecci\u00f3n siria en las disciplinas de Lucha Libre y Romana conquist\u00f3 diez medallas (tres de oro, cinco de plata y dos de bronce) en el Campeonato \u00c1rabe que se desarrolla en estos d\u00edas en la ciudad iraqu\u00ed Suleymanieh con la participaci\u00f3n de Irak, Yemen, Jordania y Marruecos.<\/p>\n<p style=\"text-align: justify;\">En lucha libre conquist\u00f3 el oro Ali Nshewati (92 kg), mientras que las dos plateadas fueron obtenidas por Abdalah Hashish (48 kg) y Abdul Rahim Fawaz (45 kg).<\/p>\n<p style=\"text-align: justify;\">En la lucha romana Ali Nshawati y Mohamad el-Ebed (92 y 65 kg respectivamente), mientras que Bahaa el-Nekedli consigui\u00f3 el bronce en el peso de 55 kg.<\/p>\n<p style=\"text-align: justify;\"><strong><span style=\"color: #0000ff;\">Colectivo de redactores del sitio\u00a0 SANA\u00a0<\/span><\/strong><\/p>\n<p style=\"text-align: justify;\">\n","protected":false},"excerpt":{"rendered":"<p>Damasco, SANA Les ofrecemos a continuaci\u00f3n un resumen de las noticias nacionales e internacionales relativas a Siria y difundidas por nuestra agencia en las \u00faltimas 24 horas: Ej\u00e9rcito se despliega en Qaser Yelda en el campo noroccidental de Hasakeh Unidades del ej\u00e9rcito \u00e1rabe sirio contin\u00faan su despliegue en los poblados y localidades del campo de &hellip;<\/p>\n","protected":false},"author":34,"featured_media":115754,"comment_status":"closed","ping_status":"closed","sticky":false,"template":"","format":"standard","meta":{"footnotes":""},"categories":[597,485,476,7541],"tags":[],"class_list":["post-117671","post","type-post","status-publish","format-standard","has-post-thumbnail","","category-cinta-de-noticias","category-informes-negocios-y-finanzas","category-locales","category-ultimas-noticias"],"_links":{"self":[{"href":"https:\/\/archive.sana.sy\/es\/index.php?rest_route=\/wp\/v2\/posts\/117671"}],"collection":[{"href":"https:\/\/archive.sana.sy\/es\/index.php?rest_route=\/wp\/v2\/posts"}],"about":[{"href":"https:\/\/archive.sana.sy\/es\/index.php?rest_route=\/wp\/v2\/types\/post"}],"author":[{"embeddable":true,"href":"https:\/\/archive.sana.sy\/es\/index.php?rest_route=\/wp\/v2\/users\/34"}],"replies":[{"embeddable":true,"href":"https:\/\/archive.sana.sy\/es\/index.php?rest_route=%2Fwp%2Fv2%2Fcomments&post=117671"}],"version-history":[{"count":0,"href":"https:\/\/archive.sana.sy\/es\/index.php?rest_route=\/wp\/v2\/posts\/117671\/revisions"}],"wp:featuredmedia":[{"embeddable":true,"href":"https:\/\/archive.sana.sy\/es\/index.php?rest_route=\/wp\/v2\/media\/115754"}],"wp:attachment":[{"href":"https:\/\/archive.sana.sy\/es\/index.php?rest_route=%2Fwp%2Fv2%2Fmedia&parent=117671"}],"wp:term":[{"taxonomy":"category","embeddable":true,"href":"https:\/\/archive.sana.sy\/es\/index.php?rest_route=%2Fwp%2Fv2%2Fcategories&post=117671"},{"taxonomy":"post_tag","embeddable":true,"href":"https:\/\/archive.sana.sy\/es\/index.php?rest_route=%2Fwp%2Fv2%2Ftags&post=117671"}],"curies":[{"name":"wp","href":"https:\/\/api.w.org\/{rel}","templated":true}]}}