{"id":117735,"date":"2019-10-20T18:28:39","date_gmt":"2019-10-20T15:28:39","guid":{"rendered":"https:\/\/sana.sy\/es\/?p=117735"},"modified":"2019-10-20T18:28:39","modified_gmt":"2019-10-20T15:28:39","slug":"gabinete-fija-las-prioridades-del-gasto-presupuestario-para-el-2020","status":"publish","type":"post","link":"https:\/\/archive.sana.sy\/es\/?p=117735","title":{"rendered":"Gabinete fija las prioridades del gasto presupuestario para el 2020"},"content":{"rendered":"<p style=\"text-align: justify;\"><span style=\"color: #800000;\">Damasco, SANA<\/span><\/p>\n<p style=\"text-align: justify;\">El Consejo de Ministros aprob\u00f3 en su sesi\u00f3n semanal, las prioridades de gasto en el presupuesto estatal para el 2020.<\/p>\n<p style=\"text-align: justify;\">Las prioridades se centraron en apoyar las fuerzas armadas y las familias de m\u00e1rtires y heridos, garantizar las necesidades b\u00e1sicas de los ciudadanos, rehabilitar los servicios en las zonas liberadas del terrorismo, adem\u00e1s de mejorar el subsidio social e incrementar el financiamiento de los sectores de servicios, educaci\u00f3n y salud.<\/p>\n<p style=\"text-align: justify;\">El proyecto de ley del presupuesto para 2020 tom\u00f3 en cuenta la buena gesti\u00f3n de los recursos disponibles, con enfoque en mejorar la seguridad alimentaria y el fomento social y econ\u00f3mico.<\/p>\n<p style=\"text-align: justify;\">Con respecto a la Regi\u00f3n Oriental, el Gabinete pidi\u00f3 a todos los ministerios que presten m\u00e1s atenci\u00f3n al sector de servicios en el campo de la provincias de Hasakeh, Raqa y Alepo.<\/p>\n<p style=\"text-align: justify;\">Por otro lado, los ministros aprobaron el plan del Ministerio de Educaci\u00f3n para rehabilitar las escuelas da\u00f1adas parcial o totalmente en todas las provincias, y asignar un presupuesto de 50 mil millones (100 millones de USD) para este prop\u00f3sito.<\/p>\n<p style=\"text-align: justify;\"><strong><span style=\"color: #0000ff;\">F.M<\/span><\/strong><\/p>\n","protected":false},"excerpt":{"rendered":"<p>Damasco, SANA El Consejo de Ministros aprob\u00f3 en su sesi\u00f3n semanal, las prioridades de gasto en el presupuesto estatal para el 2020. Las prioridades se centraron en apoyar las fuerzas armadas y las familias de m\u00e1rtires y heridos, garantizar las necesidades b\u00e1sicas de los ciudadanos, rehabilitar los servicios en las zonas liberadas del terrorismo, adem\u00e1s &hellip;<\/p>\n","protected":false},"author":34,"featured_media":117737,"comment_status":"closed","ping_status":"closed","sticky":false,"template":"","format":"standard","meta":{"footnotes":""},"categories":[477,597,476,7541],"tags":[16854],"class_list":["post-117735","post","type-post","status-publish","format-standard","has-post-thumbnail","","category-noticias-edulcorantes","category-cinta-de-noticias","category-locales","category-ultimas-noticias","tag-gabinete-fija-las-prioridades-del-gasto-presupuestario-para-el-2020"],"_links":{"self":[{"href":"https:\/\/archive.sana.sy\/es\/index.php?rest_route=\/wp\/v2\/posts\/117735"}],"collection":[{"href":"https:\/\/archive.sana.sy\/es\/index.php?rest_route=\/wp\/v2\/posts"}],"about":[{"href":"https:\/\/archive.sana.sy\/es\/index.php?rest_route=\/wp\/v2\/types\/post"}],"author":[{"embeddable":true,"href":"https:\/\/archive.sana.sy\/es\/index.php?rest_route=\/wp\/v2\/users\/34"}],"replies":[{"embeddable":true,"href":"https:\/\/archive.sana.sy\/es\/index.php?rest_route=%2Fwp%2Fv2%2Fcomments&post=117735"}],"version-history":[{"count":0,"href":"https:\/\/archive.sana.sy\/es\/index.php?rest_route=\/wp\/v2\/posts\/117735\/revisions"}],"wp:featuredmedia":[{"embeddable":true,"href":"https:\/\/archive.sana.sy\/es\/index.php?rest_route=\/wp\/v2\/media\/117737"}],"wp:attachment":[{"href":"https:\/\/archive.sana.sy\/es\/index.php?rest_route=%2Fwp%2Fv2%2Fmedia&parent=117735"}],"wp:term":[{"taxonomy":"category","embeddable":true,"href":"https:\/\/archive.sana.sy\/es\/index.php?rest_route=%2Fwp%2Fv2%2Fcategories&post=117735"},{"taxonomy":"post_tag","embeddable":true,"href":"https:\/\/archive.sana.sy\/es\/index.php?rest_route=%2Fwp%2Fv2%2Ftags&post=117735"}],"curies":[{"name":"wp","href":"https:\/\/api.w.org\/{rel}","templated":true}]}}