{"id":117749,"date":"2019-10-20T19:46:37","date_gmt":"2019-10-20T16:46:37","guid":{"rendered":"https:\/\/sana.sy\/es\/?p=117749"},"modified":"2019-10-21T14:37:13","modified_gmt":"2019-10-21T11:37:13","slug":"fotos-y-video-mas-refuerzos-del-ejercito-sirio-para-enfrentar-la-agresion-turca-en-el-norte","status":"publish","type":"post","link":"https:\/\/archive.sana.sy\/es\/?p=117749","title":{"rendered":"Ej\u00e9rcito sirio contin\u00faa su despliegue en la regi\u00f3n de al-Jazeera. (Fotos + v\u00eddeo)"},"content":{"rendered":"<p style=\"text-align: justify;\"><span style=\"color: #800000;\">Hasakeh, SANA<\/span><\/p>\n<p style=\"text-align: justify;\">Unidades del ej\u00e9rcito \u00e1rabe sirio continuaron su despliegue en las ciudades y localidades en la regi\u00f3n siria de Al-Jazeera (zonas ubicadas al este del r\u00edo \u00c9ufrates), en el marco de su deber de enfrentar la agresi\u00f3n turca contra el territorio sirio.<\/p>\n<p style=\"text-align: justify;\">Seg\u00fan report\u00f3 el corresponsal de SANA, veh\u00edculos y soldados del ej\u00e9rcito se movieron en varias localidades de las provincias de Raqa y Hasakeh para llevar a cabo nuevos despliegues y reforzar sus posiciones.<\/p>\n<p style=\"text-align: justify;\">Desde el d\u00eda 13 del mes en curso, las unidades del ej\u00e9rcito comenzaron a desplegarse en la ciudad de Tel Temer y otras localidades en el campo de Hasakeh, y en las ciudades de Manbej y Ain Arab en el campo noreste de Alepo, y en las ciudades de Ain Issa y Tabqa y su aeropuerto militar en el campo de Raqa.<\/p>\n<p style=\"text-align: justify;\">El despliegue del ej\u00e9rcito forma parte de su deber de proteger y defender el pa\u00eds ante las agresiones del r\u00e9gimen turco y sus mercenarios de grupos terroristas.<\/p>\n<p style=\"text-align: justify;\">En todas las zonas donde se despleg\u00f3 el ej\u00e9rcito hubo manifestaciones populares masivas para dar la bienvenida a los militares.<\/p>\n<p style=\"text-align: justify;\"><strong><span style=\"color: #0000ff;\">F.M\/ Y.K<\/span><\/strong><\/p>\n<p><iframe loading=\"lazy\" src=\"https:\/\/www.youtube.com\/embed\/lPQPQ1pUbh0\" width=\"660\" height=\"370\" frameborder=\"0\" allowfullscreen=\"allowfullscreen\"><span data-mce-type=\"bookmark\" style=\"display: inline-block; width: 0px; overflow: hidden; line-height: 0;\" class=\"mce_SELRES_start\">\ufeff<\/span><\/iframe><br \/>\n<div id='gallery-1' class='gallery galleryid-117749 gallery-columns-1 gallery-size-full'><figure class='gallery-item'>\n\t\t\t<div class='gallery-icon landscape'>\n\t\t\t\t<a href='https:\/\/archive.sana.sy\/es\/wp-content\/uploads\/2019\/10\/1-299-660x330.jpg'><img loading=\"lazy\" decoding=\"async\" width=\"660\" height=\"330\" src=\"https:\/\/archive.sana.sy\/es\/wp-content\/uploads\/2019\/10\/1-299-660x330.jpg\" class=\"attachment-full size-full\" alt=\"\" srcset=\"https:\/\/archive.sana.sy\/es\/wp-content\/uploads\/2019\/10\/1-299-660x330.jpg 660w, https:\/\/archive.sana.sy\/es\/wp-content\/uploads\/2019\/10\/1-299-660x330-150x75.jpg 150w, https:\/\/archive.sana.sy\/es\/wp-content\/uploads\/2019\/10\/1-299-660x330-300x150.jpg 300w\" sizes=\"(max-width: 660px) 100vw, 660px\" \/><\/a>\n\t\t\t<\/div><\/figure><figure class='gallery-item'>\n\t\t\t<div class='gallery-icon landscape'>\n\t\t\t\t<a href='https:\/\/archive.sana.sy\/es\/wp-content\/uploads\/2019\/10\/photo_2019-10-20_18-21-16.jpg'><img loading=\"lazy\" decoding=\"async\" width=\"660\" height=\"370\" src=\"https:\/\/archive.sana.sy\/es\/wp-content\/uploads\/2019\/10\/photo_2019-10-20_18-21-16.jpg\" class=\"attachment-full size-full\" alt=\"\" srcset=\"https:\/\/archive.sana.sy\/es\/wp-content\/uploads\/2019\/10\/photo_2019-10-20_18-21-16.jpg 660w, https:\/\/archive.sana.sy\/es\/wp-content\/uploads\/2019\/10\/photo_2019-10-20_18-21-16-150x84.jpg 150w, https:\/\/archive.sana.sy\/es\/wp-content\/uploads\/2019\/10\/photo_2019-10-20_18-21-16-300x168.jpg 300w\" sizes=\"(max-width: 660px) 100vw, 660px\" \/><\/a>\n\t\t\t<\/div><\/figure><figure class='gallery-item'>\n\t\t\t<div class='gallery-icon landscape'>\n\t\t\t\t<a href='https:\/\/archive.sana.sy\/es\/wp-content\/uploads\/2019\/10\/photo_2019-10-20_18-21-17.jpg'><img loading=\"lazy\" decoding=\"async\" width=\"660\" height=\"370\" src=\"https:\/\/archive.sana.sy\/es\/wp-content\/uploads\/2019\/10\/photo_2019-10-20_18-21-17.jpg\" class=\"attachment-full size-full\" alt=\"\" srcset=\"https:\/\/archive.sana.sy\/es\/wp-content\/uploads\/2019\/10\/photo_2019-10-20_18-21-17.jpg 660w, https:\/\/archive.sana.sy\/es\/wp-content\/uploads\/2019\/10\/photo_2019-10-20_18-21-17-150x84.jpg 150w, https:\/\/archive.sana.sy\/es\/wp-content\/uploads\/2019\/10\/photo_2019-10-20_18-21-17-300x168.jpg 300w\" sizes=\"(max-width: 660px) 100vw, 660px\" \/><\/a>\n\t\t\t<\/div><\/figure><figure class='gallery-item'>\n\t\t\t<div class='gallery-icon landscape'>\n\t\t\t\t<a href='https:\/\/archive.sana.sy\/es\/wp-content\/uploads\/2019\/10\/photo_2019-10-20_18-21-19.jpg'><img loading=\"lazy\" decoding=\"async\" width=\"660\" height=\"370\" src=\"https:\/\/archive.sana.sy\/es\/wp-content\/uploads\/2019\/10\/photo_2019-10-20_18-21-19.jpg\" class=\"attachment-full size-full\" alt=\"\" srcset=\"https:\/\/archive.sana.sy\/es\/wp-content\/uploads\/2019\/10\/photo_2019-10-20_18-21-19.jpg 660w, https:\/\/archive.sana.sy\/es\/wp-content\/uploads\/2019\/10\/photo_2019-10-20_18-21-19-150x84.jpg 150w, https:\/\/archive.sana.sy\/es\/wp-content\/uploads\/2019\/10\/photo_2019-10-20_18-21-19-300x168.jpg 300w\" sizes=\"(max-width: 660px) 100vw, 660px\" \/><\/a>\n\t\t\t<\/div><\/figure><figure class='gallery-item'>\n\t\t\t<div class='gallery-icon landscape'>\n\t\t\t\t<a href='https:\/\/archive.sana.sy\/es\/wp-content\/uploads\/2019\/10\/photo_2019-10-20_18-21-21.jpg'><img loading=\"lazy\" decoding=\"async\" width=\"660\" height=\"370\" src=\"https:\/\/archive.sana.sy\/es\/wp-content\/uploads\/2019\/10\/photo_2019-10-20_18-21-21.jpg\" class=\"attachment-full size-full\" alt=\"\" srcset=\"https:\/\/archive.sana.sy\/es\/wp-content\/uploads\/2019\/10\/photo_2019-10-20_18-21-21.jpg 660w, https:\/\/archive.sana.sy\/es\/wp-content\/uploads\/2019\/10\/photo_2019-10-20_18-21-21-150x84.jpg 150w, https:\/\/archive.sana.sy\/es\/wp-content\/uploads\/2019\/10\/photo_2019-10-20_18-21-21-300x168.jpg 300w\" sizes=\"(max-width: 660px) 100vw, 660px\" \/><\/a>\n\t\t\t<\/div><\/figure><figure class='gallery-item'>\n\t\t\t<div class='gallery-icon landscape'>\n\t\t\t\t<a href='https:\/\/archive.sana.sy\/es\/wp-content\/uploads\/2019\/10\/photo_2019-10-20_18-21-24.jpg'><img loading=\"lazy\" decoding=\"async\" width=\"660\" height=\"370\" src=\"https:\/\/archive.sana.sy\/es\/wp-content\/uploads\/2019\/10\/photo_2019-10-20_18-21-24.jpg\" class=\"attachment-full size-full\" alt=\"\" srcset=\"https:\/\/archive.sana.sy\/es\/wp-content\/uploads\/2019\/10\/photo_2019-10-20_18-21-24.jpg 660w, https:\/\/archive.sana.sy\/es\/wp-content\/uploads\/2019\/10\/photo_2019-10-20_18-21-24-150x84.jpg 150w, https:\/\/archive.sana.sy\/es\/wp-content\/uploads\/2019\/10\/photo_2019-10-20_18-21-24-300x168.jpg 300w\" sizes=\"(max-width: 660px) 100vw, 660px\" \/><\/a>\n\t\t\t<\/div><\/figure>\n\t\t<\/div>\n\n","protected":false},"excerpt":{"rendered":"<p>Hasakeh, SANA Unidades del ej\u00e9rcito \u00e1rabe sirio continuaron su despliegue en las ciudades y localidades en la regi\u00f3n siria de Al-Jazeera (zonas ubicadas al este del r\u00edo \u00c9ufrates), en el marco de su deber de enfrentar la agresi\u00f3n turca contra el territorio sirio. Seg\u00fan report\u00f3 el corresponsal de SANA, veh\u00edculos y soldados del ej\u00e9rcito se &hellip;<\/p>\n","protected":false},"author":34,"featured_media":117753,"comment_status":"closed","ping_status":"closed","sticky":false,"template":"","format":"standard","meta":{"footnotes":""},"categories":[597,573,476,7541],"tags":[],"class_list":["post-117749","post","type-post","status-publish","format-standard","has-post-thumbnail","","category-cinta-de-noticias","category-la-realidad-de-los-acontecimientos-en-siria","category-locales","category-ultimas-noticias"],"_links":{"self":[{"href":"https:\/\/archive.sana.sy\/es\/index.php?rest_route=\/wp\/v2\/posts\/117749"}],"collection":[{"href":"https:\/\/archive.sana.sy\/es\/index.php?rest_route=\/wp\/v2\/posts"}],"about":[{"href":"https:\/\/archive.sana.sy\/es\/index.php?rest_route=\/wp\/v2\/types\/post"}],"author":[{"embeddable":true,"href":"https:\/\/archive.sana.sy\/es\/index.php?rest_route=\/wp\/v2\/users\/34"}],"replies":[{"embeddable":true,"href":"https:\/\/archive.sana.sy\/es\/index.php?rest_route=%2Fwp%2Fv2%2Fcomments&post=117749"}],"version-history":[{"count":0,"href":"https:\/\/archive.sana.sy\/es\/index.php?rest_route=\/wp\/v2\/posts\/117749\/revisions"}],"wp:featuredmedia":[{"embeddable":true,"href":"https:\/\/archive.sana.sy\/es\/index.php?rest_route=\/wp\/v2\/media\/117753"}],"wp:attachment":[{"href":"https:\/\/archive.sana.sy\/es\/index.php?rest_route=%2Fwp%2Fv2%2Fmedia&parent=117749"}],"wp:term":[{"taxonomy":"category","embeddable":true,"href":"https:\/\/archive.sana.sy\/es\/index.php?rest_route=%2Fwp%2Fv2%2Fcategories&post=117749"},{"taxonomy":"post_tag","embeddable":true,"href":"https:\/\/archive.sana.sy\/es\/index.php?rest_route=%2Fwp%2Fv2%2Ftags&post=117749"}],"curies":[{"name":"wp","href":"https:\/\/api.w.org\/{rel}","templated":true}]}}