{"id":117758,"date":"2019-10-20T22:31:47","date_gmt":"2019-10-20T19:31:47","guid":{"rendered":"https:\/\/sana.sy\/es\/?p=117758"},"modified":"2019-10-21T07:04:05","modified_gmt":"2019-10-21T04:04:05","slug":"ee-uu-traslada-cientos-de-terroristas-a-irak","status":"publish","type":"post","link":"https:\/\/archive.sana.sy\/es\/?p=117758","title":{"rendered":"Fuerzas de ocupaci\u00f3n de EE.UU. trasladan a cientos de terroristas a Iraq"},"content":{"rendered":"<p style=\"text-align: justify;\"><span style=\"color: #800000;\">Hasakeh, SANA<\/span><\/p>\n<p style=\"text-align: justify;\">Las fuerzas de ocupaciones de Estados Unidos est\u00e1n trasladando a cientos de terroristas de la organizaci\u00f3n terrorista Daesh a Iraq.<\/p>\n<p style=\"text-align: justify;\">Los terroristas, que fueron detenidos anteriormente y encarcelados en la regi\u00f3n de Al-Jazeera por las fuerzas de EE.UU., est\u00e1n siendo agrupados en sus bases establecidos ilegalmente en territorio sirio para luego trasladarlos a Iraq.<\/p>\n<p style=\"text-align: justify;\">Fuentes locales y medios de prensa informaron que las fuerzas de ocupaci\u00f3n estadounidenses trasladaron a decenas de terroristas del Daesh del campamento al-Hol, establecido en el sur de la ciudad de Hasakeh.<\/p>\n<p style=\"text-align: justify;\">\u201cHelic\u00f3pteros estadounidenses sobrevolaron intensamente el campamento\u201d, agregaron las fuentes.<\/p>\n<p style=\"text-align: justify;\">Detallaron que el traslado del nuevo lote de terroristas tuvo lugar 24 horas despu\u00e9s de que EE.UU. haya trasladado a 230 extremistas extranjeros de la prisi\u00f3n de Malikieh a la prisi\u00f3n de Shadadi\u201d.<\/p>\n<p style=\"text-align: justify;\"><strong><span style=\"color: #0000ff;\">Y.K\/F.M<\/span><\/strong><\/p>\n","protected":false},"excerpt":{"rendered":"<p>Hasakeh, SANA Las fuerzas de ocupaciones de Estados Unidos est\u00e1n trasladando a cientos de terroristas de la organizaci\u00f3n terrorista Daesh a Iraq. Los terroristas, que fueron detenidos anteriormente y encarcelados en la regi\u00f3n de Al-Jazeera por las fuerzas de EE.UU., est\u00e1n siendo agrupados en sus bases establecidos ilegalmente en territorio sirio para luego trasladarlos a &hellip;<\/p>\n","protected":false},"author":1,"featured_media":117759,"comment_status":"closed","ping_status":"closed","sticky":false,"template":"","format":"standard","meta":{"footnotes":""},"categories":[573,7541],"tags":[],"class_list":["post-117758","post","type-post","status-publish","format-standard","has-post-thumbnail","","category-la-realidad-de-los-acontecimientos-en-siria","category-ultimas-noticias"],"_links":{"self":[{"href":"https:\/\/archive.sana.sy\/es\/index.php?rest_route=\/wp\/v2\/posts\/117758"}],"collection":[{"href":"https:\/\/archive.sana.sy\/es\/index.php?rest_route=\/wp\/v2\/posts"}],"about":[{"href":"https:\/\/archive.sana.sy\/es\/index.php?rest_route=\/wp\/v2\/types\/post"}],"author":[{"embeddable":true,"href":"https:\/\/archive.sana.sy\/es\/index.php?rest_route=\/wp\/v2\/users\/1"}],"replies":[{"embeddable":true,"href":"https:\/\/archive.sana.sy\/es\/index.php?rest_route=%2Fwp%2Fv2%2Fcomments&post=117758"}],"version-history":[{"count":0,"href":"https:\/\/archive.sana.sy\/es\/index.php?rest_route=\/wp\/v2\/posts\/117758\/revisions"}],"wp:featuredmedia":[{"embeddable":true,"href":"https:\/\/archive.sana.sy\/es\/index.php?rest_route=\/wp\/v2\/media\/117759"}],"wp:attachment":[{"href":"https:\/\/archive.sana.sy\/es\/index.php?rest_route=%2Fwp%2Fv2%2Fmedia&parent=117758"}],"wp:term":[{"taxonomy":"category","embeddable":true,"href":"https:\/\/archive.sana.sy\/es\/index.php?rest_route=%2Fwp%2Fv2%2Fcategories&post=117758"},{"taxonomy":"post_tag","embeddable":true,"href":"https:\/\/archive.sana.sy\/es\/index.php?rest_route=%2Fwp%2Fv2%2Ftags&post=117758"}],"curies":[{"name":"wp","href":"https:\/\/api.w.org\/{rel}","templated":true}]}}