{"id":117819,"date":"2019-10-21T17:09:33","date_gmt":"2019-10-21T14:09:33","guid":{"rendered":"https:\/\/sana.sy\/es\/?p=117819"},"modified":"2019-10-21T17:09:33","modified_gmt":"2019-10-21T14:09:33","slug":"lluvia-en-damasco-y-las-demas-provincias-del-pais-fotos","status":"publish","type":"post","link":"https:\/\/archive.sana.sy\/es\/?p=117819","title":{"rendered":"Lluvia en Damasco y las dem\u00e1s provincias del pa\u00eds. (Fotos)"},"content":{"rendered":"<p class=\"yiv6397102769ydpfa1755beyiv8915934980ydp2b718523yiv1663982744ydpafd1bbyiv3872787821ydp43b730amsonormal\" style=\"background: white;\"><strong><span style=\"font-size: 13pt; font-family: Arial, sans-serif; color: #800000;\">Provincias, SANA<\/span><\/strong><\/p>\n<p class=\"yiv6397102769ydpfa1755beyiv8915934980ydp2b718523yiv1663982744ydpafd1bbyiv3872787821ydp43b730amsonormal\" style=\"background: white;\"><span style=\"font-size: 13.0pt; font-family: 'Arial','sans-serif'; color: #1d2228;\">Lluvias cayeron hoy en la ciudad de Damasco y las dem\u00e1s provincias del pa\u00eds.<\/span><\/p>\n<p class=\"yiv6397102769ydpfa1755beyiv8915934980ydp2b718523yiv1663982744ydpafd1bbyiv3872787821ydp43b730amsonormal\" style=\"background: white;\"><span style=\"font-size: 13.0pt; font-family: 'Arial','sans-serif'; color: #1d2228;\">Las lluvias con algunas descargas el\u00e9ctricas, avizoran el declive de la fase oto\u00f1al y la pronta llegada del invierno.<\/span><\/p>\n<p class=\"yiv6397102769ydpfa1755beyiv8915934980ydp2b718523yiv1663982744ydpafd1bbyiv3872787821ydp43b730amsonormal\" style=\"background: white;\"><span style=\"font-size: 13.0pt; font-family: 'Arial','sans-serif'; color: #1d2228;\">Les dejamos con estas im\u00e1genes de SANA.<\/span><\/p>\n<div id='gallery-1' class='gallery galleryid-117819 gallery-columns-1 gallery-size-full'><figure class='gallery-item'>\n\t\t\t<div class='gallery-icon landscape'>\n\t\t\t\t<a href='https:\/\/archive.sana.sy\/es\/wp-content\/uploads\/2019\/10\/WAS3189.jpg'><img loading=\"lazy\" decoding=\"async\" width=\"3543\" height=\"2311\" src=\"https:\/\/archive.sana.sy\/es\/wp-content\/uploads\/2019\/10\/WAS3189.jpg\" class=\"attachment-full size-full\" alt=\"\" srcset=\"https:\/\/archive.sana.sy\/es\/wp-content\/uploads\/2019\/10\/WAS3189.jpg 3543w, https:\/\/archive.sana.sy\/es\/wp-content\/uploads\/2019\/10\/WAS3189-150x98.jpg 150w, https:\/\/archive.sana.sy\/es\/wp-content\/uploads\/2019\/10\/WAS3189-300x196.jpg 300w, https:\/\/archive.sana.sy\/es\/wp-content\/uploads\/2019\/10\/WAS3189-768x501.jpg 768w, https:\/\/archive.sana.sy\/es\/wp-content\/uploads\/2019\/10\/WAS3189-1024x668.jpg 1024w\" sizes=\"(max-width: 3543px) 100vw, 3543px\" \/><\/a>\n\t\t\t<\/div><\/figure><figure class='gallery-item'>\n\t\t\t<div class='gallery-icon landscape'>\n\t\t\t\t<a href='https:\/\/archive.sana.sy\/es\/wp-content\/uploads\/2019\/10\/WAS3119.jpg'><img loading=\"lazy\" decoding=\"async\" width=\"3543\" height=\"2325\" src=\"https:\/\/archive.sana.sy\/es\/wp-content\/uploads\/2019\/10\/WAS3119.jpg\" class=\"attachment-full size-full\" alt=\"\" srcset=\"https:\/\/archive.sana.sy\/es\/wp-content\/uploads\/2019\/10\/WAS3119.jpg 3543w, https:\/\/archive.sana.sy\/es\/wp-content\/uploads\/2019\/10\/WAS3119-150x98.jpg 150w, https:\/\/archive.sana.sy\/es\/wp-content\/uploads\/2019\/10\/WAS3119-300x197.jpg 300w, https:\/\/archive.sana.sy\/es\/wp-content\/uploads\/2019\/10\/WAS3119-768x504.jpg 768w, https:\/\/archive.sana.sy\/es\/wp-content\/uploads\/2019\/10\/WAS3119-1024x672.jpg 1024w\" sizes=\"(max-width: 3543px) 100vw, 3543px\" \/><\/a>\n\t\t\t<\/div><\/figure><figure class='gallery-item'>\n\t\t\t<div class='gallery-icon landscape'>\n\t\t\t\t<a href='https:\/\/archive.sana.sy\/es\/wp-content\/uploads\/2019\/10\/WAS2991.jpg'><img loading=\"lazy\" decoding=\"async\" width=\"3543\" height=\"2370\" src=\"https:\/\/archive.sana.sy\/es\/wp-content\/uploads\/2019\/10\/WAS2991.jpg\" class=\"attachment-full size-full\" alt=\"\" srcset=\"https:\/\/archive.sana.sy\/es\/wp-content\/uploads\/2019\/10\/WAS2991.jpg 3543w, https:\/\/archive.sana.sy\/es\/wp-content\/uploads\/2019\/10\/WAS2991-150x100.jpg 150w, https:\/\/archive.sana.sy\/es\/wp-content\/uploads\/2019\/10\/WAS2991-300x201.jpg 300w, https:\/\/archive.sana.sy\/es\/wp-content\/uploads\/2019\/10\/WAS2991-768x514.jpg 768w, https:\/\/archive.sana.sy\/es\/wp-content\/uploads\/2019\/10\/WAS2991-1024x685.jpg 1024w, https:\/\/archive.sana.sy\/es\/wp-content\/uploads\/2019\/10\/WAS2991-110x75.jpg 110w\" sizes=\"(max-width: 3543px) 100vw, 3543px\" \/><\/a>\n\t\t\t<\/div><\/figure><figure class='gallery-item'>\n\t\t\t<div class='gallery-icon landscape'>\n\t\t\t\t<a href='https:\/\/archive.sana.sy\/es\/wp-content\/uploads\/2019\/10\/WAS3009.jpg'><img loading=\"lazy\" decoding=\"async\" width=\"3543\" height=\"2362\" src=\"https:\/\/archive.sana.sy\/es\/wp-content\/uploads\/2019\/10\/WAS3009.jpg\" class=\"attachment-full size-full\" alt=\"\" srcset=\"https:\/\/archive.sana.sy\/es\/wp-content\/uploads\/2019\/10\/WAS3009.jpg 3543w, https:\/\/archive.sana.sy\/es\/wp-content\/uploads\/2019\/10\/WAS3009-150x100.jpg 150w, https:\/\/archive.sana.sy\/es\/wp-content\/uploads\/2019\/10\/WAS3009-300x200.jpg 300w, https:\/\/archive.sana.sy\/es\/wp-content\/uploads\/2019\/10\/WAS3009-768x512.jpg 768w, https:\/\/archive.sana.sy\/es\/wp-content\/uploads\/2019\/10\/WAS3009-1024x683.jpg 1024w\" sizes=\"(max-width: 3543px) 100vw, 3543px\" \/><\/a>\n\t\t\t<\/div><\/figure><figure class='gallery-item'>\n\t\t\t<div class='gallery-icon landscape'>\n\t\t\t\t<a href='https:\/\/archive.sana.sy\/es\/wp-content\/uploads\/2019\/10\/WAS3012.jpg'><img loading=\"lazy\" decoding=\"async\" width=\"3543\" height=\"2209\" src=\"https:\/\/archive.sana.sy\/es\/wp-content\/uploads\/2019\/10\/WAS3012.jpg\" class=\"attachment-full size-full\" alt=\"\" srcset=\"https:\/\/archive.sana.sy\/es\/wp-content\/uploads\/2019\/10\/WAS3012.jpg 3543w, https:\/\/archive.sana.sy\/es\/wp-content\/uploads\/2019\/10\/WAS3012-150x94.jpg 150w, https:\/\/archive.sana.sy\/es\/wp-content\/uploads\/2019\/10\/WAS3012-300x187.jpg 300w, https:\/\/archive.sana.sy\/es\/wp-content\/uploads\/2019\/10\/WAS3012-768x479.jpg 768w, https:\/\/archive.sana.sy\/es\/wp-content\/uploads\/2019\/10\/WAS3012-1024x638.jpg 1024w\" sizes=\"(max-width: 3543px) 100vw, 3543px\" \/><\/a>\n\t\t\t<\/div><\/figure><figure class='gallery-item'>\n\t\t\t<div class='gallery-icon landscape'>\n\t\t\t\t<a href='https:\/\/archive.sana.sy\/es\/wp-content\/uploads\/2019\/10\/WAS3020.jpg'><img loading=\"lazy\" decoding=\"async\" width=\"3543\" height=\"2284\" src=\"https:\/\/archive.sana.sy\/es\/wp-content\/uploads\/2019\/10\/WAS3020.jpg\" class=\"attachment-full size-full\" alt=\"\" srcset=\"https:\/\/archive.sana.sy\/es\/wp-content\/uploads\/2019\/10\/WAS3020.jpg 3543w, https:\/\/archive.sana.sy\/es\/wp-content\/uploads\/2019\/10\/WAS3020-150x97.jpg 150w, https:\/\/archive.sana.sy\/es\/wp-content\/uploads\/2019\/10\/WAS3020-300x193.jpg 300w, https:\/\/archive.sana.sy\/es\/wp-content\/uploads\/2019\/10\/WAS3020-768x495.jpg 768w, https:\/\/archive.sana.sy\/es\/wp-content\/uploads\/2019\/10\/WAS3020-1024x660.jpg 1024w\" sizes=\"(max-width: 3543px) 100vw, 3543px\" \/><\/a>\n\t\t\t<\/div><\/figure><figure class='gallery-item'>\n\t\t\t<div class='gallery-icon landscape'>\n\t\t\t\t<a href='https:\/\/archive.sana.sy\/es\/wp-content\/uploads\/2019\/10\/WAS3066.jpg'><img loading=\"lazy\" decoding=\"async\" width=\"3543\" height=\"2362\" src=\"https:\/\/archive.sana.sy\/es\/wp-content\/uploads\/2019\/10\/WAS3066.jpg\" class=\"attachment-full size-full\" alt=\"\" srcset=\"https:\/\/archive.sana.sy\/es\/wp-content\/uploads\/2019\/10\/WAS3066.jpg 3543w, https:\/\/archive.sana.sy\/es\/wp-content\/uploads\/2019\/10\/WAS3066-150x100.jpg 150w, https:\/\/archive.sana.sy\/es\/wp-content\/uploads\/2019\/10\/WAS3066-300x200.jpg 300w, https:\/\/archive.sana.sy\/es\/wp-content\/uploads\/2019\/10\/WAS3066-768x512.jpg 768w, https:\/\/archive.sana.sy\/es\/wp-content\/uploads\/2019\/10\/WAS3066-1024x683.jpg 1024w\" sizes=\"(max-width: 3543px) 100vw, 3543px\" \/><\/a>\n\t\t\t<\/div><\/figure><figure class='gallery-item'>\n\t\t\t<div class='gallery-icon landscape'>\n\t\t\t\t<a href='https:\/\/archive.sana.sy\/es\/wp-content\/uploads\/2019\/10\/WAS3000.jpg'><img loading=\"lazy\" decoding=\"async\" width=\"3543\" height=\"2337\" src=\"https:\/\/archive.sana.sy\/es\/wp-content\/uploads\/2019\/10\/WAS3000.jpg\" class=\"attachment-full size-full\" alt=\"\" srcset=\"https:\/\/archive.sana.sy\/es\/wp-content\/uploads\/2019\/10\/WAS3000.jpg 3543w, https:\/\/archive.sana.sy\/es\/wp-content\/uploads\/2019\/10\/WAS3000-150x99.jpg 150w, https:\/\/archive.sana.sy\/es\/wp-content\/uploads\/2019\/10\/WAS3000-300x198.jpg 300w, https:\/\/archive.sana.sy\/es\/wp-content\/uploads\/2019\/10\/WAS3000-768x507.jpg 768w, https:\/\/archive.sana.sy\/es\/wp-content\/uploads\/2019\/10\/WAS3000-1024x675.jpg 1024w, https:\/\/archive.sana.sy\/es\/wp-content\/uploads\/2019\/10\/WAS3000-310x205.jpg 310w\" sizes=\"(max-width: 3543px) 100vw, 3543px\" \/><\/a>\n\t\t\t<\/div><\/figure><figure class='gallery-item'>\n\t\t\t<div class='gallery-icon landscape'>\n\t\t\t\t<a href='https:\/\/archive.sana.sy\/es\/wp-content\/uploads\/2019\/10\/WAS3208.jpg'><img loading=\"lazy\" decoding=\"async\" width=\"3543\" height=\"2362\" src=\"https:\/\/archive.sana.sy\/es\/wp-content\/uploads\/2019\/10\/WAS3208.jpg\" class=\"attachment-full size-full\" alt=\"\" srcset=\"https:\/\/archive.sana.sy\/es\/wp-content\/uploads\/2019\/10\/WAS3208.jpg 3543w, https:\/\/archive.sana.sy\/es\/wp-content\/uploads\/2019\/10\/WAS3208-150x100.jpg 150w, https:\/\/archive.sana.sy\/es\/wp-content\/uploads\/2019\/10\/WAS3208-300x200.jpg 300w, https:\/\/archive.sana.sy\/es\/wp-content\/uploads\/2019\/10\/WAS3208-768x512.jpg 768w, https:\/\/archive.sana.sy\/es\/wp-content\/uploads\/2019\/10\/WAS3208-1024x683.jpg 1024w\" sizes=\"(max-width: 3543px) 100vw, 3543px\" \/><\/a>\n\t\t\t<\/div><\/figure>\n\t\t<\/div>\n\n<p><span style=\"color: #0000ff;\"><strong>F.M<\/strong><\/span><\/p>\n<p>&nbsp;<\/p>\n","protected":false},"excerpt":{"rendered":"<p>Provincias, SANA Lluvias cayeron hoy en la ciudad de Damasco y las dem\u00e1s provincias del pa\u00eds. Las lluvias con algunas descargas el\u00e9ctricas, avizoran el declive de la fase oto\u00f1al y la pronta llegada del invierno. Les dejamos con estas im\u00e1genes de SANA. F.M &nbsp;<\/p>\n","protected":false},"author":34,"featured_media":117820,"comment_status":"closed","ping_status":"closed","sticky":false,"template":"","format":"standard","meta":{"footnotes":""},"categories":[597,476,7541],"tags":[16858],"class_list":["post-117819","post","type-post","status-publish","format-standard","has-post-thumbnail","","category-cinta-de-noticias","category-locales","category-ultimas-noticias","tag-lluvia-en-damasco-y-las-demas-provincias-del-pais-fotos"],"_links":{"self":[{"href":"https:\/\/archive.sana.sy\/es\/index.php?rest_route=\/wp\/v2\/posts\/117819"}],"collection":[{"href":"https:\/\/archive.sana.sy\/es\/index.php?rest_route=\/wp\/v2\/posts"}],"about":[{"href":"https:\/\/archive.sana.sy\/es\/index.php?rest_route=\/wp\/v2\/types\/post"}],"author":[{"embeddable":true,"href":"https:\/\/archive.sana.sy\/es\/index.php?rest_route=\/wp\/v2\/users\/34"}],"replies":[{"embeddable":true,"href":"https:\/\/archive.sana.sy\/es\/index.php?rest_route=%2Fwp%2Fv2%2Fcomments&post=117819"}],"version-history":[{"count":0,"href":"https:\/\/archive.sana.sy\/es\/index.php?rest_route=\/wp\/v2\/posts\/117819\/revisions"}],"wp:featuredmedia":[{"embeddable":true,"href":"https:\/\/archive.sana.sy\/es\/index.php?rest_route=\/wp\/v2\/media\/117820"}],"wp:attachment":[{"href":"https:\/\/archive.sana.sy\/es\/index.php?rest_route=%2Fwp%2Fv2%2Fmedia&parent=117819"}],"wp:term":[{"taxonomy":"category","embeddable":true,"href":"https:\/\/archive.sana.sy\/es\/index.php?rest_route=%2Fwp%2Fv2%2Fcategories&post=117819"},{"taxonomy":"post_tag","embeddable":true,"href":"https:\/\/archive.sana.sy\/es\/index.php?rest_route=%2Fwp%2Fv2%2Ftags&post=117819"}],"curies":[{"name":"wp","href":"https:\/\/api.w.org\/{rel}","templated":true}]}}