{"id":117832,"date":"2019-10-21T21:01:41","date_gmt":"2019-10-21T18:01:41","guid":{"rendered":"https:\/\/sana.sy\/es\/?p=117832"},"modified":"2019-10-21T21:51:12","modified_gmt":"2019-10-21T18:51:12","slug":"chipre-denuncia-agresion-turca-contra-siria","status":"publish","type":"post","link":"https:\/\/archive.sana.sy\/es\/?p=117832","title":{"rendered":"Chipre denuncia agresi\u00f3n turca contra Siria"},"content":{"rendered":"<p>Nicosia-SANA<\/p>\n<p>El presidente de Chipre Nikos Anastasiadis conden\u00f3 la agresi\u00f3n turca contra el territorio de Siria.<\/p>\n<p>El presidente Anastasiadis dijo en declaraciones que \u00a8la agresi\u00f3n de Turqu\u00eda es otro acto desp\u00f3tico inaceptable, cuyo objetivo es servir a los intereses de Turqu\u00eda y constituye una acci\u00f3n ilegal.<\/p>\n<p>Mientras que el canciller chipriota Nicos Christodoulides llam\u00f3 a un cese inmediato de la agresi\u00f3n turca y reiter\u00f3 la postura de su pa\u00eds que llama a encontrar una soluci\u00f3n pol\u00edtica a la crisis de Siria.<\/p>\n<p>Y.K.<\/p>\n","protected":false},"excerpt":{"rendered":"<p>Nicosia-SANA El presidente de Chipre Nikos Anastasiadis conden\u00f3 la agresi\u00f3n turca contra el territorio de Siria. El presidente Anastasiadis dijo en declaraciones que \u00a8la agresi\u00f3n de Turqu\u00eda es otro acto desp\u00f3tico inaceptable, cuyo objetivo es servir a los intereses de Turqu\u00eda y constituye una acci\u00f3n ilegal. Mientras que el canciller chipriota Nicos Christodoulides llam\u00f3 a &hellip;<\/p>\n","protected":false},"author":1,"featured_media":117833,"comment_status":"closed","ping_status":"closed","sticky":false,"template":"","format":"standard","meta":{"footnotes":""},"categories":[597,456,7541],"tags":[],"class_list":["post-117832","post","type-post","status-publish","format-standard","has-post-thumbnail","","category-cinta-de-noticias","category-arabe-internacional-politica","category-ultimas-noticias"],"_links":{"self":[{"href":"https:\/\/archive.sana.sy\/es\/index.php?rest_route=\/wp\/v2\/posts\/117832"}],"collection":[{"href":"https:\/\/archive.sana.sy\/es\/index.php?rest_route=\/wp\/v2\/posts"}],"about":[{"href":"https:\/\/archive.sana.sy\/es\/index.php?rest_route=\/wp\/v2\/types\/post"}],"author":[{"embeddable":true,"href":"https:\/\/archive.sana.sy\/es\/index.php?rest_route=\/wp\/v2\/users\/1"}],"replies":[{"embeddable":true,"href":"https:\/\/archive.sana.sy\/es\/index.php?rest_route=%2Fwp%2Fv2%2Fcomments&post=117832"}],"version-history":[{"count":0,"href":"https:\/\/archive.sana.sy\/es\/index.php?rest_route=\/wp\/v2\/posts\/117832\/revisions"}],"wp:featuredmedia":[{"embeddable":true,"href":"https:\/\/archive.sana.sy\/es\/index.php?rest_route=\/wp\/v2\/media\/117833"}],"wp:attachment":[{"href":"https:\/\/archive.sana.sy\/es\/index.php?rest_route=%2Fwp%2Fv2%2Fmedia&parent=117832"}],"wp:term":[{"taxonomy":"category","embeddable":true,"href":"https:\/\/archive.sana.sy\/es\/index.php?rest_route=%2Fwp%2Fv2%2Fcategories&post=117832"},{"taxonomy":"post_tag","embeddable":true,"href":"https:\/\/archive.sana.sy\/es\/index.php?rest_route=%2Fwp%2Fv2%2Ftags&post=117832"}],"curies":[{"name":"wp","href":"https:\/\/api.w.org\/{rel}","templated":true}]}}