{"id":117838,"date":"2019-10-21T21:56:42","date_gmt":"2019-10-21T18:56:42","guid":{"rendered":"https:\/\/sana.sy\/es\/?p=117838"},"modified":"2023-01-12T14:45:01","modified_gmt":"2023-01-12T12:45:01","slug":"the-times-fuerzas-turcas-usaron-armas-prohibidas-en-siria","status":"publish","type":"post","link":"https:\/\/archive.sana.sy\/es\/?p=117838","title":{"rendered":"THE TIMES: Fuerzas turcas usaron armas prohibidas en Siria"},"content":{"rendered":"<p>Londres-SANA<\/p>\n<p>El peri\u00f3dico brit\u00e1nico \u00a8THE TIMES\u00a8, ha revelado que existen evidencias sobre el uso de f\u00f3sforo blanco, (prohibido internacionalmente), por parte de las fuerzas del r\u00e9gimen turco durante su agresi\u00f3n contra el territorio de Siria.<\/p>\n<p>En una investigaci\u00f3n bajo el t\u00edtulo \u00a8Aumenta la evidencia sobre el uso de Turqu\u00eda del f\u00f3sforo blanco en Siria\u00a8, el peri\u00f3dico brit\u00e1nico observ\u00f3 en su investigaci\u00f3n el sufrimiento de las v\u00edctimas de los atraques con armas prohibidas internacionalmente utilizadas por el r\u00e9gimen turco en Siria.<\/p>\n<p>Not\u00f3 que las lesiones y las quemaduras sufridas por los civiles como consecuencia de la agresi\u00f3n, surgieron que fueron causadas por algo mucho peor que las explosiones por s\u00ed. \u00a8Este hecho representa la mejor evidencia de que el r\u00e9gimen turco, un miembro de la OTAN, utiliz\u00f3 el f\u00f3sforo blanco contra los civiles sirios en su ofensiva\u00a8, indic\u00f3.<\/p>\n<p>El peri\u00f3dico cit\u00f3 a un m\u00e9dico que atendi\u00f3 a los heridos diciendo: \u00a8las quemaduras son profundas y su aspecto y olor coinciden con aquellas heridas que causan las sustancias qu\u00edmicas incendiarias\u00a8.<\/p>\n<p>Y.K.<\/p>\n","protected":false},"excerpt":{"rendered":"<p>Londres-SANA El peri\u00f3dico brit\u00e1nico \u00a8THE TIMES\u00a8, ha revelado que existen evidencias sobre el uso de f\u00f3sforo blanco, (prohibido internacionalmente), por parte de las fuerzas del r\u00e9gimen turco durante su agresi\u00f3n contra el territorio de Siria. En una investigaci\u00f3n bajo el t\u00edtulo \u00a8Aumenta la evidencia sobre el uso de Turqu\u00eda del f\u00f3sforo blanco en Siria\u00a8, el &hellip;<\/p>\n","protected":false},"author":1,"featured_media":117839,"comment_status":"closed","ping_status":"closed","sticky":false,"template":"","format":"standard","meta":{"footnotes":""},"categories":[456,7541],"tags":[],"class_list":["post-117838","post","type-post","status-publish","format-standard","has-post-thumbnail","","category-arabe-internacional-politica","category-ultimas-noticias"],"_links":{"self":[{"href":"https:\/\/archive.sana.sy\/es\/index.php?rest_route=\/wp\/v2\/posts\/117838"}],"collection":[{"href":"https:\/\/archive.sana.sy\/es\/index.php?rest_route=\/wp\/v2\/posts"}],"about":[{"href":"https:\/\/archive.sana.sy\/es\/index.php?rest_route=\/wp\/v2\/types\/post"}],"author":[{"embeddable":true,"href":"https:\/\/archive.sana.sy\/es\/index.php?rest_route=\/wp\/v2\/users\/1"}],"replies":[{"embeddable":true,"href":"https:\/\/archive.sana.sy\/es\/index.php?rest_route=%2Fwp%2Fv2%2Fcomments&post=117838"}],"version-history":[{"count":0,"href":"https:\/\/archive.sana.sy\/es\/index.php?rest_route=\/wp\/v2\/posts\/117838\/revisions"}],"wp:featuredmedia":[{"embeddable":true,"href":"https:\/\/archive.sana.sy\/es\/index.php?rest_route=\/wp\/v2\/media\/117839"}],"wp:attachment":[{"href":"https:\/\/archive.sana.sy\/es\/index.php?rest_route=%2Fwp%2Fv2%2Fmedia&parent=117838"}],"wp:term":[{"taxonomy":"category","embeddable":true,"href":"https:\/\/archive.sana.sy\/es\/index.php?rest_route=%2Fwp%2Fv2%2Fcategories&post=117838"},{"taxonomy":"post_tag","embeddable":true,"href":"https:\/\/archive.sana.sy\/es\/index.php?rest_route=%2Fwp%2Fv2%2Ftags&post=117838"}],"curies":[{"name":"wp","href":"https:\/\/api.w.org\/{rel}","templated":true}]}}