{"id":117876,"date":"2019-10-22T19:19:57","date_gmt":"2019-10-22T16:19:57","guid":{"rendered":"https:\/\/sana.sy\/es\/?p=117876"},"modified":"2019-10-23T09:37:40","modified_gmt":"2019-10-23T06:37:40","slug":"ejercito-se-despliega-en-seis-nuevos-poblados-en-la-carretera-internacional-entre-hasakeh-y-alepo","status":"publish","type":"post","link":"https:\/\/archive.sana.sy\/es\/?p=117876","title":{"rendered":"Ej\u00e9rcito se despliega en 11 nuevos poblados en la carretera internacional entre Hasakeh y Alepo"},"content":{"rendered":"<p style=\"text-align: justify;\"><span lang=\"ES-TRAD\" style=\"color: #800000;\">Hasakeh, SANA<\/span><\/p>\n<p style=\"text-align: justify;\">El Ej\u00e9rcito sirio ha ampliado su despliegue, y entrado en nuevos pueblos en el eje de la carretera internacional Hasakeh-Alepo llegando a la frontera administrativa de la provincia de Raqa. En paralelo, otras unidades castrenses se han movido para completar su despliegue en el campo de la provincia septentrional de Hasakeh.<\/p>\n<p style=\"text-align: justify;\">En este contexto, el corresponsal de SANA inform\u00f3 que \u201cunidades militares se desplegaron en los poblados de Kozaliyeh, Shwesh, Nawflieh, Mahel, Badran, Hezam y Kahfet Marati, al-Dbeb, al-Alkana, Um Allaban y al-Wasta en el campo noroeste de la provincia de Hasakeh&#8221;.<\/p>\n<p style=\"text-align: justify;\">Precis\u00f3 que la operaci\u00f3n de despliegue ha superado los 60 kil\u00f3metros a lo largo del eje de la carretera internacional Hasakeh-Alepo al oeste de Tal Temer hasta llegar a la frontera administrativa de la provincia de Raqa.<\/p>\n<p style=\"text-align: justify;\">Uno de los combatientes sirios declar\u00f3 a SANA que las unidades del Ej\u00e9rcito partieron de la localidad de Tal Temer a lo largo de la carretera internacional Hasakeh-Alepo, y seguir\u00e1n avanzado hasta encontrarse con las otras unidades que han salido de la provincia de Raqa.<\/p>\n<p style=\"text-align: justify;\">Asegur\u00f3 que el Ej\u00e9rcito trabaja para garantizar la seguridad de esta carretera internacional y hacer frente a la agresi\u00f3n turca para proteger a los civiles.<\/p>\n<p style=\"text-align: justify;\">Agreg\u00f3 que el despliegue del ej\u00e9rcito en esas zonas fue acogido con j\u00fabilo por los pobladores que esperaban a su ej\u00e9rcito nacional para protegerlos del agresor turco.<\/p>\n<div id='gallery-1' class='gallery galleryid-117876 gallery-columns-3 gallery-size-thumbnail'><figure class='gallery-item'>\n\t\t\t<div class='gallery-icon landscape'>\n\t\t\t\t<a href='https:\/\/archive.sana.sy\/es\/wp-content\/uploads\/2019\/10\/15-67.jpg'><img loading=\"lazy\" decoding=\"async\" width=\"150\" height=\"88\" src=\"https:\/\/archive.sana.sy\/es\/wp-content\/uploads\/2019\/10\/15-67-150x88.jpg\" class=\"attachment-thumbnail size-thumbnail\" alt=\"\" srcset=\"https:\/\/archive.sana.sy\/es\/wp-content\/uploads\/2019\/10\/15-67-150x88.jpg 150w, https:\/\/archive.sana.sy\/es\/wp-content\/uploads\/2019\/10\/15-67-300x176.jpg 300w, https:\/\/archive.sana.sy\/es\/wp-content\/uploads\/2019\/10\/15-67.jpg 660w\" sizes=\"(max-width: 150px) 100vw, 150px\" \/><\/a>\n\t\t\t<\/div><\/figure><figure class='gallery-item'>\n\t\t\t<div class='gallery-icon landscape'>\n\t\t\t\t<a href='https:\/\/archive.sana.sy\/es\/wp-content\/uploads\/2019\/10\/16-41.jpg'><img loading=\"lazy\" decoding=\"async\" width=\"150\" height=\"84\" src=\"https:\/\/archive.sana.sy\/es\/wp-content\/uploads\/2019\/10\/16-41-150x84.jpg\" class=\"attachment-thumbnail size-thumbnail\" alt=\"\" srcset=\"https:\/\/archive.sana.sy\/es\/wp-content\/uploads\/2019\/10\/16-41-150x84.jpg 150w, https:\/\/archive.sana.sy\/es\/wp-content\/uploads\/2019\/10\/16-41-300x169.jpg 300w, https:\/\/archive.sana.sy\/es\/wp-content\/uploads\/2019\/10\/16-41.jpg 660w\" sizes=\"(max-width: 150px) 100vw, 150px\" \/><\/a>\n\t\t\t<\/div><\/figure><figure class='gallery-item'>\n\t\t\t<div class='gallery-icon landscape'>\n\t\t\t\t<a href='https:\/\/archive.sana.sy\/es\/wp-content\/uploads\/2019\/10\/12-85.jpg'><img loading=\"lazy\" decoding=\"async\" width=\"150\" height=\"89\" src=\"https:\/\/archive.sana.sy\/es\/wp-content\/uploads\/2019\/10\/12-85-150x89.jpg\" class=\"attachment-thumbnail size-thumbnail\" alt=\"\" srcset=\"https:\/\/archive.sana.sy\/es\/wp-content\/uploads\/2019\/10\/12-85-150x89.jpg 150w, https:\/\/archive.sana.sy\/es\/wp-content\/uploads\/2019\/10\/12-85-300x178.jpg 300w, https:\/\/archive.sana.sy\/es\/wp-content\/uploads\/2019\/10\/12-85.jpg 660w\" sizes=\"(max-width: 150px) 100vw, 150px\" \/><\/a>\n\t\t\t<\/div><\/figure><figure class='gallery-item'>\n\t\t\t<div class='gallery-icon landscape'>\n\t\t\t\t<a href='https:\/\/archive.sana.sy\/es\/wp-content\/uploads\/2019\/10\/18-29.jpg'><img loading=\"lazy\" decoding=\"async\" width=\"150\" height=\"88\" src=\"https:\/\/archive.sana.sy\/es\/wp-content\/uploads\/2019\/10\/18-29-150x88.jpg\" class=\"attachment-thumbnail size-thumbnail\" alt=\"\" srcset=\"https:\/\/archive.sana.sy\/es\/wp-content\/uploads\/2019\/10\/18-29-150x88.jpg 150w, https:\/\/archive.sana.sy\/es\/wp-content\/uploads\/2019\/10\/18-29-300x176.jpg 300w, https:\/\/archive.sana.sy\/es\/wp-content\/uploads\/2019\/10\/18-29.jpg 660w\" sizes=\"(max-width: 150px) 100vw, 150px\" \/><\/a>\n\t\t\t<\/div><\/figure><figure class='gallery-item'>\n\t\t\t<div class='gallery-icon landscape'>\n\t\t\t\t<a href='https:\/\/archive.sana.sy\/es\/wp-content\/uploads\/2019\/10\/17-31.jpg'><img loading=\"lazy\" decoding=\"async\" width=\"150\" height=\"88\" src=\"https:\/\/archive.sana.sy\/es\/wp-content\/uploads\/2019\/10\/17-31-150x88.jpg\" class=\"attachment-thumbnail size-thumbnail\" alt=\"\" srcset=\"https:\/\/archive.sana.sy\/es\/wp-content\/uploads\/2019\/10\/17-31-150x88.jpg 150w, https:\/\/archive.sana.sy\/es\/wp-content\/uploads\/2019\/10\/17-31-300x176.jpg 300w, https:\/\/archive.sana.sy\/es\/wp-content\/uploads\/2019\/10\/17-31.jpg 660w\" sizes=\"(max-width: 150px) 100vw, 150px\" \/><\/a>\n\t\t\t<\/div><\/figure><figure class='gallery-item'>\n\t\t\t<div class='gallery-icon landscape'>\n\t\t\t\t<a href='https:\/\/archive.sana.sy\/es\/wp-content\/uploads\/2019\/10\/14-58.jpg'><img loading=\"lazy\" decoding=\"async\" width=\"150\" height=\"84\" src=\"https:\/\/archive.sana.sy\/es\/wp-content\/uploads\/2019\/10\/14-58-150x84.jpg\" class=\"attachment-thumbnail size-thumbnail\" alt=\"\" srcset=\"https:\/\/archive.sana.sy\/es\/wp-content\/uploads\/2019\/10\/14-58-150x84.jpg 150w, https:\/\/archive.sana.sy\/es\/wp-content\/uploads\/2019\/10\/14-58-300x169.jpg 300w, https:\/\/archive.sana.sy\/es\/wp-content\/uploads\/2019\/10\/14-58.jpg 660w\" sizes=\"(max-width: 150px) 100vw, 150px\" \/><\/a>\n\t\t\t<\/div><\/figure>\n\t\t<\/div>\n\n<p><span style=\"color: #0000ff;\">Unidades del Ej\u00e9rcito entran en el pueblo de Kozliyeh en el campo noroeste de Hasakeh<\/span><\/p>\n<div id='gallery-2' class='gallery galleryid-117876 gallery-columns-3 gallery-size-thumbnail'><figure class='gallery-item'>\n\t\t\t<div class='gallery-icon landscape'>\n\t\t\t\t<a href='https:\/\/archive.sana.sy\/es\/wp-content\/uploads\/2019\/10\/Kozaliyeh-2.jpg'><img loading=\"lazy\" decoding=\"async\" width=\"150\" height=\"77\" src=\"https:\/\/archive.sana.sy\/es\/wp-content\/uploads\/2019\/10\/Kozaliyeh-2-150x77.jpg\" class=\"attachment-thumbnail size-thumbnail\" alt=\"\" srcset=\"https:\/\/archive.sana.sy\/es\/wp-content\/uploads\/2019\/10\/Kozaliyeh-2-150x77.jpg 150w, https:\/\/archive.sana.sy\/es\/wp-content\/uploads\/2019\/10\/Kozaliyeh-2-300x155.jpg 300w, https:\/\/archive.sana.sy\/es\/wp-content\/uploads\/2019\/10\/Kozaliyeh-2.jpg 660w\" sizes=\"(max-width: 150px) 100vw, 150px\" \/><\/a>\n\t\t\t<\/div><\/figure><figure class='gallery-item'>\n\t\t\t<div class='gallery-icon landscape'>\n\t\t\t\t<a href='https:\/\/archive.sana.sy\/es\/wp-content\/uploads\/2019\/10\/Kozaliyeh-1.jpg'><img loading=\"lazy\" decoding=\"async\" width=\"150\" height=\"77\" src=\"https:\/\/archive.sana.sy\/es\/wp-content\/uploads\/2019\/10\/Kozaliyeh-1-150x77.jpg\" class=\"attachment-thumbnail size-thumbnail\" alt=\"\" srcset=\"https:\/\/archive.sana.sy\/es\/wp-content\/uploads\/2019\/10\/Kozaliyeh-1-150x77.jpg 150w, https:\/\/archive.sana.sy\/es\/wp-content\/uploads\/2019\/10\/Kozaliyeh-1-300x155.jpg 300w, https:\/\/archive.sana.sy\/es\/wp-content\/uploads\/2019\/10\/Kozaliyeh-1.jpg 660w\" sizes=\"(max-width: 150px) 100vw, 150px\" \/><\/a>\n\t\t\t<\/div><\/figure>\n\t\t<\/div>\n\n<p><span style=\"color: #0000ff;\">Ej\u00e9rcito se mueve para completar la operaci\u00f3n de despliegue en el campo norte de Hasakeh<\/span><\/p>\n<p>&nbsp;<\/p>\n<div id='gallery-3' class='gallery galleryid-117876 gallery-columns-3 gallery-size-thumbnail'><figure class='gallery-item'>\n\t\t\t<div class='gallery-icon landscape'>\n\t\t\t\t<a href='https:\/\/archive.sana.sy\/es\/wp-content\/uploads\/2019\/10\/3-8.jpg'><img loading=\"lazy\" decoding=\"async\" width=\"150\" height=\"84\" src=\"https:\/\/archive.sana.sy\/es\/wp-content\/uploads\/2019\/10\/3-8-150x84.jpg\" class=\"attachment-thumbnail size-thumbnail\" alt=\"\" srcset=\"https:\/\/archive.sana.sy\/es\/wp-content\/uploads\/2019\/10\/3-8-150x84.jpg 150w, https:\/\/archive.sana.sy\/es\/wp-content\/uploads\/2019\/10\/3-8-300x168.jpg 300w, https:\/\/archive.sana.sy\/es\/wp-content\/uploads\/2019\/10\/3-8.jpg 660w\" sizes=\"(max-width: 150px) 100vw, 150px\" \/><\/a>\n\t\t\t<\/div><\/figure><figure class='gallery-item'>\n\t\t\t<div class='gallery-icon landscape'>\n\t\t\t\t<a href='https:\/\/archive.sana.sy\/es\/wp-content\/uploads\/2019\/10\/hasaka13.jpg'><img loading=\"lazy\" decoding=\"async\" width=\"150\" height=\"86\" src=\"https:\/\/archive.sana.sy\/es\/wp-content\/uploads\/2019\/10\/hasaka13-150x86.jpg\" class=\"attachment-thumbnail size-thumbnail\" alt=\"\" srcset=\"https:\/\/archive.sana.sy\/es\/wp-content\/uploads\/2019\/10\/hasaka13-150x86.jpg 150w, https:\/\/archive.sana.sy\/es\/wp-content\/uploads\/2019\/10\/hasaka13-300x173.jpg 300w, https:\/\/archive.sana.sy\/es\/wp-content\/uploads\/2019\/10\/hasaka13.jpg 660w\" sizes=\"(max-width: 150px) 100vw, 150px\" \/><\/a>\n\t\t\t<\/div><\/figure><figure class='gallery-item'>\n\t\t\t<div class='gallery-icon landscape'>\n\t\t\t\t<a href='https:\/\/archive.sana.sy\/es\/wp-content\/uploads\/2019\/10\/hasaka14.jpg'><img loading=\"lazy\" decoding=\"async\" width=\"150\" height=\"91\" src=\"https:\/\/archive.sana.sy\/es\/wp-content\/uploads\/2019\/10\/hasaka14-150x91.jpg\" class=\"attachment-thumbnail size-thumbnail\" alt=\"\" srcset=\"https:\/\/archive.sana.sy\/es\/wp-content\/uploads\/2019\/10\/hasaka14-150x91.jpg 150w, https:\/\/archive.sana.sy\/es\/wp-content\/uploads\/2019\/10\/hasaka14-300x181.jpg 300w, https:\/\/archive.sana.sy\/es\/wp-content\/uploads\/2019\/10\/hasaka14.jpg 660w\" sizes=\"(max-width: 150px) 100vw, 150px\" \/><\/a>\n\t\t\t<\/div><\/figure><figure class='gallery-item'>\n\t\t\t<div class='gallery-icon landscape'>\n\t\t\t\t<a href='https:\/\/archive.sana.sy\/es\/wp-content\/uploads\/2019\/10\/hasaka12-1.jpg'><img loading=\"lazy\" decoding=\"async\" width=\"150\" height=\"84\" src=\"https:\/\/archive.sana.sy\/es\/wp-content\/uploads\/2019\/10\/hasaka12-1-150x84.jpg\" class=\"attachment-thumbnail size-thumbnail\" alt=\"\" srcset=\"https:\/\/archive.sana.sy\/es\/wp-content\/uploads\/2019\/10\/hasaka12-1-150x84.jpg 150w, https:\/\/archive.sana.sy\/es\/wp-content\/uploads\/2019\/10\/hasaka12-1-300x169.jpg 300w, https:\/\/archive.sana.sy\/es\/wp-content\/uploads\/2019\/10\/hasaka12-1.jpg 660w\" sizes=\"(max-width: 150px) 100vw, 150px\" \/><\/a>\n\t\t\t<\/div><\/figure>\n\t\t<\/div>\n\n<p>&nbsp;<\/p>\n<p style=\"text-align: justify;\"><span style=\"color: #0000ff;\">F.M\/ E.D\/L.A.<\/span><\/p>\n","protected":false},"excerpt":{"rendered":"<p>Hasakeh, SANA El Ej\u00e9rcito sirio ha ampliado su despliegue, y entrado en nuevos pueblos en el eje de la carretera internacional Hasakeh-Alepo llegando a la frontera administrativa de la provincia de Raqa. En paralelo, otras unidades castrenses se han movido para completar su despliegue en el campo de la provincia septentrional de Hasakeh. En este &hellip;<\/p>\n","protected":false},"author":32,"featured_media":118028,"comment_status":"closed","ping_status":"closed","sticky":false,"template":"","format":"standard","meta":{"footnotes":""},"categories":[597,573,7541],"tags":[16860],"class_list":["post-117876","post","type-post","status-publish","format-standard","has-post-thumbnail","","category-cinta-de-noticias","category-la-realidad-de-los-acontecimientos-en-siria","category-ultimas-noticias","tag-ejercito-se-despliega-en-seis-nuevos-poblados-en-la-carretera-internacional-entre-hasakeh-y-alepo"],"_links":{"self":[{"href":"https:\/\/archive.sana.sy\/es\/index.php?rest_route=\/wp\/v2\/posts\/117876"}],"collection":[{"href":"https:\/\/archive.sana.sy\/es\/index.php?rest_route=\/wp\/v2\/posts"}],"about":[{"href":"https:\/\/archive.sana.sy\/es\/index.php?rest_route=\/wp\/v2\/types\/post"}],"author":[{"embeddable":true,"href":"https:\/\/archive.sana.sy\/es\/index.php?rest_route=\/wp\/v2\/users\/32"}],"replies":[{"embeddable":true,"href":"https:\/\/archive.sana.sy\/es\/index.php?rest_route=%2Fwp%2Fv2%2Fcomments&post=117876"}],"version-history":[{"count":0,"href":"https:\/\/archive.sana.sy\/es\/index.php?rest_route=\/wp\/v2\/posts\/117876\/revisions"}],"wp:featuredmedia":[{"embeddable":true,"href":"https:\/\/archive.sana.sy\/es\/index.php?rest_route=\/wp\/v2\/media\/118028"}],"wp:attachment":[{"href":"https:\/\/archive.sana.sy\/es\/index.php?rest_route=%2Fwp%2Fv2%2Fmedia&parent=117876"}],"wp:term":[{"taxonomy":"category","embeddable":true,"href":"https:\/\/archive.sana.sy\/es\/index.php?rest_route=%2Fwp%2Fv2%2Fcategories&post=117876"},{"taxonomy":"post_tag","embeddable":true,"href":"https:\/\/archive.sana.sy\/es\/index.php?rest_route=%2Fwp%2Fv2%2Ftags&post=117876"}],"curies":[{"name":"wp","href":"https:\/\/api.w.org\/{rel}","templated":true}]}}