{"id":117968,"date":"2019-10-22T14:23:57","date_gmt":"2019-10-22T11:23:57","guid":{"rendered":"https:\/\/sana.sy\/es\/?p=117968"},"modified":"2023-01-10T15:15:38","modified_gmt":"2023-01-10T13:15:38","slug":"siria-inaugura-proyectos-y-organiza-ferias-en-una-senal-de-recuperacion","status":"publish","type":"post","link":"https:\/\/archive.sana.sy\/es\/?p=117968","title":{"rendered":"Siria inaugura proyectos y organiza ferias en una se\u00f1al de recuperaci\u00f3n"},"content":{"rendered":"<p style=\"text-align: justify;\"><span style=\"color: #800000;\">Damasco, SANA<\/span><\/p>\n<p style=\"text-align: justify;\">La semana reci\u00e9n concluida presenci\u00f3 importantes pasos hacia la recuperaci\u00f3n econ\u00f3mica y en otros campos de Siria de la guerra impuesta.<\/p>\n<p style=\"text-align: justify;\">A continuaci\u00f3n, les ofrecemos un resumen de las noticias m\u00e1s importantes al respecto:<\/p>\n<p style=\"text-align: justify;\"><strong><span style=\"color: #0000ff;\">Contribuci\u00f3n de la producci\u00f3n agr\u00edcola en el ingreso nacional asciende al 39 por ciento<\/span><\/strong><\/p>\n<p style=\"text-align: justify;\">El ministro de Agricultura y Reforma Agraria, Ahmed Al-Qadri, anunci\u00f3 ante la Asamblea del Pueblo, que la contribuci\u00f3n de la producci\u00f3n agr\u00edcola en el ingreso nacional aument\u00f3 del 17 al 39 %.<\/p>\n<p style=\"text-align: justify;\">Explic\u00f3 que las medidas llevadas a cabo por su Ministerio en el periodo anterior mejoraron la realidad y rentabilidad del sector agr\u00edcola, y revel\u00f3 que el 60% de todas las exportaciones sirias son productos relacionadas con la agricultura.<\/p>\n<p style=\"text-align: justify;\">En lo relativo al fomento rural, el ministro de Agricultura explic\u00f3 que se est\u00e1 trabajando para facilitar el regreso de los agricultores despu\u00e9s de la liberaci\u00f3n por el ej\u00e9rcito \u00e1rabe sirio a 855 mil hect\u00e1reas de tierras agr\u00edcolas, lo cual contribuy\u00f3 al retorno de 273 mil familias a sus aldeas y comenzaron a ejercer su actividad agr\u00edcola.<\/p>\n<p style=\"text-align: justify;\">Destac\u00f3, adem\u00e1s, que el Ministerio desarroll\u00f3 un programa integral para el desarrollo de la agricultura familiar y se otorgaron 49 mil subvenciones a los agricultores por un valor aproximado de tres mil millones de libras sirias (equivalente a 6 millones de d\u00f3lares).<\/p>\n<p style=\"text-align: justify;\">Por otro lado, el Fondo de Mitigaci\u00f3n de Efectos de la Sequ\u00eda y los Desastres Naturales, ayud\u00f3 a 63 mil agricultores por un valor de 3.8 mil millones de libras (casi 5.9 millones de d\u00f3lares ).<\/p>\n<p style=\"text-align: justify;\"><span style=\"color: #0000ff;\"><strong>Comienza Feria Internacional de Productos de Cuero con participaci\u00f3n de 100 empresas<\/strong><\/span><\/p>\n<p style=\"text-align: justify;\">Con la participaci\u00f3n de 100 empresas de Siria y el mundo, comenz\u00f3 la Feria Internacional de Productos de Cuero, en los salones del recinto ferial de Expo-Damasco.<\/p>\n<p style=\"text-align: justify;\">El evento que durar\u00e1 cuatro d\u00edas, es organizado por la Federaci\u00f3n \u00c1rabe de Industrias del Cuero, la Federaci\u00f3n de C\u00e1maras de Industria de Siria y el Comit\u00e9 de Industrias del Cuero en la C\u00e1mara de Industria de Alepo.<\/p>\n<p style=\"text-align: justify;\">En el mismo, se exhibe una amplia gama de los \u00faltimos productos de cuero, incluidos zapatos, bolsos y ropas para hombres, mujeres y ni\u00f1os.<\/p>\n<p style=\"text-align: justify;\">La feria es una ventana importante para los fabricantes sirios de cuero y calzado ya que participan empresarios de muchos pa\u00edses \u00e1rabes y del mundo.<\/p>\n<p style=\"text-align: justify;\">En una declaraci\u00f3n a los periodistas, el ministro de Industria, Mohammad Maan Zain Al-Abidin, dijo que la feria es un mensaje de desaf\u00edo a las sanciones impuestas a Siria y un mensaje importante de la recuperaci\u00f3n de las industrias sirias.<\/p>\n<p style=\"text-align: justify;\">En una declaraci\u00f3n similar, el Secretario General de la Federaci\u00f3n \u00c1rabe de Industrias del Cuero, Mohamed Kzara, se\u00f1al\u00f3 que el evento sirve como plataforma para que los fabricantes de cuero y calzado comercialicen sus productos en el mercado local y exporten a los mercados \u00e1rabes y extranjeros.<\/p>\n<p style=\"text-align: justify;\"><strong><span style=\"color: #0000ff;\">Empresa de Petr\u00f3leo labora para rehabilitar los pozos de petr\u00f3leo y gas en el desierto<\/span><\/strong><\/p>\n<p style=\"text-align: justify;\">Los t\u00e9cnicos de la Empresa Petrolera de Siria concluyeron las obras rehabilitaci\u00f3n del pozo II en el campo de Ark en el desierto sirio.<\/p>\n<p style=\"text-align: justify;\">El director de los Campos Petroleros de la Regi\u00f3n Central, Suleiman Ghareeb, declar\u00f3 que contin\u00faan las obras de rehabilitaci\u00f3n de los pozos petroleros y de gas en el desierto de Palmira, los cuales sufrieron da\u00f1os y dejaron de producir a consecuencia de los ataques de los terroristas del Daesh.<\/p>\n<p style=\"text-align: justify;\">&#8220;Se est\u00e1 trabajando para abrir nuevos frentes de trabajo en los campos petroleros de Arak, Heil y Sukhnieh en el desierto de Palmira para reponer en servicio a los pozos destruidos por terroristas&#8217;, explic\u00f3 Ghareeb.<\/p>\n<p style=\"text-align: justify;\">Tambi\u00e9n se est\u00e1n perforando numerosos pozos para entregar m\u00e1s petr\u00f3leo y gas a las centrales el\u00e9ctricas, las instalaciones econ\u00f3micas y plantas de fertilizantes y otros&#8221;.<\/p>\n<p style=\"text-align: justify;\">Muy pronto comenzar\u00e1 a producir de nuevo l poso de gas Arak 21 con una capacidad de 300 mil metros c\u00fabicos por d\u00eda, concluy\u00f3.<\/p>\n<p style=\"text-align: justify;\"><strong><span style=\"color: #0000ff;\">Comienzan obras de restauraci\u00f3n de antiguo palacio en provincia de Deraa<\/span><\/strong><\/p>\n<p style=\"text-align: justify;\">El Departamento de Antig\u00fcedades de Deraa comenz\u00f3 las obras de restauraci\u00f3n del palacio Zein Abedyeen en la localidad de Ankhill, en el campo norte de esta provincia sure\u00f1a.<\/p>\n<p style=\"text-align: justify;\">Las obras de restauraci\u00f3n concluir\u00e1n en 200 d\u00edas y el proyecto tiene un costo de 10 millones de libras sirias.<\/p>\n<p style=\"text-align: justify;\">&#8220;La restauraci\u00f3n incluye la instalaci\u00f3n de fachadas, llenar los huecos en los muros, escrutinio de las piedras y nivelar la base&#8221;, declar\u00f3 el jefe del Departamento de Antig\u00fcedades de Deraa, Mohammad Khair Nasrallah.<\/p>\n<p style=\"text-align: justify;\">El sitio del palacio fue objeto de excavaciones ilegales en b\u00fasqueda de tesoros enterrados y antig\u00fcedades durante los a\u00f1os de la guerra terrorista.<\/p>\n<p style=\"text-align: justify;\">Nasrallah explic\u00f3 adem\u00e1s que el palacio es uno de los ejemplos importantes de los edificios rurales cuya estructura se mantuvo intacta.<\/p>\n<p style=\"text-align: justify;\">El palacio Zein Abedyeen se encuentra en la antigua zona de Jaidour ubicada a unos 65 km al noroeste de Deraa y 60 km al sur de Damasco.<\/p>\n<p style=\"text-align: justify;\"><strong><span style=\"color: #0000ff;\">Siria y Om\u00e1n firman acuerdo en materia de restauraci\u00f3n de piezas arqueol\u00f3gicas<\/span><\/strong><\/p>\n<p style=\"text-align: justify;\">Siria y el Sultanato de Om\u00e1n firmaron un acuerdo y un memor\u00e1ndum de entendimiento relacionados con la restauraci\u00f3n de reliquias y piezas arqueol\u00f3gicas sirias.<\/p>\n<p style=\"text-align: justify;\">Los acuerdos que fueron rubricados durante la visita del ministro de Cultura de Siria, Mohamad al-Ahmad, al Sultanato de Om\u00e1n, contemplan los mecanismos de reactivaci\u00f3n de la cooperaci\u00f3n mutua entre la Direcci\u00f3n de Antig\u00fcedades de Siria y el Museo Nacional de Om\u00e1n.<\/p>\n<p style=\"text-align: justify;\">Al respecto, el director de Antig\u00fcedades y Museos, Mahmud Hamud, inform\u00f3 que el acuerdo estipula prestar 75 piezas arqueol\u00f3gicas sirias afectadas por el terrorismo, entre las cuales hay 12 esculturas de Palmira, al Museo Nacional de Om\u00e1n para restaurarlas y luego exhibirlas en el mismo.<\/p>\n<p style=\"text-align: justify;\">Hamud aludi\u00f3 a la participaci\u00f3n del Museo ruso de Hermitage en San Petersburgo en las obras de restauraci\u00f3n de las reliquias sirias, y agreg\u00f3 que las partes sirias y oman\u00edes abordaron tambi\u00e9n la posibilidad de la participaci\u00f3n de Om\u00e1n en la restauraci\u00f3n de algunos edificios hist\u00f3ricos demolidas en el caso antiguo de Alepo, as\u00ed como las v\u00edas de promover la los distintos aspectos de cooperaci\u00f3n cultural entre los dos pa\u00edses.<\/p>\n<p style=\"text-align: justify;\"><strong><span style=\"color: #0000ff;\">Inaugurado el hospital nacional de Shahba en provincia de Sweida<\/span><\/strong><\/p>\n<p style=\"text-align: justify;\">Fue inaugurado el hospital nacional de Shahba en la provincia de Sweida, en el sudeste del pa\u00eds.<\/p>\n<p style=\"text-align: justify;\">El hospital, inaugurado bajo los auspicios del presidente Bashar Al-Assad, prestar\u00e1 servicios m\u00e9dicos a m\u00e1s de 125 mil habitantes de la ciudad de Shahba y los poblados a su alrededor.<\/p>\n<p style=\"text-align: justify;\">El hospital consta de tres pisos y un s\u00f3tano con un \u00e1rea total de 13 mil 700 metros cuadrados e incluye departamentos de emergencia, di\u00e1lisis, cirug\u00eda, cuidados intensivos, radiolog\u00eda y un laboratorio.<\/p>\n<p style=\"text-align: justify;\">Participaron en la inauguraci\u00f3n los ministros de Salud y de Administraci\u00f3n Municipal y el Gobernador de Sweida, Amer Ibrahim Al-Ashi.<\/p>\n<p style=\"text-align: justify;\"><strong><span style=\"color: #0000ff;\">Restablecen servicio el\u00e9ctrico en varios poblados de la provincia de Deraa<\/span><\/strong><\/p>\n<p style=\"text-align: justify;\">Los equipos de mantenimiento de la Empresa de Electricidad de Deraa restablecieron el servicio el\u00e9ctrico en varios poblados y localidades tras varios a\u00f1os de interrupci\u00f3n debido a la presencia de grupos terroristas.<\/p>\n<p style=\"text-align: justify;\">\u201cLos t\u00e9cnicos concluyeron sus trabajos de reparar las redes da\u00f1adas, y la electricidad fue restablecida en los poblados de Deir Adas, Kafernasej, Burqa, Smalin, Alia y Sheikh Saad\u201d, dijo el gerente general de la compa\u00f1\u00eda, Ghassan Zamil.<\/p>\n<p style=\"text-align: justify;\">Agreg\u00f3 que hasta la fecha se restableci\u00f3 la electricidad en unos 110 pueblos y ciudades desde la declaraci\u00f3n de Deraa libre de terrorismo el a\u00f1o pasado.<\/p>\n<p style=\"text-align: justify;\"><strong><span style=\"color: #0000ff;\">Gabinete fija las prioridades del gasto presupuestario para el 2020<\/span><\/strong><\/p>\n<p style=\"text-align: justify;\">El Consejo de Ministros aprob\u00f3 en su sesi\u00f3n semanal, las prioridades de gasto en el presupuesto estatal para el 2020.<\/p>\n<p style=\"text-align: justify;\">Las prioridades se centraron en apoyar las fuerzas armadas y las familias de m\u00e1rtires y heridos, garantizar las necesidades b\u00e1sicas de los ciudadanos, rehabilitar los servicios en las zonas liberadas del terrorismo, adem\u00e1s de mejorar el subsidio social e incrementar el financiamiento de los sectores de servicios, educaci\u00f3n y salud.<\/p>\n<p style=\"text-align: justify;\">El proyecto de ley del presupuesto para 2020 tom\u00f3 en cuenta la buena gesti\u00f3n de los recursos disponibles, con enfoque en mejorar la seguridad alimentaria y el fomento social y econ\u00f3mico.<\/p>\n<p style=\"text-align: justify;\">Con respecto a la Regi\u00f3n Oriental, el Gabinete pidi\u00f3 a todos los ministerios que presten m\u00e1s atenci\u00f3n al sector de servicios en el campo de la provincias de Hasakeh, Raqa y Alepo.<\/p>\n<p style=\"text-align: justify;\">Por otro lado, los ministros aprobaron el plan del Ministerio de Educaci\u00f3n para rehabilitar las escuelas da\u00f1adas parcial o totalmente en todas las provincias, y asignar un presupuesto de 50 mil millones (100 millones de USD) para este prop\u00f3sito.<\/p>\n<p style=\"text-align: justify;\"><strong><span style=\"color: #0000ff;\">212 mujeres participan en la Feria de Productos de la Mujer Campesina<\/span><\/strong><\/p>\n<p style=\"text-align: justify;\">Con la participaci\u00f3n de 212 mujeres, se lanz\u00f3 en el parque Tishreen de esta capital, las actividades de la Feria de Productos de la Mujer Campesina.<\/p>\n<p style=\"text-align: justify;\">El evento tiene como objetivo presentar y destacar los productos de las mujeres y abrir un canal directo de comunicaci\u00f3n entre las campesinas productoras y los consumidores, y generar una competitividad entre los productos en t\u00e9rminos de calidad, producto y diversidad.<\/p>\n<p style=\"text-align: justify;\">El Ministro de Agricultura, Ahmed Al-Qadri, se\u00f1al\u00f3 durante la inauguraci\u00f3n de la feria, que los productos de las mujeres del campo gozan del apoyo gubernamental mediante una serie de medidas como la promoci\u00f3n de la agricultura familiar y apoyar la fabricaci\u00f3n y comercializaci\u00f3n de los productos caseros en cuatro salas de venta estatales en ciudades de Damasco, Quneitra, Alepo, Hama y Latakia.<\/p>\n<p style=\"text-align: justify;\">El representante de la Organizaci\u00f3n de las Naciones Unidas para la Agricultura y la Alimentaci\u00f3n (FAO) en Siria, Mike Robson, traslad\u00f3 a SANA que la FAO est\u00e1 capacitando a las mujeres en el campo en la fabricaci\u00f3n y comercializaci\u00f3n de productos, buscando as\u00ed su seguridad y una manera para mejorar sus ingresos, se\u00f1alando que la organizaci\u00f3n planea proporcionar subvenciones para la producci\u00f3n para mejorar los proyectos de las mujeres rurales y as\u00ed aumentar su producci\u00f3n.<\/p>\n<p style=\"text-align: justify;\">De su parte, Nabih Murad, el Director de Agricultura de Alepo, confirm\u00f3 que el establecimiento de agricultura puso en marcha un mercado especial para la venta de productos rurales, animales, vegetales y artesanales, y destac\u00f3 que Alepo comenz\u00f3 a recuperarse en esta esfera despu\u00e9s de la liberaci\u00f3n de la mayor parte del campo de la provincia y el regreso de las mujeres a la producci\u00f3n.<\/p>\n<p style=\"text-align: justify;\">Agreg\u00f3 que cinco proyectos de mujeres campesinas de Alepo est\u00e1n participando en esta edici\u00f3n de la feria.<\/p>\n<p style=\"text-align: justify;\">Las mujeres participantes destacaron la importancia de la feria en t\u00e9rminos de identificaci\u00f3n de sus productos, as\u00ed como intentar abrir nuevas puertas para la de exportaci\u00f3n y atraer nuevos clientes, y transmitir un mensaje a todo el mundo de que Siria est\u00e1 firme y sus mujeres contribuyen a su gloria.<\/p>\n<p style=\"text-align: justify;\"><strong><span style=\"color: #0000ff;\">Colectivo de redactores del sitio SANA en espa\u00f1ol<\/span><\/strong><\/p>\n<p style=\"text-align: justify;\">\n","protected":false},"excerpt":{"rendered":"<p>Damasco, SANA La semana reci\u00e9n concluida presenci\u00f3 importantes pasos hacia la recuperaci\u00f3n econ\u00f3mica y en otros campos de Siria de la guerra impuesta. A continuaci\u00f3n, les ofrecemos un resumen de las noticias m\u00e1s importantes al respecto: Contribuci\u00f3n de la producci\u00f3n agr\u00edcola en el ingreso nacional asciende al 39 por ciento El ministro de Agricultura y &hellip;<\/p>\n","protected":false},"author":34,"featured_media":117969,"comment_status":"closed","ping_status":"closed","sticky":false,"template":"","format":"standard","meta":{"footnotes":""},"categories":[597,16686,485,7541],"tags":[],"class_list":["post-117968","post","type-post","status-publish","format-standard","has-post-thumbnail","","category-cinta-de-noticias","category-economia","category-informes-negocios-y-finanzas","category-ultimas-noticias"],"_links":{"self":[{"href":"https:\/\/archive.sana.sy\/es\/index.php?rest_route=\/wp\/v2\/posts\/117968"}],"collection":[{"href":"https:\/\/archive.sana.sy\/es\/index.php?rest_route=\/wp\/v2\/posts"}],"about":[{"href":"https:\/\/archive.sana.sy\/es\/index.php?rest_route=\/wp\/v2\/types\/post"}],"author":[{"embeddable":true,"href":"https:\/\/archive.sana.sy\/es\/index.php?rest_route=\/wp\/v2\/users\/34"}],"replies":[{"embeddable":true,"href":"https:\/\/archive.sana.sy\/es\/index.php?rest_route=%2Fwp%2Fv2%2Fcomments&post=117968"}],"version-history":[{"count":0,"href":"https:\/\/archive.sana.sy\/es\/index.php?rest_route=\/wp\/v2\/posts\/117968\/revisions"}],"wp:featuredmedia":[{"embeddable":true,"href":"https:\/\/archive.sana.sy\/es\/index.php?rest_route=\/wp\/v2\/media\/117969"}],"wp:attachment":[{"href":"https:\/\/archive.sana.sy\/es\/index.php?rest_route=%2Fwp%2Fv2%2Fmedia&parent=117968"}],"wp:term":[{"taxonomy":"category","embeddable":true,"href":"https:\/\/archive.sana.sy\/es\/index.php?rest_route=%2Fwp%2Fv2%2Fcategories&post=117968"},{"taxonomy":"post_tag","embeddable":true,"href":"https:\/\/archive.sana.sy\/es\/index.php?rest_route=%2Fwp%2Fv2%2Ftags&post=117968"}],"curies":[{"name":"wp","href":"https:\/\/api.w.org\/{rel}","templated":true}]}}