{"id":118003,"date":"2019-10-22T19:12:38","date_gmt":"2019-10-22T16:12:38","guid":{"rendered":"https:\/\/sana.sy\/es\/?p=118003"},"modified":"2019-10-22T21:42:48","modified_gmt":"2019-10-22T18:42:48","slug":"naciones-unidas-la-agresion-turca-desplazo-a-180-mil-civiles","status":"publish","type":"post","link":"https:\/\/archive.sana.sy\/es\/?p=118003","title":{"rendered":"Naciones Unidas: la agresi\u00f3n turca contra Siria desplaz\u00f3 a 180 mil civiles"},"content":{"rendered":"<p style=\"text-align: justify;\"><strong><span style=\"color: #800000;\">Damasco, SANA<\/span><\/strong><\/p>\n<p style=\"text-align: justify;\">La Organizaci\u00f3n de Naciones Unidas (ONU) inform\u00f3 hoy que la agresi\u00f3n del r\u00e9gimen turco contra el territorio sirio provoc\u00f3 el desplazamiento de unos 180 mil civiles, incluidos 80 mil ni\u00f1os.<\/p>\n<p style=\"text-align: justify;\">Un comunicado de la ONU indic\u00f3 que la agresi\u00f3n que comenzaron las fuerzas del r\u00e9gimen turco contra Siria el d\u00eda 9 de este mes, tuvo impacto significativo en la situaci\u00f3n humanitaria en Siria.<\/p>\n<p style=\"text-align: justify;\">\u201cLa agresi\u00f3n caus\u00f3 da\u00f1os materiales significativos en la infraestructura y las instalaciones de servicios, y provoc\u00f3 la destrucci\u00f3n de una serie de instalaciones importantes, como plantas de agua y electricidad que alimentan a cientos de miles de civiles\u201d, explic\u00f3 el comunicado.<\/p>\n<p style=\"text-align: justify;\">Seg\u00fan la declaraci\u00f3n, los equipos de la Media Luna Roja \u00c1rabe Siria (MLRAS), en cooperaci\u00f3n con la Empresa de Agua y Electricidad, repararon la planta de agua de Alok, que estaba fuera de servicio desde hace 10 d\u00edas debido a los ataques de las fuerzas del r\u00e9gimen turco.<\/p>\n<p style=\"text-align: justify;\">La planta suministra agua a 400 mil personas en la ciudad de Hasakeh y los campos de desplazados circundantes.<\/p>\n<p style=\"text-align: justify;\"><span style=\"color: #0000ff;\"><strong>F.M<\/strong><\/span><\/p>\n","protected":false},"excerpt":{"rendered":"<p>Damasco, SANA La Organizaci\u00f3n de Naciones Unidas (ONU) inform\u00f3 hoy que la agresi\u00f3n del r\u00e9gimen turco contra el territorio sirio provoc\u00f3 el desplazamiento de unos 180 mil civiles, incluidos 80 mil ni\u00f1os. Un comunicado de la ONU indic\u00f3 que la agresi\u00f3n que comenzaron las fuerzas del r\u00e9gimen turco contra Siria el d\u00eda 9 de este &hellip;<\/p>\n","protected":false},"author":34,"featured_media":118042,"comment_status":"closed","ping_status":"closed","sticky":false,"template":"","format":"standard","meta":{"footnotes":""},"categories":[597,467,7541],"tags":[],"class_list":["post-118003","post","type-post","status-publish","format-standard","has-post-thumbnail","","category-cinta-de-noticias","category-siria-y-el-mundo","category-ultimas-noticias"],"_links":{"self":[{"href":"https:\/\/archive.sana.sy\/es\/index.php?rest_route=\/wp\/v2\/posts\/118003"}],"collection":[{"href":"https:\/\/archive.sana.sy\/es\/index.php?rest_route=\/wp\/v2\/posts"}],"about":[{"href":"https:\/\/archive.sana.sy\/es\/index.php?rest_route=\/wp\/v2\/types\/post"}],"author":[{"embeddable":true,"href":"https:\/\/archive.sana.sy\/es\/index.php?rest_route=\/wp\/v2\/users\/34"}],"replies":[{"embeddable":true,"href":"https:\/\/archive.sana.sy\/es\/index.php?rest_route=%2Fwp%2Fv2%2Fcomments&post=118003"}],"version-history":[{"count":0,"href":"https:\/\/archive.sana.sy\/es\/index.php?rest_route=\/wp\/v2\/posts\/118003\/revisions"}],"wp:featuredmedia":[{"embeddable":true,"href":"https:\/\/archive.sana.sy\/es\/index.php?rest_route=\/wp\/v2\/media\/118042"}],"wp:attachment":[{"href":"https:\/\/archive.sana.sy\/es\/index.php?rest_route=%2Fwp%2Fv2%2Fmedia&parent=118003"}],"wp:term":[{"taxonomy":"category","embeddable":true,"href":"https:\/\/archive.sana.sy\/es\/index.php?rest_route=%2Fwp%2Fv2%2Fcategories&post=118003"},{"taxonomy":"post_tag","embeddable":true,"href":"https:\/\/archive.sana.sy\/es\/index.php?rest_route=%2Fwp%2Fv2%2Ftags&post=118003"}],"curies":[{"name":"wp","href":"https:\/\/api.w.org\/{rel}","templated":true}]}}