{"id":118073,"date":"2019-10-23T15:00:05","date_gmt":"2019-10-23T12:00:05","guid":{"rendered":"https:\/\/sana.sy\/es\/?p=118073"},"modified":"2019-10-23T19:38:41","modified_gmt":"2019-10-23T16:38:41","slug":"exposiciones-artesanales-y-patrimoniales-en-el-festival-bajo-el-cielo-de-damasco","status":"publish","type":"post","link":"https:\/\/archive.sana.sy\/es\/?p=118073","title":{"rendered":"Exposiciones artesanales y\u00a0patrimoniales en el festival &#8220;Bajo el Cielo de Damasco&#8221;. (Reportaje en espa\u00f1ol)"},"content":{"rendered":"<div>\n<p style=\"text-align: justify;\"><span lang=\"ES-TRAD\" style=\"color: #800000;\">Damasco, SANA<\/span><\/p>\n<p style=\"text-align: justify;\"><span lang=\"ES-TRAD\">En el marco del festival &#8220;Bajo el\u00a0\u00a0Cielo de Damasco&#8221; para artes folcl\u00f3ricas, el antiguo y emblem\u00e1tico edificio de Khan Asaad Pasha en la ciudad vieja de Damasco acogi\u00f3 una serie de exposiciones fotogr\u00e1ficas y artesanales.<\/span><\/p>\n<p style=\"text-align: justify;\"><span lang=\"ES-TRAD\">Se exhibieron en las exposiciones una variedad de productos de la artesan\u00eda tradicional siria, como la madera incrustada con conchas, las cajas de mosaicos y artesan\u00edas hechas de bronce, cer\u00e1mica y vidrieras.<\/span><\/p>\n<p style=\"text-align: justify;\"><span lang=\"ES-TRAD\">No faltaron en esas exposiciones las telas tradicionales t\u00edpicas de Siria, los perfumes y el jab\u00f3n, entre otras.<\/span><\/p>\n<p style=\"text-align: justify;\"><span lang=\"ES-TRAD\">En una exposici\u00f3n de arte pl\u00e1stico, fueron exhibidos cuadros que reflejaron las callejuelas y casas de la ciudad vieja de Damasco y la vida diaria en la misma.<\/span><\/p>\n<p style=\"text-align: justify;\"><span lang=\"ES-TRAD\">Otra exposici\u00f3n de fotos fue dedicada a las profesiones patrimoniales y el folclor.<\/span><\/p>\n<p><iframe loading=\"lazy\" src=\"https:\/\/www.youtube.com\/embed\/mrsS-DgYt2U\" width=\"660\" height=\"370\" frameborder=\"0\" allowfullscreen=\"allowfullscreen\"><span data-mce-type=\"bookmark\" style=\"display: inline-block; width: 0px; overflow: hidden; line-height: 0;\" class=\"mce_SELRES_start\">\ufeff<\/span><\/iframe><\/p>\n<p style=\"text-align: justify;\"><span style=\"color: #0000ff;\">W.S \/ F.M <\/span><\/p>\n<\/div>\n<div class=\"yj6qo ajU\" style=\"text-align: justify;\">\n<div id='gallery-1' class='gallery galleryid-118073 gallery-columns-1 gallery-size-full'><figure class='gallery-item'>\n\t\t\t<div class='gallery-icon landscape'>\n\t\t\t\t<a href='https:\/\/archive.sana.sy\/es\/wp-content\/uploads\/2019\/10\/222-2.jpg'><img loading=\"lazy\" decoding=\"async\" width=\"660\" height=\"439\" src=\"https:\/\/archive.sana.sy\/es\/wp-content\/uploads\/2019\/10\/222-2.jpg\" class=\"attachment-full size-full\" alt=\"\" srcset=\"https:\/\/archive.sana.sy\/es\/wp-content\/uploads\/2019\/10\/222-2.jpg 660w, https:\/\/archive.sana.sy\/es\/wp-content\/uploads\/2019\/10\/222-2-150x100.jpg 150w, https:\/\/archive.sana.sy\/es\/wp-content\/uploads\/2019\/10\/222-2-300x200.jpg 300w, https:\/\/archive.sana.sy\/es\/wp-content\/uploads\/2019\/10\/222-2-310x205.jpg 310w\" sizes=\"(max-width: 660px) 100vw, 660px\" \/><\/a>\n\t\t\t<\/div><\/figure><figure class='gallery-item'>\n\t\t\t<div class='gallery-icon landscape'>\n\t\t\t\t<a href='https:\/\/archive.sana.sy\/es\/wp-content\/uploads\/2019\/10\/333-6.jpg'><img loading=\"lazy\" decoding=\"async\" width=\"660\" height=\"447\" src=\"https:\/\/archive.sana.sy\/es\/wp-content\/uploads\/2019\/10\/333-6.jpg\" class=\"attachment-full size-full\" alt=\"\" srcset=\"https:\/\/archive.sana.sy\/es\/wp-content\/uploads\/2019\/10\/333-6.jpg 660w, https:\/\/archive.sana.sy\/es\/wp-content\/uploads\/2019\/10\/333-6-150x102.jpg 150w, https:\/\/archive.sana.sy\/es\/wp-content\/uploads\/2019\/10\/333-6-300x203.jpg 300w, https:\/\/archive.sana.sy\/es\/wp-content\/uploads\/2019\/10\/333-6-110x75.jpg 110w\" sizes=\"(max-width: 660px) 100vw, 660px\" \/><\/a>\n\t\t\t<\/div><\/figure><figure class='gallery-item'>\n\t\t\t<div class='gallery-icon landscape'>\n\t\t\t\t<a href='https:\/\/archive.sana.sy\/es\/wp-content\/uploads\/2019\/10\/444-4.jpg'><img loading=\"lazy\" decoding=\"async\" width=\"660\" height=\"439\" src=\"https:\/\/archive.sana.sy\/es\/wp-content\/uploads\/2019\/10\/444-4.jpg\" class=\"attachment-full size-full\" alt=\"\" srcset=\"https:\/\/archive.sana.sy\/es\/wp-content\/uploads\/2019\/10\/444-4.jpg 660w, https:\/\/archive.sana.sy\/es\/wp-content\/uploads\/2019\/10\/444-4-150x100.jpg 150w, https:\/\/archive.sana.sy\/es\/wp-content\/uploads\/2019\/10\/444-4-300x200.jpg 300w, https:\/\/archive.sana.sy\/es\/wp-content\/uploads\/2019\/10\/444-4-310x205.jpg 310w\" sizes=\"(max-width: 660px) 100vw, 660px\" \/><\/a>\n\t\t\t<\/div><\/figure><figure class='gallery-item'>\n\t\t\t<div class='gallery-icon landscape'>\n\t\t\t\t<a href='https:\/\/archive.sana.sy\/es\/wp-content\/uploads\/2019\/10\/111111-4.jpg'><img loading=\"lazy\" decoding=\"async\" width=\"660\" height=\"421\" src=\"https:\/\/archive.sana.sy\/es\/wp-content\/uploads\/2019\/10\/111111-4.jpg\" class=\"attachment-full size-full\" alt=\"\" srcset=\"https:\/\/archive.sana.sy\/es\/wp-content\/uploads\/2019\/10\/111111-4.jpg 660w, https:\/\/archive.sana.sy\/es\/wp-content\/uploads\/2019\/10\/111111-4-150x96.jpg 150w, https:\/\/archive.sana.sy\/es\/wp-content\/uploads\/2019\/10\/111111-4-300x191.jpg 300w\" sizes=\"(max-width: 660px) 100vw, 660px\" \/><\/a>\n\t\t\t<\/div><\/figure>\n\t\t<\/div>\n\n<\/div>\n<p>&nbsp;<\/p>\n","protected":false},"excerpt":{"rendered":"<p>Damasco, SANA En el marco del festival &#8220;Bajo el\u00a0\u00a0Cielo de Damasco&#8221; para artes folcl\u00f3ricas, el antiguo y emblem\u00e1tico edificio de Khan Asaad Pasha en la ciudad vieja de Damasco acogi\u00f3 una serie de exposiciones fotogr\u00e1ficas y artesanales. Se exhibieron en las exposiciones una variedad de productos de la artesan\u00eda tradicional siria, como la madera incrustada &hellip;<\/p>\n","protected":false},"author":35,"featured_media":118167,"comment_status":"closed","ping_status":"closed","sticky":false,"template":"","format":"standard","meta":{"footnotes":""},"categories":[597,510,583],"tags":[],"class_list":["post-118073","post","type-post","status-publish","format-standard","has-post-thumbnail","","category-cinta-de-noticias","category-arte-y-cultura","category-slide"],"_links":{"self":[{"href":"https:\/\/archive.sana.sy\/es\/index.php?rest_route=\/wp\/v2\/posts\/118073"}],"collection":[{"href":"https:\/\/archive.sana.sy\/es\/index.php?rest_route=\/wp\/v2\/posts"}],"about":[{"href":"https:\/\/archive.sana.sy\/es\/index.php?rest_route=\/wp\/v2\/types\/post"}],"author":[{"embeddable":true,"href":"https:\/\/archive.sana.sy\/es\/index.php?rest_route=\/wp\/v2\/users\/35"}],"replies":[{"embeddable":true,"href":"https:\/\/archive.sana.sy\/es\/index.php?rest_route=%2Fwp%2Fv2%2Fcomments&post=118073"}],"version-history":[{"count":0,"href":"https:\/\/archive.sana.sy\/es\/index.php?rest_route=\/wp\/v2\/posts\/118073\/revisions"}],"wp:featuredmedia":[{"embeddable":true,"href":"https:\/\/archive.sana.sy\/es\/index.php?rest_route=\/wp\/v2\/media\/118167"}],"wp:attachment":[{"href":"https:\/\/archive.sana.sy\/es\/index.php?rest_route=%2Fwp%2Fv2%2Fmedia&parent=118073"}],"wp:term":[{"taxonomy":"category","embeddable":true,"href":"https:\/\/archive.sana.sy\/es\/index.php?rest_route=%2Fwp%2Fv2%2Fcategories&post=118073"},{"taxonomy":"post_tag","embeddable":true,"href":"https:\/\/archive.sana.sy\/es\/index.php?rest_route=%2Fwp%2Fv2%2Ftags&post=118073"}],"curies":[{"name":"wp","href":"https:\/\/api.w.org\/{rel}","templated":true}]}}