{"id":118095,"date":"2019-10-23T12:51:51","date_gmt":"2019-10-23T09:51:51","guid":{"rendered":"https:\/\/sana.sy\/es\/?p=118095"},"modified":"2019-10-23T12:51:51","modified_gmt":"2019-10-23T09:51:51","slug":"espectaculos-del-patrimonio-sirio-en-el-festival-bajo-el-cielo-de-damasco","status":"publish","type":"post","link":"https:\/\/archive.sana.sy\/es\/?p=118095","title":{"rendered":"Espect\u00e1culos del patrimonio sirio en el festival \u201cBajo el Cielo de Damasco\u201d"},"content":{"rendered":"<p style=\"text-align: justify;\"><span lang=\"ES-TRAD\" style=\"color: #800000;\">Damasco, SANA<\/span><\/p>\n<p style=\"text-align: justify;\"><span lang=\"ES-TRAD\">Varios espect\u00e1culos de bailes y cantos tradicionales fueron presentados en la ceremonia oficial de apertura del festival: &#8220;Bajo el Cielo de Damasco&#8221;.<\/span><\/p>\n<p style=\"text-align: justify;\"><span lang=\"ES-TRAD\">El viceministro de Cultura, Tawfiq Al-Imam, dijo en unas palabras que el patrimonio es la identidad de la civilizaci\u00f3n que dejan los antepasados y destac\u00f3 el valor del patrimonio en sus elementos tangibles e intangibles, y su papel en la construcci\u00f3n\u00a0\u00a0de la memoria cultural de la sociedad en conjunto.<\/span><\/p>\n<p style=\"text-align: justify;\"><span lang=\"ES-TRAD\">El festival continuar\u00e1 el s\u00e1bado pr\u00f3ximo y abarcar\u00e1 una serie de actividades.<\/span><\/p>\n<p style=\"text-align: justify;\"><span style=\"color: #0000ff;\">E.D\/ F.M<\/span><\/p>\n<div id='gallery-1' class='gallery galleryid-118095 gallery-columns-1 gallery-size-full'><figure class='gallery-item'>\n\t\t\t<div class='gallery-icon landscape'>\n\t\t\t\t<a href='https:\/\/archive.sana.sy\/es\/wp-content\/uploads\/2019\/10\/RAM_3509.jpg'><img loading=\"lazy\" decoding=\"async\" width=\"3543\" height=\"2441\" src=\"https:\/\/archive.sana.sy\/es\/wp-content\/uploads\/2019\/10\/RAM_3509.jpg\" class=\"attachment-full size-full\" alt=\"\" srcset=\"https:\/\/archive.sana.sy\/es\/wp-content\/uploads\/2019\/10\/RAM_3509.jpg 3543w, https:\/\/archive.sana.sy\/es\/wp-content\/uploads\/2019\/10\/RAM_3509-150x103.jpg 150w, https:\/\/archive.sana.sy\/es\/wp-content\/uploads\/2019\/10\/RAM_3509-300x207.jpg 300w, https:\/\/archive.sana.sy\/es\/wp-content\/uploads\/2019\/10\/RAM_3509-768x529.jpg 768w, https:\/\/archive.sana.sy\/es\/wp-content\/uploads\/2019\/10\/RAM_3509-1024x705.jpg 1024w, https:\/\/archive.sana.sy\/es\/wp-content\/uploads\/2019\/10\/RAM_3509-110x75.jpg 110w\" sizes=\"(max-width: 3543px) 100vw, 3543px\" \/><\/a>\n\t\t\t<\/div><\/figure><figure class='gallery-item'>\n\t\t\t<div class='gallery-icon landscape'>\n\t\t\t\t<a href='https:\/\/archive.sana.sy\/es\/wp-content\/uploads\/2019\/10\/RAM_3528.jpg'><img loading=\"lazy\" decoding=\"async\" width=\"3543\" height=\"2178\" src=\"https:\/\/archive.sana.sy\/es\/wp-content\/uploads\/2019\/10\/RAM_3528.jpg\" class=\"attachment-full size-full\" alt=\"\" srcset=\"https:\/\/archive.sana.sy\/es\/wp-content\/uploads\/2019\/10\/RAM_3528.jpg 3543w, https:\/\/archive.sana.sy\/es\/wp-content\/uploads\/2019\/10\/RAM_3528-150x92.jpg 150w, https:\/\/archive.sana.sy\/es\/wp-content\/uploads\/2019\/10\/RAM_3528-300x184.jpg 300w, https:\/\/archive.sana.sy\/es\/wp-content\/uploads\/2019\/10\/RAM_3528-768x472.jpg 768w, https:\/\/archive.sana.sy\/es\/wp-content\/uploads\/2019\/10\/RAM_3528-1024x629.jpg 1024w\" sizes=\"(max-width: 3543px) 100vw, 3543px\" \/><\/a>\n\t\t\t<\/div><\/figure><figure class='gallery-item'>\n\t\t\t<div class='gallery-icon landscape'>\n\t\t\t\t<a href='https:\/\/archive.sana.sy\/es\/wp-content\/uploads\/2019\/10\/RAM_3551.jpg'><img loading=\"lazy\" decoding=\"async\" width=\"3543\" height=\"2296\" src=\"https:\/\/archive.sana.sy\/es\/wp-content\/uploads\/2019\/10\/RAM_3551.jpg\" class=\"attachment-full size-full\" alt=\"\" srcset=\"https:\/\/archive.sana.sy\/es\/wp-content\/uploads\/2019\/10\/RAM_3551.jpg 3543w, https:\/\/archive.sana.sy\/es\/wp-content\/uploads\/2019\/10\/RAM_3551-150x97.jpg 150w, https:\/\/archive.sana.sy\/es\/wp-content\/uploads\/2019\/10\/RAM_3551-300x194.jpg 300w, https:\/\/archive.sana.sy\/es\/wp-content\/uploads\/2019\/10\/RAM_3551-768x498.jpg 768w, https:\/\/archive.sana.sy\/es\/wp-content\/uploads\/2019\/10\/RAM_3551-1024x664.jpg 1024w\" sizes=\"(max-width: 3543px) 100vw, 3543px\" \/><\/a>\n\t\t\t<\/div><\/figure><figure class='gallery-item'>\n\t\t\t<div class='gallery-icon landscape'>\n\t\t\t\t<a href='https:\/\/archive.sana.sy\/es\/wp-content\/uploads\/2019\/10\/RAM_3560.jpg'><img loading=\"lazy\" decoding=\"async\" width=\"3543\" height=\"2249\" src=\"https:\/\/archive.sana.sy\/es\/wp-content\/uploads\/2019\/10\/RAM_3560.jpg\" class=\"attachment-full size-full\" alt=\"\" srcset=\"https:\/\/archive.sana.sy\/es\/wp-content\/uploads\/2019\/10\/RAM_3560.jpg 3543w, https:\/\/archive.sana.sy\/es\/wp-content\/uploads\/2019\/10\/RAM_3560-150x95.jpg 150w, https:\/\/archive.sana.sy\/es\/wp-content\/uploads\/2019\/10\/RAM_3560-300x190.jpg 300w, https:\/\/archive.sana.sy\/es\/wp-content\/uploads\/2019\/10\/RAM_3560-768x488.jpg 768w, https:\/\/archive.sana.sy\/es\/wp-content\/uploads\/2019\/10\/RAM_3560-1024x650.jpg 1024w\" sizes=\"(max-width: 3543px) 100vw, 3543px\" \/><\/a>\n\t\t\t<\/div><\/figure><figure class='gallery-item'>\n\t\t\t<div class='gallery-icon landscape'>\n\t\t\t\t<a href='https:\/\/archive.sana.sy\/es\/wp-content\/uploads\/2019\/10\/RAM_3564.jpg'><img loading=\"lazy\" decoding=\"async\" width=\"3543\" height=\"2362\" src=\"https:\/\/archive.sana.sy\/es\/wp-content\/uploads\/2019\/10\/RAM_3564.jpg\" class=\"attachment-full size-full\" alt=\"\" srcset=\"https:\/\/archive.sana.sy\/es\/wp-content\/uploads\/2019\/10\/RAM_3564.jpg 3543w, https:\/\/archive.sana.sy\/es\/wp-content\/uploads\/2019\/10\/RAM_3564-150x100.jpg 150w, https:\/\/archive.sana.sy\/es\/wp-content\/uploads\/2019\/10\/RAM_3564-300x200.jpg 300w, https:\/\/archive.sana.sy\/es\/wp-content\/uploads\/2019\/10\/RAM_3564-768x512.jpg 768w, https:\/\/archive.sana.sy\/es\/wp-content\/uploads\/2019\/10\/RAM_3564-1024x683.jpg 1024w\" sizes=\"(max-width: 3543px) 100vw, 3543px\" \/><\/a>\n\t\t\t<\/div><\/figure><figure class='gallery-item'>\n\t\t\t<div class='gallery-icon landscape'>\n\t\t\t\t<a href='https:\/\/archive.sana.sy\/es\/wp-content\/uploads\/2019\/10\/RAM_3608.jpg'><img loading=\"lazy\" decoding=\"async\" width=\"3543\" height=\"2289\" src=\"https:\/\/archive.sana.sy\/es\/wp-content\/uploads\/2019\/10\/RAM_3608.jpg\" class=\"attachment-full size-full\" alt=\"\" srcset=\"https:\/\/archive.sana.sy\/es\/wp-content\/uploads\/2019\/10\/RAM_3608.jpg 3543w, https:\/\/archive.sana.sy\/es\/wp-content\/uploads\/2019\/10\/RAM_3608-150x97.jpg 150w, https:\/\/archive.sana.sy\/es\/wp-content\/uploads\/2019\/10\/RAM_3608-300x194.jpg 300w, https:\/\/archive.sana.sy\/es\/wp-content\/uploads\/2019\/10\/RAM_3608-768x496.jpg 768w, https:\/\/archive.sana.sy\/es\/wp-content\/uploads\/2019\/10\/RAM_3608-1024x662.jpg 1024w\" sizes=\"(max-width: 3543px) 100vw, 3543px\" \/><\/a>\n\t\t\t<\/div><\/figure><figure class='gallery-item'>\n\t\t\t<div class='gallery-icon landscape'>\n\t\t\t\t<a href='https:\/\/archive.sana.sy\/es\/wp-content\/uploads\/2019\/10\/RAM_3614.jpg'><img loading=\"lazy\" decoding=\"async\" width=\"3543\" height=\"2090\" src=\"https:\/\/archive.sana.sy\/es\/wp-content\/uploads\/2019\/10\/RAM_3614.jpg\" class=\"attachment-full size-full\" alt=\"\" srcset=\"https:\/\/archive.sana.sy\/es\/wp-content\/uploads\/2019\/10\/RAM_3614.jpg 3543w, https:\/\/archive.sana.sy\/es\/wp-content\/uploads\/2019\/10\/RAM_3614-150x88.jpg 150w, https:\/\/archive.sana.sy\/es\/wp-content\/uploads\/2019\/10\/RAM_3614-300x177.jpg 300w, https:\/\/archive.sana.sy\/es\/wp-content\/uploads\/2019\/10\/RAM_3614-768x453.jpg 768w, https:\/\/archive.sana.sy\/es\/wp-content\/uploads\/2019\/10\/RAM_3614-1024x604.jpg 1024w\" sizes=\"(max-width: 3543px) 100vw, 3543px\" \/><\/a>\n\t\t\t<\/div><\/figure>\n\t\t<\/div>\n\n","protected":false},"excerpt":{"rendered":"<p>Damasco, SANA Varios espect\u00e1culos de bailes y cantos tradicionales fueron presentados en la ceremonia oficial de apertura del festival: &#8220;Bajo el Cielo de Damasco&#8221;. El viceministro de Cultura, Tawfiq Al-Imam, dijo en unas palabras que el patrimonio es la identidad de la civilizaci\u00f3n que dejan los antepasados y destac\u00f3 el valor del patrimonio en sus &hellip;<\/p>\n","protected":false},"author":32,"featured_media":118096,"comment_status":"closed","ping_status":"closed","sticky":false,"template":"","format":"standard","meta":{"footnotes":""},"categories":[597,510,7541],"tags":[16869],"class_list":["post-118095","post","type-post","status-publish","format-standard","has-post-thumbnail","","category-cinta-de-noticias","category-arte-y-cultura","category-ultimas-noticias","tag-espectaculos-del-patrimonio-sirio-en-el-festival-bajo-el-cielo-de-damasco"],"_links":{"self":[{"href":"https:\/\/archive.sana.sy\/es\/index.php?rest_route=\/wp\/v2\/posts\/118095"}],"collection":[{"href":"https:\/\/archive.sana.sy\/es\/index.php?rest_route=\/wp\/v2\/posts"}],"about":[{"href":"https:\/\/archive.sana.sy\/es\/index.php?rest_route=\/wp\/v2\/types\/post"}],"author":[{"embeddable":true,"href":"https:\/\/archive.sana.sy\/es\/index.php?rest_route=\/wp\/v2\/users\/32"}],"replies":[{"embeddable":true,"href":"https:\/\/archive.sana.sy\/es\/index.php?rest_route=%2Fwp%2Fv2%2Fcomments&post=118095"}],"version-history":[{"count":0,"href":"https:\/\/archive.sana.sy\/es\/index.php?rest_route=\/wp\/v2\/posts\/118095\/revisions"}],"wp:featuredmedia":[{"embeddable":true,"href":"https:\/\/archive.sana.sy\/es\/index.php?rest_route=\/wp\/v2\/media\/118096"}],"wp:attachment":[{"href":"https:\/\/archive.sana.sy\/es\/index.php?rest_route=%2Fwp%2Fv2%2Fmedia&parent=118095"}],"wp:term":[{"taxonomy":"category","embeddable":true,"href":"https:\/\/archive.sana.sy\/es\/index.php?rest_route=%2Fwp%2Fv2%2Fcategories&post=118095"},{"taxonomy":"post_tag","embeddable":true,"href":"https:\/\/archive.sana.sy\/es\/index.php?rest_route=%2Fwp%2Fv2%2Ftags&post=118095"}],"curies":[{"name":"wp","href":"https:\/\/api.w.org\/{rel}","templated":true}]}}