{"id":118121,"date":"2019-10-23T15:32:10","date_gmt":"2019-10-23T12:32:10","guid":{"rendered":"https:\/\/sana.sy\/es\/?p=118121"},"modified":"2023-01-10T15:15:37","modified_gmt":"2023-01-10T13:15:37","slug":"118121","status":"publish","type":"post","link":"https:\/\/archive.sana.sy\/es\/?p=118121","title":{"rendered":"Ir\u00e1n contribuye a la construcci\u00f3n y restauraci\u00f3n de silos y molinos"},"content":{"rendered":"<p style=\"text-align: justify\"><strong><span style=\"color: #800000\">Damasco, SANA<\/span><\/strong><\/p>\n<p style=\"text-align: justify\">El ministro de Comercio Interior, Atef Nadaf, sostuvo un encuentro en esta capital con Hasan Danai, el asesor del vicepresidente de Ir\u00e1n y presidente de la Comisi\u00f3n de Desarrollo las Relaciones Econ\u00f3micas con Siria e Irak.<\/p>\n<p style=\"text-align: justify\">Las conversaciones abordaron las perspectivas de mejorar las relaciones de cooperaci\u00f3n econ\u00f3mica y comercial.<\/p>\n<p style=\"text-align: justify\">Asimismo, fueron repasados los proyectos de fomento relativos al trabajo del ministerio y que lleva a cabo la parte iran\u00ed en cooperaci\u00f3n con las autoridades sirias.<\/p>\n<p style=\"text-align: justify\">El titular sirio destac\u00f3 la importancia de la actual acci\u00f3n en la esfera de la construcci\u00f3n, mantenimiento y restauraci\u00f3n de los silos y molinos. Afirm\u00f3 la necesidad de restaurar el molino en la ciudad de Salhab y que se ponga en servicio muy pronto.<\/p>\n<p style=\"text-align: justify\">El funcionario iran\u00ed elogi\u00f3 la firmeza de Siria en la guerra terrorista y ratific\u00f3 la disposici\u00f3n de su pa\u00eds de cooperar con Damasco en todos los campos.<\/p>\n<p style=\"text-align: justify\"><span style=\"color: #0000ff\"><strong>F.M<\/strong><\/span><\/p>\n","protected":false},"excerpt":{"rendered":"<p>Damasco, SANA El ministro de Comercio Interior, Atef Nadaf, sostuvo un encuentro en esta capital con Hasan Danai, el asesor del vicepresidente de Ir\u00e1n y presidente de la Comisi\u00f3n de Desarrollo las Relaciones Econ\u00f3micas con Siria e Irak. Las conversaciones abordaron las perspectivas de mejorar las relaciones de cooperaci\u00f3n econ\u00f3mica y comercial. Asimismo, fueron repasados &hellip;<\/p>\n","protected":false},"author":34,"featured_media":118122,"comment_status":"closed","ping_status":"closed","sticky":false,"template":"","format":"standard","meta":{"footnotes":""},"categories":[597,485,476,7541],"tags":[],"class_list":["post-118121","post","type-post","status-publish","format-standard","has-post-thumbnail","","category-cinta-de-noticias","category-informes-negocios-y-finanzas","category-locales","category-ultimas-noticias"],"_links":{"self":[{"href":"https:\/\/archive.sana.sy\/es\/index.php?rest_route=\/wp\/v2\/posts\/118121"}],"collection":[{"href":"https:\/\/archive.sana.sy\/es\/index.php?rest_route=\/wp\/v2\/posts"}],"about":[{"href":"https:\/\/archive.sana.sy\/es\/index.php?rest_route=\/wp\/v2\/types\/post"}],"author":[{"embeddable":true,"href":"https:\/\/archive.sana.sy\/es\/index.php?rest_route=\/wp\/v2\/users\/34"}],"replies":[{"embeddable":true,"href":"https:\/\/archive.sana.sy\/es\/index.php?rest_route=%2Fwp%2Fv2%2Fcomments&post=118121"}],"version-history":[{"count":0,"href":"https:\/\/archive.sana.sy\/es\/index.php?rest_route=\/wp\/v2\/posts\/118121\/revisions"}],"wp:featuredmedia":[{"embeddable":true,"href":"https:\/\/archive.sana.sy\/es\/index.php?rest_route=\/wp\/v2\/media\/118122"}],"wp:attachment":[{"href":"https:\/\/archive.sana.sy\/es\/index.php?rest_route=%2Fwp%2Fv2%2Fmedia&parent=118121"}],"wp:term":[{"taxonomy":"category","embeddable":true,"href":"https:\/\/archive.sana.sy\/es\/index.php?rest_route=%2Fwp%2Fv2%2Fcategories&post=118121"},{"taxonomy":"post_tag","embeddable":true,"href":"https:\/\/archive.sana.sy\/es\/index.php?rest_route=%2Fwp%2Fv2%2Ftags&post=118121"}],"curies":[{"name":"wp","href":"https:\/\/api.w.org\/{rel}","templated":true}]}}