{"id":118177,"date":"2019-10-23T21:51:31","date_gmt":"2019-10-23T18:51:31","guid":{"rendered":"https:\/\/sana.sy\/es\/?p=118177"},"modified":"2019-10-23T21:51:31","modified_gmt":"2019-10-23T18:51:31","slug":"siria-participa-en-el-foro-economico-arabe-austriaco","status":"publish","type":"post","link":"https:\/\/archive.sana.sy\/es\/?p=118177","title":{"rendered":"Siria participa en el Foro Econ\u00f3mico \u00c1rabe-Austriaco"},"content":{"rendered":"<p><span style=\"color: #800000;\">Viena, SANA<\/span><\/p>\n<p style=\"text-align: justify;\">La C\u00e1mara de Comercio \u00c1rabe-Austriaca organiz\u00f3 este mi\u00e9rcoles la 11\u00aa edici\u00f3n del Foro Econ\u00f3mico \u00c1rabe-Austriaco con la participaci\u00f3n de la Embajada de Siria en Viena.<\/p>\n<p style=\"text-align: justify;\">Se puso \u00e9nfasis en el c\u00f3nclave de este a\u00f1o en temas relativos a la energ\u00eda, la manufactura, el agua y el desarrollo de la infraestructura.<\/p>\n<p style=\"text-align: justify;\">La Embajada de Siria particip\u00f3 en la exposici\u00f3n celebrada al margen del Foro para presentar oportunidades de inversi\u00f3n en los sectores de fomento, turismo, tecnolog\u00eda de la informaci\u00f3n, medio ambiente e infraestructura.<\/p>\n<p style=\"text-align: justify;\">El pabell\u00f3n sirio participante en el Foro exhibi\u00f3 un abanico de industrias tradicionales, artesanales y textiles, adem\u00e1s de presentar folletos y fotos de los sitios culturales y arqueol\u00f3gicos de Siria y, obsequiar algunos alimentos y dulces sirios.<\/p>\n<p><span style=\"color: #0000ff;\">R.R.\/ R.Sh.<\/span><\/p>\n","protected":false},"excerpt":{"rendered":"<p>Viena, SANA La C\u00e1mara de Comercio \u00c1rabe-Austriaca organiz\u00f3 este mi\u00e9rcoles la 11\u00aa edici\u00f3n del Foro Econ\u00f3mico \u00c1rabe-Austriaco con la participaci\u00f3n de la Embajada de Siria en Viena. Se puso \u00e9nfasis en el c\u00f3nclave de este a\u00f1o en temas relativos a la energ\u00eda, la manufactura, el agua y el desarrollo de la infraestructura. La Embajada de &hellip;<\/p>\n","protected":false},"author":31,"featured_media":118178,"comment_status":"closed","ping_status":"closed","sticky":false,"template":"","format":"standard","meta":{"footnotes":""},"categories":[597,16686],"tags":[],"class_list":["post-118177","post","type-post","status-publish","format-standard","has-post-thumbnail","","category-cinta-de-noticias","category-economia"],"_links":{"self":[{"href":"https:\/\/archive.sana.sy\/es\/index.php?rest_route=\/wp\/v2\/posts\/118177"}],"collection":[{"href":"https:\/\/archive.sana.sy\/es\/index.php?rest_route=\/wp\/v2\/posts"}],"about":[{"href":"https:\/\/archive.sana.sy\/es\/index.php?rest_route=\/wp\/v2\/types\/post"}],"author":[{"embeddable":true,"href":"https:\/\/archive.sana.sy\/es\/index.php?rest_route=\/wp\/v2\/users\/31"}],"replies":[{"embeddable":true,"href":"https:\/\/archive.sana.sy\/es\/index.php?rest_route=%2Fwp%2Fv2%2Fcomments&post=118177"}],"version-history":[{"count":0,"href":"https:\/\/archive.sana.sy\/es\/index.php?rest_route=\/wp\/v2\/posts\/118177\/revisions"}],"wp:featuredmedia":[{"embeddable":true,"href":"https:\/\/archive.sana.sy\/es\/index.php?rest_route=\/wp\/v2\/media\/118178"}],"wp:attachment":[{"href":"https:\/\/archive.sana.sy\/es\/index.php?rest_route=%2Fwp%2Fv2%2Fmedia&parent=118177"}],"wp:term":[{"taxonomy":"category","embeddable":true,"href":"https:\/\/archive.sana.sy\/es\/index.php?rest_route=%2Fwp%2Fv2%2Fcategories&post=118177"},{"taxonomy":"post_tag","embeddable":true,"href":"https:\/\/archive.sana.sy\/es\/index.php?rest_route=%2Fwp%2Fv2%2Ftags&post=118177"}],"curies":[{"name":"wp","href":"https:\/\/api.w.org\/{rel}","templated":true}]}}