{"id":118433,"date":"2019-10-26T11:12:42","date_gmt":"2019-10-26T09:12:42","guid":{"rendered":"https:\/\/sana.sy\/es\/?p=118433"},"modified":"2019-10-26T13:14:32","modified_gmt":"2019-10-26T11:14:32","slug":"el-presidente-cubano-llama-al-apoyo-de-siria-para-combatir-las-politicas-estadounidenses","status":"publish","type":"post","link":"https:\/\/archive.sana.sy\/es\/?p=118433","title":{"rendered":"Presidente cubano llama a apoyar a Siria en su enfrentamiento a las pol\u00edticas estadounidenses"},"content":{"rendered":"<p style=\"text-align: justify;\"><span lang=\"ES-TRAD\" style=\"color: #800000;\">Baku, SANA<\/span><\/p>\n<p style=\"text-align: justify;\"><span lang=\"ES-TRAD\">El presidente cubano, Miguel D\u00edaz Canel, pidi\u00f3 a los pueblos y gobiernos de los integrantes del Movimiento de Pa\u00edses No Alineados (MPNOA) que apoyen a Siria y a los dem\u00e1s estados independientes que rechazan la hegemon\u00eda y las agresivas pol\u00edticas estadounidenses.<\/span><\/p>\n<p style=\"text-align: justify;\"><span lang=\"ES-TRAD\">Ante los delegados a la XVIII Cumbre del (MPNOA) en la capital azerbaiyana Bak\u00fa, el presidente D\u00edaz Canel reiter\u00f3 la necesidad de la unidad de los pueblos frente a la pol\u00edtica hostil adoptada por la administraci\u00f3n de Estados Unidos, y destac\u00f3 la importancia de resolver las disputas internacionales a trav\u00e9s del di\u00e1logo.<\/span><\/p>\n<p style=\"text-align: justify;\"><span lang=\"ES-TRAD\">El mandatario cubano reiter\u00f3 su rechazo a las decisiones unilaterales tomadas por Washington para apoyar al ente israel\u00ed y pidi\u00f3 a poner fin de la guerra terrorista contra el pueblo sirio y encontrar una soluci\u00f3n integral, justa y duradera al problema palestino.<\/span><\/p>\n<p style=\"text-align: justify;\"><span lang=\"ES-TRAD\">El gobernante conden\u00f3 la injerencia de la administraci\u00f3n estadounidense en los asuntos internos de Am\u00e9rica Latina y los continuos intentos desestabilizadores de Washington, y tambi\u00e9n pidi\u00f3 apoyo a los gobiernos elegidos democr\u00e1ticamente en Nicaragua, Venezuela y Bolivia, que combaten ataques feroces.<\/span><\/p>\n<p style=\"text-align: justify;\"><span lang=\"ES-TRAD\">D\u00edaz Canel tambi\u00e9n pidi\u00f3 levantar el injusto embargo econ\u00f3mico, comercial y financiero impuesto por Estados Unidos contra Cuba, enfatizando que el pueblo cubano se muestra firme frente a estas amenazas y presiones.<\/span><\/p>\n<p style=\"text-align: justify;\"><strong><span lang=\"ES-TRAD\" style=\"color: #0000ff;\">A.Sh\/W.S\/F.M<\/span><\/strong><\/p>\n","protected":false},"excerpt":{"rendered":"<p>Baku, SANA El presidente cubano, Miguel D\u00edaz Canel, pidi\u00f3 a los pueblos y gobiernos de los integrantes del Movimiento de Pa\u00edses No Alineados (MPNOA) que apoyen a Siria y a los dem\u00e1s estados independientes que rechazan la hegemon\u00eda y las agresivas pol\u00edticas estadounidenses. Ante los delegados a la XVIII Cumbre del (MPNOA) en la capital &hellip;<\/p>\n","protected":false},"author":35,"featured_media":118434,"comment_status":"closed","ping_status":"closed","sticky":false,"template":"","format":"standard","meta":{"footnotes":""},"categories":[597,467,7541],"tags":[],"class_list":["post-118433","post","type-post","status-publish","format-standard","has-post-thumbnail","","category-cinta-de-noticias","category-siria-y-el-mundo","category-ultimas-noticias"],"_links":{"self":[{"href":"https:\/\/archive.sana.sy\/es\/index.php?rest_route=\/wp\/v2\/posts\/118433"}],"collection":[{"href":"https:\/\/archive.sana.sy\/es\/index.php?rest_route=\/wp\/v2\/posts"}],"about":[{"href":"https:\/\/archive.sana.sy\/es\/index.php?rest_route=\/wp\/v2\/types\/post"}],"author":[{"embeddable":true,"href":"https:\/\/archive.sana.sy\/es\/index.php?rest_route=\/wp\/v2\/users\/35"}],"replies":[{"embeddable":true,"href":"https:\/\/archive.sana.sy\/es\/index.php?rest_route=%2Fwp%2Fv2%2Fcomments&post=118433"}],"version-history":[{"count":0,"href":"https:\/\/archive.sana.sy\/es\/index.php?rest_route=\/wp\/v2\/posts\/118433\/revisions"}],"wp:featuredmedia":[{"embeddable":true,"href":"https:\/\/archive.sana.sy\/es\/index.php?rest_route=\/wp\/v2\/media\/118434"}],"wp:attachment":[{"href":"https:\/\/archive.sana.sy\/es\/index.php?rest_route=%2Fwp%2Fv2%2Fmedia&parent=118433"}],"wp:term":[{"taxonomy":"category","embeddable":true,"href":"https:\/\/archive.sana.sy\/es\/index.php?rest_route=%2Fwp%2Fv2%2Fcategories&post=118433"},{"taxonomy":"post_tag","embeddable":true,"href":"https:\/\/archive.sana.sy\/es\/index.php?rest_route=%2Fwp%2Fv2%2Ftags&post=118433"}],"curies":[{"name":"wp","href":"https:\/\/api.w.org\/{rel}","templated":true}]}}