{"id":118437,"date":"2019-10-26T12:01:58","date_gmt":"2019-10-26T10:01:58","guid":{"rendered":"https:\/\/sana.sy\/es\/?p=118437"},"modified":"2019-10-26T12:14:23","modified_gmt":"2019-10-26T10:14:23","slug":"resumen-del-acontecer-sirio-en-las-ultimas-24-horas-3","status":"publish","type":"post","link":"https:\/\/archive.sana.sy\/es\/?p=118437","title":{"rendered":"Resumen del acontecer sirio en las \u00faltimas 24 horas"},"content":{"rendered":"<table class=\"Bs nH iY bAt\" role=\"presentation\" cellpadding=\"0\">\n<tbody>\n<tr>\n<td class=\"Bu yM\"><\/td>\n<td class=\"Bu bAn\">\n<div class=\"nH if\">\n<div class=\"nH aHU\">\n<div class=\"nH hx\">\n<div class=\"nH\" role=\"list\">\n<div class=\"h7 ie nH oy8Mbf\" tabindex=\"-1\" role=\"listitem\">\n<div class=\"Bk\">\n<div class=\"G3 G2 afm\">\n<div id=\":mq\">\n<div class=\"adn ads\" data-message-id=\"#msg-f:1648440295189039401\" data-legacy-message-id=\"16e06fb6f42ec929\">\n<div class=\"gs\">\n<div class=\"\">\n<div id=\":mt\" class=\"ii gt adO\">\n<div id=\":ms\" class=\"a3s aXjCH \">\n<div dir=\"ltr\">\n<div>\n<p style=\"text-align: justify;\"><span style=\"color: #800000;\"><b><u><span lang=\"ES-TRAD\">Damasco, SANA<\/span><\/u><\/b><\/span><\/p>\n<p style=\"text-align: justify;\"><span lang=\"ES-TRAD\">Les ofrecemos a continuaci\u00f3n un resumen de las noticias nacionales e internacionales relativas a Siria y difundidas por nuestra agencia en las \u00faltimas 24 horas:<\/span><\/p>\n<p style=\"text-align: justify;\"><span style=\"color: #0000ff;\"><b><u><span lang=\"ES-TRAD\">Venezuela ratifica su posici\u00f3n de apoyo a Siria en su guerra antiterrorista<\/span><\/u><\/b><\/span><\/p>\n<p style=\"text-align: justify;\"><span lang=\"ES-TRAD\">El ministro de Exteriores de la Rep\u00fablica Bolivariana de Venezuela, Jorge Arreaza, expres\u00f3 su orgullo por las excelentes relaciones entre su pa\u00eds y Siria, y ratific\u00f3 el pleno apoyo de Caracas a Damasco y su condena a la injerencia extranjera en los asuntos internos de Siria.<\/span><\/p>\n<p style=\"text-align: justify;\"><span lang=\"ES-TRAD\">La postura del canciller venezolano fue expresada durante su encuentro con Faisal Mekdad, Viceministro de Exteriores y Expatriados y jefe de la delegaci\u00f3n Siria en la Cumbre del Movimiento de los Pa\u00edses No Alineados que tiene lugar en la Capital Azerbaiyana Bak\u00fa.<\/span><\/p>\n<p style=\"text-align: justify;\"><span lang=\"ES-TRAD\">El canciller venezolano elogi\u00f3 los logros alcanzados por Siria bajo el liderazgo del presidente Bashar al-Assad y expres\u00f3 su agradecimiento por el apoyo sirio a su pa\u00eds frente a los planes conspiratorios occidentales dirigidos contra Venezuela y su liderazgo leg\u00edtimo.<\/span><\/p>\n<p style=\"text-align: justify;\"><span lang=\"ES-TRAD\">Por su parte, Mekdad destac\u00f3 el apoyo de Siria a Venezuela, su liderazgo y su pueblo frente a las intervenciones estadounidenses y occidentales destinadas a socavar la soberan\u00eda de Venezuela y su enfoque pol\u00edtico independiente liderado por el presidente Nicol\u00e1s Maduro.<\/span><\/p>\n<p style=\"text-align: justify;\"><span lang=\"ES-TRAD\">Explic\u00f3 detalladamente\u00a0\u00a0los recientes logros de Siria en la restauraci\u00f3n del control por el ej\u00e9rcito sirio sobre grandes \u00e1reas en el noreste del pa\u00eds despu\u00e9s de su liberaci\u00f3n de las agrupaciones terroristas y separatistas.<\/span><\/p>\n<p style=\"text-align: justify;\"><span lang=\"ES-TRAD\">Ambas partes acordaron fortalecer la coordinaci\u00f3n entre los dos pa\u00edses en el \u00e1mbito de la pol\u00edtica exterior, las organizaciones internacionales y las cuestiones de inter\u00e9s com\u00fan.<\/span><\/p>\n<p style=\"text-align: justify;\"><span lang=\"ES-TRAD\">Por otro lado, el vicecanciller sirio se reuni\u00f3 con Peter Maurer, Presidente del Comit\u00e9 Internacional de la Cruz Roja (CICR).<\/span><\/p>\n<p style=\"text-align: justify;\"><span lang=\"ES-TRAD\">Ambos expresaron su satisfacci\u00f3n por el nivel de cooperaci\u00f3n alcanzado entre Siria y el CICR en la prestaci\u00f3n de asistencia humanitaria a los necesitados en Siria.<\/span><\/p>\n<p style=\"text-align: justify;\"><span lang=\"ES-TRAD\">Tambi\u00e9n coincidieron en la necesidad de intensificar los esfuerzos para hacer frente a los crecientes desaf\u00edos humanitarios derivados de los recientes acontecimientos en la regi\u00f3n nororiental del pa\u00eds.<\/span><\/p>\n<p style=\"text-align: justify;\"><span lang=\"ES-TRAD\">Maurer expres\u00f3 su gran aprecio por la cooperaci\u00f3n del Estado sirio con la Cruz Roja, en particular en lo relativo al campamento de al-Hol, incluidas las facilitaciones especiales que permitieron a la Cruz Roja proporcionar asistencia humanitaria, m\u00e9dica y alimentaria all\u00ed.<\/span><\/p>\n<p style=\"text-align: justify;\"><span lang=\"ES-TRAD\">En este sentido, Mekdad expres\u00f3 su gratitud por los esfuerzos de la Cruz Roja Internacional, y subray\u00f3 la disposici\u00f3n de Siria a continuar la cooperaci\u00f3n y proporcionar m\u00e1s facilidades para aliviar las dificultades causadas por las pr\u00e1cticas de los grupos terroristas armados y sus patrocinadores, que fueron la agravante principal del sufrimiento humano en esas \u00e1reas.<\/span><\/p>\n<p style=\"text-align: justify;\"><span style=\"color: #0000ff;\"><b><u><span lang=\"ES-TRAD\">Jaafari: la agresi\u00f3n turca viola las resoluciones del Consejo de Seguridad y las negociaciones de Astan\u00e1 y Sochi<\/span><\/u><\/b><\/span><\/p>\n<p style=\"text-align: justify;\"><span lang=\"ES-TRAD\">El delegado sirio ante las Naciones Unidas, Bashar Jaafari, reiter\u00f3 la condena de Damasco en los t\u00e9rminos m\u00e1s en\u00e9rgicos a la agresi\u00f3n turca contra el territorio sirio y rechaz\u00f3 categ\u00f3ricamente el intento del r\u00e9gimen de Erdogan de justificar sus acciones agresivas con cualquier pretexto.<\/span><\/p>\n<p style=\"text-align: justify;\"><span lang=\"ES-TRAD\">Durante una sesi\u00f3n del Consejo de Seguridad dedicada a la situaci\u00f3n en Siria, Jaafari destac\u00f3 que esta agresi\u00f3n viola las resoluciones del Consejo de Seguridad de la ONU, los acuerdos de Astan\u00e1 y los resultados de la conferencia de Sochi que enfatizan el respeto a la soberan\u00eda de Siria, su unidad e integridad territorial.<\/span><\/p>\n<p style=\"text-align: justify;\"><span lang=\"ES-TRAD\">El diplom\u00e1tico sirio explic\u00f3 que el r\u00e9gimen turco comenz\u00f3 el d\u00eda 9 del mes en curso una agresi\u00f3n y ocup\u00f3\u00a0\u00a0parte del territorio sirio y provoc\u00f3 la muerte y lesiones de cientos de civiles, incluidos ni\u00f1os, mujeres y trabajadores, adem\u00e1s de provocar desplazamiento de cientos de miles y da\u00f1os materiales significativos en las instalaciones de servicios como escuelas, hospitales e infraestructuras vitales, tales como presas y plantas de energ\u00eda y agua.<\/span><\/p>\n<p style=\"text-align: justify;\"><span lang=\"ES-TRAD\">\u201cEl r\u00e9gimen turco incluy\u00f3 en su carta al Consejo de Seguridad una serie de mentiras para justificar su agresi\u00f3n como su alegaci\u00f3n de que su objetivo es facilitar el regreso de los desplazados, preservar la integridad territorial de la Rep\u00fablica \u00c1rabe Siria y combatir el terrorismo\u201d, denunci\u00f3 el delegado sirio.<\/span><\/p>\n<p style=\"text-align: justify;\"><span lang=\"ES-TRAD\">Agreg\u00f3 que este r\u00e9gimen llam\u00f3 al \u00e1rea que ocupa \u201cla zona segura\u201d en una afirmaci\u00f3n de la agravaci\u00f3n del estado de esquizofrenia, donde fue lanzado hace a\u00f1os el lema \u201ccero problemas\u201d con sus vecinos y termin\u00f3 cero principios y cero amigos y cero buenos vecinos.<\/span><\/p>\n<p style=\"text-align: justify;\"><span lang=\"ES-TRAD\">Se\u00f1al\u00f3, adem\u00e1s, que los cr\u00edmenes y pr\u00e1cticas de las milicias de la ilegal coalici\u00f3n internacional han allanado el terreno para la actual agresi\u00f3n turca.<\/span><\/p>\n<p style=\"text-align: justify;\"><span lang=\"ES-TRAD\">Jaafari se\u00f1al\u00f3 que la condena de la agresi\u00f3n turca por parte de los delegados de los pa\u00edses europeos no les exime de ser responsables de incitar al surgimiento de la situaci\u00f3n actual, pues sus pa\u00edses ten\u00edan un papel principal en el apoyo y el patrocinio de las milicias separatistas ilegales en norte de Siria.<\/span><\/p>\n<p style=\"text-align: justify;\"><span lang=\"ES-TRAD\">En la sesi\u00f3n, el embajador sirio inform\u00f3 que Siria envi\u00f3 un mensaje oficial que contiene su respuesta detallada a lo que se incluy\u00f3 en el informe 63\u00aa de la Secretar\u00eda General sobre la implementaci\u00f3n de las resoluciones relacionadas con asuntos humanitarios.<\/span><\/p>\n<p style=\"text-align: justify;\"><span lang=\"ES-TRAD\">La carta, seg\u00fan Jaafari, exige garantizar la retirada total de las fuerzas extranjeras presentes ilegalmente en el territorio sirio y que apoyan el terrorismo y obstaculizan los esfuerzos del estado y sus aliados para mejorar las condiciones humanitarias, como en el campamento de Rukban en Tanef.<\/span><\/p>\n<p style=\"text-align: justify;\"><span lang=\"ES-TRAD\">Tambi\u00e9n hace hincapi\u00e9 en la necesidad de levantar las medidas econ\u00f3micas coercitivas unilaterales impuestas a los sirios y cooperar plenamente con el estado sirio y apoyar sus esfuerzos en la lucha contra el terrorismo y en el trabajo humanitario y de desarrollo.<\/span><\/p>\n<p style=\"text-align: justify;\"><span style=\"color: #0000ff;\"><b><u><span lang=\"ES-TRAD\">Fuerzas del ocupante turco secuestran a civiles y saquean pueblos del campo de Hasakeh<\/span><\/u><\/b><\/span><\/p>\n<p style=\"text-align: justify;\"><span lang=\"ES-TRAD\">Los agresores turcos junto con sus mercenarios terroristas, continuaron sus actos criminales contra los habitantes de los pueblos y las localidades ocupadas en las cercan\u00edas de Ras Al Ein, en el campo de la provincia de Hasakeh.<\/span><\/p>\n<p style=\"text-align: justify;\"><span lang=\"ES-TRAD\">El reportero de SANA inform\u00f3 que los terroristas del r\u00e9gimen de Erdogan secuestraron a un grupo de civiles de la localidad de Manayir (campo de Tal Tamer) en el noroeste de Hasakeh, y los llevaron al pueblo de Um Allaban.<\/span><\/p>\n<p style=\"text-align: justify;\"><span lang=\"ES-TRAD\">Precis\u00f3 que las tropas ocupantes del r\u00e9gimen turco y sus mercenarios saquearon los pueblos de al Amiriya y Manayir\u00a0\u00a0y atentaron contra los habitantes de dichos pueblos.<\/span><\/p>\n<p style=\"text-align: justify;\"><span lang=\"ES-TRAD\">En el mismo contexto, enfrentamientos tuvieron lugar durante las \u00faltimas horas, entre los mercenarios de Erdogan y los grupos de la milicia disuelta QSD en el pueblo de Asadiya en el campo sure\u00f1o de Ras Al Ein, al mismo tiempo que aviones de reconocimiento turcos sobrevolaban este mismo pueblo.<\/span><\/p>\n<p style=\"text-align: justify;\"><span lang=\"ES-TRAD\">Por otro lado, el ocupante norteamericano sigue retirando a sus fuerzas y su material b\u00e9lico hacia Iraq, y en este sentido, un convoy de las tropas estadounidenses sali\u00f3 de la ciudad de Shadadi al sur de Hasakeh hacia la frontera con Irak.<\/span><\/p>\n<p style=\"text-align: justify;\"><span style=\"color: #0000ff;\"><b><u><span lang=\"ES-TRAD\">La II Feria Internacional de Medios y Publicidad de Siria comienza hoy s\u00e1bado<\/span><\/u><\/b><\/span><\/p>\n<p style=\"text-align: justify;\"><span lang=\"ES-TRAD\">La segunda edici\u00f3n de la Feria Internacional de Medios y Publicidad de Siria comenz\u00f3 este s\u00e1bado con la participaci\u00f3n de m\u00e1s de 70 medios de comunicaci\u00f3n y publicitarios locales, \u00e1rabes y extranjeros.<\/span><\/p>\n<p style=\"text-align: justify;\"><span lang=\"ES-TRAD\">El evento que se lleva a cabo en los salones del Recinto Ferial de Expo-Damasco, lo organiza\u00a0\u00a0el grupo Internacional Mashhadani para Exposiciones y Conferencias.<\/span><\/p>\n<p style=\"text-align: justify;\"><span lang=\"ES-TRAD\">La feria se dedica a equipos multimedia, publicidad, tecnolog\u00eda comunicacional e imprenta moderna y sus accesorios, software de dibujo y dise\u00f1o 2D y 3D.<\/span><\/p>\n<p style=\"text-align: justify;\"><span lang=\"ES-TRAD\">El Director General del grupo organizador, Khalaf Mashhadani, explic\u00f3 que la feria pone de relieve los \u00faltimos logros de Siria en el campo de las tecnolog\u00edas modernas en este campo.<\/span><\/p>\n<p style=\"text-align: justify;\"><span lang=\"ES-TRAD\">La exposici\u00f3n atrae a las empresas m\u00e1s destacadas e importantes que laboran en la fabricaci\u00f3n de equipos de audio, Iluminaci\u00f3n, servicios de conectividad y medios, ingenier\u00eda de aplicaciones multimedia y marketing digital.<\/span><\/p>\n<p style=\"text-align: justify;\"><span lang=\"ES-TRAD\">Se lanzar\u00e1n, adem\u00e1s, nuevas t\u00e9cnicas de impresi\u00f3n que se emplear\u00e1n por primera vez en Siria.<\/span><\/p>\n<p style=\"text-align: justify;\"><span lang=\"ES-TRAD\">Uno de los objetivos del evento es actualizar a los trabajadores de los medios de comunicaci\u00f3n, decisores, comerciantes e industriales sobre las nuevas tecnolog\u00edas en el campo de los medios de comunicaci\u00f3n y la publicidad para beneficiarse de ellas en sus planes medi\u00e1ticos.<\/span><\/p>\n<p style=\"text-align: justify;\"><span style=\"color: #0000ff;\"><b><u><span lang=\"ES-TRAD\">Artistas pl\u00e1sticos sirios participan en varias exposiciones en EE.UU.<\/span><\/u><\/b><\/span><\/p>\n<p style=\"text-align: justify;\"><span lang=\"ES-TRAD\">Durante los meses de septiembre y el actual de octubre, fueron organizadas en los estados de Nueva York, Nueva Jersey y Florida, varias exposiciones de un grupo de artistas pl\u00e1sticos sirios bajo el t\u00edtulo: \u201cEl Arte en Siria en los Tiempos de Guerra: De la Guerra hacia la Esperanza\u201d.<\/span><\/p>\n<p style=\"text-align: justify;\"><span lang=\"ES-TRAD\">Las exposiciones fueron organizadas por la Fundaci\u00f3n del Expatriado sirio en Florida, Tony Khawam, \u201cKhawam Gallery\u201d, en cooperaci\u00f3n con las organizaciones ben\u00e9ficas de \u201cAwareness Foundation\u201d y \u201cCommon Humanity\u201d.<\/span><\/p>\n<p style=\"text-align: justify;\"><span lang=\"ES-TRAD\">Las obras, que fueron realizadas por 12 artistas pl\u00e1sticas, reflejan los impactos de la guerra terrorista sobre los seres humanos y el arte en Siria durante los \u00faltimos a\u00f1os, y tambi\u00e9n reflejan la esperanza de los sirios en poner fin a esa guerra.<\/span><\/p>\n<p style=\"text-align: justify;\"><span lang=\"ES-TRAD\">Las exhibiciones acapararon la atenci\u00f3n de instituciones comerciales estadounidenses e internacionales, organismos culturales, organizaciones ben\u00e9ficas y ciudadanos norteamericanos y arabo-estadounidenses.<\/span><\/p>\n<p style=\"text-align: justify;\"><span style=\"color: #0000ff;\"><b><u><span lang=\"ES-TRAD\">Comienza hoy Exposici\u00f3n Internacional de Petr\u00f3leo y Recursos Minerales de Siria<\/span><\/u><\/b><\/span><\/p>\n<p style=\"text-align: justify;\"><span lang=\"ES-TRAD\">La Feria Internacional de Petr\u00f3leo y Recursos Minerales de Siria (Sirpetro) abre sus puertas del 26 al 29 del presente mes de octubre, con la participaci\u00f3n de empresas locales, \u00e1rabes y extranjeras en la Ciudad de Ferias de Damasco.<\/span><\/p>\n<p style=\"text-align: justify;\"><span lang=\"ES-TRAD\">Participan en la feria empresas especializadas en exploraci\u00f3n, perforaci\u00f3n, extracci\u00f3n, refinaci\u00f3n y comercializaci\u00f3n de petr\u00f3leo, adem\u00e1s de empresas de servicios petroleros y equipos petroleros.<\/span><\/p>\n<p style=\"text-align: justify;\"><span lang=\"ES-TRAD\">Otras empresas dedicadas a la geolog\u00eda, los recursos minerales y la inversi\u00f3n en arena y piedra caliza presentar\u00e1n en la feria sus tecnolog\u00edas.<\/span><\/p>\n<p style=\"text-align: justify;\"><span lang=\"ES-TRAD\">El evento, seg\u00fan los organizadores, es una oportunidad para intercambiar experticias que permitan a los especialistas contribuir a trazar la fisonom\u00eda del futuro del sector energ\u00e9tico en Siria, con cara a la etapa de reconstrucci\u00f3n.<\/span><\/p>\n<p style=\"text-align: justify;\"><span style=\"color: #0000ff;\"><b><u><span lang=\"ES-TRAD\">Selecci\u00f3n siria de f\u00fatbol avanza dos puestos en la clasificaci\u00f3n de la FIFA<\/span><\/u><\/b><\/span><\/p>\n<p style=\"text-align: justify;\"><span lang=\"ES-TRAD\">La selecci\u00f3n siria de f\u00fatbol avanz\u00f3 dos puestos en el ranking internacional de la FIFA al alcanzar el puesto 83 a nivel del mundo y el d\u00e9cimo a nivel de Asia.<\/span><\/p>\n<p style=\"text-align: justify;\"><span lang=\"ES-TRAD\">El equipo sirio cuenta ahora con mil 292 puntos despu\u00e9s de recibir 12 nuevos puntos de clasificaci\u00f3n gracias a la victoria sobre Maldivas y Guam en las eliminatorias para la Copa del Mundo de 2022 y la Copa Asi\u00e1tica 2023.<\/span><\/p>\n<p style=\"text-align: justify;\"><span lang=\"ES-TRAD\">La mejor calificaci\u00f3n alcanzada por la selecci\u00f3n siria fue el puesto 74 a finales de 2018.<\/span><\/p>\n<\/div>\n<div class=\"yj6qo ajU\" style=\"text-align: justify;\">\n<div id=\":n8\" class=\"ajR\" tabindex=\"0\" role=\"button\" data-tooltip=\"Mostrar contenido reducido\" aria-label=\"Mostrar contenido reducido\" aria-expanded=\"false\"><img decoding=\"async\" class=\"ajT\" src=\"https:\/\/ssl.gstatic.com\/ui\/v1\/icons\/mail\/images\/cleardot.gif\" \/><\/div>\n<\/div>\n<\/div>\n<\/div>\n<\/div>\n<div class=\"hi\" style=\"text-align: justify;\"><\/div>\n<\/div>\n<\/div>\n<div class=\"ajx\" style=\"text-align: justify;\"><\/div>\n<\/div>\n<div class=\"gA gt acV\" style=\"text-align: justify;\">\n<div class=\"gB xu\">\n<div class=\"ip iq\">\n<div id=\":mu\"><\/div>\n<\/div>\n<\/div>\n<\/div>\n<\/div>\n<\/div>\n<\/div>\n<\/div>\n<\/div>\n<div class=\"nH\" style=\"text-align: justify;\"><\/div>\n<div class=\"nH\" style=\"text-align: justify;\"><\/div>\n<\/div>\n<\/div>\n<div class=\"nH\" style=\"text-align: justify;\">\n<div class=\"l2 pfiaof\" role=\"contentinfo\">\n<div id=\":nt\"><\/div>\n<div id=\":nx\" class=\"aeV\">\n<div>\n<div class=\"md mj\">\n<div><\/div>\n<div class=\"aeW\"><\/div>\n<\/div>\n<\/div>\n<\/div>\n<div class=\"aeU\">\n<div id=\":nw\">\n<div>\n<div class=\"ma\"><\/div>\n<\/div>\n<\/div>\n<\/div>\n<div id=\":nu\" class=\"ae3\">\n<div>\n<div class=\"l6\">\n<div><\/div>\n<p>&nbsp;<\/p>\n<\/div>\n<\/div>\n<\/div>\n<div><\/div>\n<\/div>\n<\/div>\n<\/div>\n<\/td>\n<td class=\"Bu yM\" style=\"text-align: justify;\">\n<div class=\"Bt\"><\/div>\n<div class=\"nH\">\n<div class=\"no\">\n<div class=\"nH nn\"><\/div>\n<\/div>\n<\/div>\n<\/td>\n<\/tr>\n<\/tbody>\n<\/table>\n","protected":false},"excerpt":{"rendered":"<p>Damasco, SANA Les ofrecemos a continuaci\u00f3n un resumen de las noticias nacionales e internacionales relativas a Siria y difundidas por nuestra agencia en las \u00faltimas 24 horas: Venezuela ratifica su posici\u00f3n de apoyo a Siria en su guerra antiterrorista El ministro de Exteriores de la Rep\u00fablica Bolivariana de Venezuela, Jorge Arreaza, expres\u00f3 su orgullo por &hellip;<\/p>\n","protected":false},"author":35,"featured_media":118438,"comment_status":"closed","ping_status":"closed","sticky":false,"template":"","format":"standard","meta":{"footnotes":""},"categories":[555],"tags":[],"class_list":["post-118437","post","type-post","status-publish","format-standard","has-post-thumbnail","","category-prensa"],"_links":{"self":[{"href":"https:\/\/archive.sana.sy\/es\/index.php?rest_route=\/wp\/v2\/posts\/118437"}],"collection":[{"href":"https:\/\/archive.sana.sy\/es\/index.php?rest_route=\/wp\/v2\/posts"}],"about":[{"href":"https:\/\/archive.sana.sy\/es\/index.php?rest_route=\/wp\/v2\/types\/post"}],"author":[{"embeddable":true,"href":"https:\/\/archive.sana.sy\/es\/index.php?rest_route=\/wp\/v2\/users\/35"}],"replies":[{"embeddable":true,"href":"https:\/\/archive.sana.sy\/es\/index.php?rest_route=%2Fwp%2Fv2%2Fcomments&post=118437"}],"version-history":[{"count":0,"href":"https:\/\/archive.sana.sy\/es\/index.php?rest_route=\/wp\/v2\/posts\/118437\/revisions"}],"wp:featuredmedia":[{"embeddable":true,"href":"https:\/\/archive.sana.sy\/es\/index.php?rest_route=\/wp\/v2\/media\/118438"}],"wp:attachment":[{"href":"https:\/\/archive.sana.sy\/es\/index.php?rest_route=%2Fwp%2Fv2%2Fmedia&parent=118437"}],"wp:term":[{"taxonomy":"category","embeddable":true,"href":"https:\/\/archive.sana.sy\/es\/index.php?rest_route=%2Fwp%2Fv2%2Fcategories&post=118437"},{"taxonomy":"post_tag","embeddable":true,"href":"https:\/\/archive.sana.sy\/es\/index.php?rest_route=%2Fwp%2Fv2%2Ftags&post=118437"}],"curies":[{"name":"wp","href":"https:\/\/api.w.org\/{rel}","templated":true}]}}