{"id":118511,"date":"2019-10-26T21:27:02","date_gmt":"2019-10-26T19:27:02","guid":{"rendered":"https:\/\/sana.sy\/es\/?p=118511"},"modified":"2019-10-26T21:27:02","modified_gmt":"2019-10-26T19:27:02","slug":"patrulla-conjunta-del-ejercito-sirio-y-la-policia-militar-rusa-en-zonas-fronterizas-con-turquia","status":"publish","type":"post","link":"https:\/\/archive.sana.sy\/es\/?p=118511","title":{"rendered":"Patrulla conjunta del ej\u00e9rcito sirio y la polic\u00eda militar rusa en zonas fronterizas con Turqu\u00eda"},"content":{"rendered":"<p><iframe loading=\"lazy\" src=\"https:\/\/www.youtube.com\/embed\/oZIJYls0ipE\" width=\"900\" height=\"492\" frameborder=\"0\" allowfullscreen=\"allowfullscreen\"><\/iframe><\/p>\n<p><span style=\"color: #0000ff;\">FM\/ RR<\/span><\/p>\n","protected":false},"excerpt":{"rendered":"<p>FM\/ RR<\/p>\n","protected":false},"author":31,"featured_media":118512,"comment_status":"closed","ping_status":"closed","sticky":false,"template":"","format":"standard","meta":{"footnotes":""},"categories":[624],"tags":[],"class_list":["post-118511","post","type-post","status-publish","format-standard","has-post-thumbnail","","category-video-sana"],"_links":{"self":[{"href":"https:\/\/archive.sana.sy\/es\/index.php?rest_route=\/wp\/v2\/posts\/118511"}],"collection":[{"href":"https:\/\/archive.sana.sy\/es\/index.php?rest_route=\/wp\/v2\/posts"}],"about":[{"href":"https:\/\/archive.sana.sy\/es\/index.php?rest_route=\/wp\/v2\/types\/post"}],"author":[{"embeddable":true,"href":"https:\/\/archive.sana.sy\/es\/index.php?rest_route=\/wp\/v2\/users\/31"}],"replies":[{"embeddable":true,"href":"https:\/\/archive.sana.sy\/es\/index.php?rest_route=%2Fwp%2Fv2%2Fcomments&post=118511"}],"version-history":[{"count":0,"href":"https:\/\/archive.sana.sy\/es\/index.php?rest_route=\/wp\/v2\/posts\/118511\/revisions"}],"wp:featuredmedia":[{"embeddable":true,"href":"https:\/\/archive.sana.sy\/es\/index.php?rest_route=\/wp\/v2\/media\/118512"}],"wp:attachment":[{"href":"https:\/\/archive.sana.sy\/es\/index.php?rest_route=%2Fwp%2Fv2%2Fmedia&parent=118511"}],"wp:term":[{"taxonomy":"category","embeddable":true,"href":"https:\/\/archive.sana.sy\/es\/index.php?rest_route=%2Fwp%2Fv2%2Fcategories&post=118511"},{"taxonomy":"post_tag","embeddable":true,"href":"https:\/\/archive.sana.sy\/es\/index.php?rest_route=%2Fwp%2Fv2%2Ftags&post=118511"}],"curies":[{"name":"wp","href":"https:\/\/api.w.org\/{rel}","templated":true}]}}