{"id":118514,"date":"2019-10-27T06:39:50","date_gmt":"2019-10-27T04:39:50","guid":{"rendered":"https:\/\/sana.sy\/es\/?p=118514"},"modified":"2019-10-27T06:45:11","modified_gmt":"2019-10-27T04:45:11","slug":"el-movimiento-no-al-renueva-su-compromiso-con-la-soberania-de-siria-y-rechazan-la-injerencia-en-sus-asuntos-internos","status":"publish","type":"post","link":"https:\/\/archive.sana.sy\/es\/?p=118514","title":{"rendered":"El MNOAL reafirma su compromiso con la soberan\u00eda de Siria y rechaza la injerencia en sus asuntos internos"},"content":{"rendered":"<p><strong><span style=\"color: #800000;\">Bak\u00fa, SANA<\/span><\/strong><\/p>\n<p>Los jefes de estado y de gobierno del Movimiento de Pa\u00edses No Alineados (MNOAL) ratificaron su rechazo a cualquier paso violatorio de la integridad territorial de la Rep\u00fablica \u00c1rabe de Siria, y afirmaron el respeto a su soberan\u00eda nacional y el rechazo a la intromisi\u00f3n en sus asuntos internos.<\/p>\n<p>Los l\u00edderes de los pa\u00edses (MNOAL) firmaron una declaraci\u00f3n final al t\u00e9rmino de su 18\u00aa cumbre celebrada en Bak\u00fa, capital de Azerbaiy\u00e1n, en la cual invitaron a todos los estados a \u201cabstenerse de amenazar con el uso de la fuerza o usarla de acuerdo a la Carta de Naciones Unidas.\u201d<\/p>\n<p>La nota final conden\u00f3 el apoyo prestado por \u201cIsrael\u201d a las organizaciones armadas, as\u00ed como los cr\u00edmenes terroristas que cometen el Daesh, Al-Nousra y las otras franquicias de Al-Qaeda.<\/p>\n<p>Los jefes renovaron su solidaridad con Siria en su empe\u00f1o por recuperar el Gol\u00e1n ocupado, y condenaron las proclamas unilaterales emitidas por el presidente estadounidense, Donald Trump, quien consider\u00f3 el Gol\u00e1n una parte del ente de ocupaci\u00f3n israel\u00ed.<\/p>\n<p>La declaraci\u00f3n final pidi\u00f3 al Consejo de Seguridad que asuma sus responsabilidades y condene de forma expl\u00edcita las provocaciones norteamericanas porque constituyen una grave violaci\u00f3n del derecho internacional y de los preceptos de la ONU, en especial la resoluci\u00f3n del Consejo de Seguridad No. 497 del a\u00f1o 1981 que considera nulas y sin efecto jur\u00eddico alguno las medidas adoptadas por \u201cIsrael\u201d en el Gol\u00e1n sirio ocupado.<\/p>\n<p>Los l\u00edderes del Movimiento de los No Alineados reiteraron su rechazo a todas las medidas econ\u00f3micas coercitivas impuestas por EE.UU. y Europa a Siria y a pa\u00edses No Alineados por motivos pol\u00edticos, y se\u00f1alaron que las medidas unilaterales impuestas a Siria repercuten de forma negativa en la vida de los sirios y son incompatibles con el derecho internacional por lo cual son ileg\u00edtimas y deben ser removidas.<\/p>\n<p><span style=\"color: #0000ff;\"><strong>R.Sh\/R.R\/ F.M<\/strong>\u00a0<\/span><\/p>\n<p><img decoding=\"async\" src=\"http:\/\/sana.sy\/wp-content\/uploads\/2019\/10\/0-32.jpg\" \/><\/p>\n<p><img decoding=\"async\" src=\"http:\/\/sana.sy\/wp-content\/uploads\/2019\/10\/0000005.jpg\" \/><\/p>\n<p>&nbsp;<\/p>\n","protected":false},"excerpt":{"rendered":"<p>Bak\u00fa, SANA Los jefes de estado y de gobierno del Movimiento de Pa\u00edses No Alineados (MNOAL) ratificaron su rechazo a cualquier paso violatorio de la integridad territorial de la Rep\u00fablica \u00c1rabe de Siria, y afirmaron el respeto a su soberan\u00eda nacional y el rechazo a la intromisi\u00f3n en sus asuntos internos. Los l\u00edderes de los &hellip;<\/p>\n","protected":false},"author":31,"featured_media":118515,"comment_status":"closed","ping_status":"closed","sticky":false,"template":"","format":"standard","meta":{"footnotes":""},"categories":[597,467,7541],"tags":[],"class_list":["post-118514","post","type-post","status-publish","format-standard","has-post-thumbnail","","category-cinta-de-noticias","category-siria-y-el-mundo","category-ultimas-noticias"],"_links":{"self":[{"href":"https:\/\/archive.sana.sy\/es\/index.php?rest_route=\/wp\/v2\/posts\/118514"}],"collection":[{"href":"https:\/\/archive.sana.sy\/es\/index.php?rest_route=\/wp\/v2\/posts"}],"about":[{"href":"https:\/\/archive.sana.sy\/es\/index.php?rest_route=\/wp\/v2\/types\/post"}],"author":[{"embeddable":true,"href":"https:\/\/archive.sana.sy\/es\/index.php?rest_route=\/wp\/v2\/users\/31"}],"replies":[{"embeddable":true,"href":"https:\/\/archive.sana.sy\/es\/index.php?rest_route=%2Fwp%2Fv2%2Fcomments&post=118514"}],"version-history":[{"count":0,"href":"https:\/\/archive.sana.sy\/es\/index.php?rest_route=\/wp\/v2\/posts\/118514\/revisions"}],"wp:featuredmedia":[{"embeddable":true,"href":"https:\/\/archive.sana.sy\/es\/index.php?rest_route=\/wp\/v2\/media\/118515"}],"wp:attachment":[{"href":"https:\/\/archive.sana.sy\/es\/index.php?rest_route=%2Fwp%2Fv2%2Fmedia&parent=118514"}],"wp:term":[{"taxonomy":"category","embeddable":true,"href":"https:\/\/archive.sana.sy\/es\/index.php?rest_route=%2Fwp%2Fv2%2Fcategories&post=118514"},{"taxonomy":"post_tag","embeddable":true,"href":"https:\/\/archive.sana.sy\/es\/index.php?rest_route=%2Fwp%2Fv2%2Ftags&post=118514"}],"curies":[{"name":"wp","href":"https:\/\/api.w.org\/{rel}","templated":true}]}}