{"id":118519,"date":"2019-10-26T13:58:33","date_gmt":"2019-10-26T11:58:33","guid":{"rendered":"https:\/\/sana.sy\/es\/?p=118519"},"modified":"2019-10-26T23:03:16","modified_gmt":"2019-10-26T21:03:16","slug":"dos-cortometrajes-sirios-reciben-premios-en-el-festival-de-cine-arabe-de-casablanca","status":"publish","type":"post","link":"https:\/\/archive.sana.sy\/es\/?p=118519","title":{"rendered":"Dos cortometrajes sirios reciben premios en el Festival de Cine \u00c1rabe de Casablanca"},"content":{"rendered":"<p><span style=\"color: #800000;\">Damasco, SANA<\/span><\/p>\n<p style=\"text-align: justify;\">Los cortometrajes \u201cJoury\u201d y \u201cCord\u00f3n Umbilical\u201d ganaron el Primer Premio y el premio por el Mejor Gui\u00f3n respectivamente en las actividades de la 2\u00aa edici\u00f3n del Festival de Cine \u00c1rabe de Casablanca en Marruecos.<\/p>\n<p style=\"text-align: justify;\">En \u201cJoury\u201d, se expone la agon\u00eda de la ni\u00f1a Joury despu\u00e9s de perder a su familia en los tiempos de guerra y c\u00f3mo se ha transformado su vida y sus sue\u00f1os en medio de condiciones dif\u00edciles y miserables.<\/p>\n<p style=\"text-align: justify;\">El segundo cortometraje, \u201cCord\u00f3n Umbilical\u201d, habla de una mujer que est\u00e1 en parto prematuro y las grandes dificultades que tiene su esposo para asegurar el acceso de la partera a la casa debido a las circunstancias de la guerra.<\/p>\n<p style=\"text-align: justify;\">Es de se\u00f1alar que la 2\u00aa edici\u00f3n del Festival de Cine \u00c1rabe de Casablanca cont\u00f3 con la participaci\u00f3n de 198 pel\u00edculas de largo y corto metrajes procedentes de 19 estados \u00e1rabes y que son producci\u00f3n de los a\u00f1os 2018 y 2019.<\/p>\n<p><span style=\"color: #0000ff;\">R.R.\/ R.Sh.<\/span><\/p>\n","protected":false},"excerpt":{"rendered":"<p>Damasco, SANA Los cortometrajes \u201cJoury\u201d y \u201cCord\u00f3n Umbilical\u201d ganaron el Primer Premio y el premio por el Mejor Gui\u00f3n respectivamente en las actividades de la 2\u00aa edici\u00f3n del Festival de Cine \u00c1rabe de Casablanca en Marruecos. En \u201cJoury\u201d, se expone la agon\u00eda de la ni\u00f1a Joury despu\u00e9s de perder a su familia en los tiempos &hellip;<\/p>\n","protected":false},"author":31,"featured_media":118521,"comment_status":"closed","ping_status":"closed","sticky":false,"template":"","format":"standard","meta":{"footnotes":""},"categories":[597,510,7541],"tags":[],"class_list":["post-118519","post","type-post","status-publish","format-standard","has-post-thumbnail","","category-cinta-de-noticias","category-arte-y-cultura","category-ultimas-noticias"],"_links":{"self":[{"href":"https:\/\/archive.sana.sy\/es\/index.php?rest_route=\/wp\/v2\/posts\/118519"}],"collection":[{"href":"https:\/\/archive.sana.sy\/es\/index.php?rest_route=\/wp\/v2\/posts"}],"about":[{"href":"https:\/\/archive.sana.sy\/es\/index.php?rest_route=\/wp\/v2\/types\/post"}],"author":[{"embeddable":true,"href":"https:\/\/archive.sana.sy\/es\/index.php?rest_route=\/wp\/v2\/users\/31"}],"replies":[{"embeddable":true,"href":"https:\/\/archive.sana.sy\/es\/index.php?rest_route=%2Fwp%2Fv2%2Fcomments&post=118519"}],"version-history":[{"count":0,"href":"https:\/\/archive.sana.sy\/es\/index.php?rest_route=\/wp\/v2\/posts\/118519\/revisions"}],"wp:featuredmedia":[{"embeddable":true,"href":"https:\/\/archive.sana.sy\/es\/index.php?rest_route=\/wp\/v2\/media\/118521"}],"wp:attachment":[{"href":"https:\/\/archive.sana.sy\/es\/index.php?rest_route=%2Fwp%2Fv2%2Fmedia&parent=118519"}],"wp:term":[{"taxonomy":"category","embeddable":true,"href":"https:\/\/archive.sana.sy\/es\/index.php?rest_route=%2Fwp%2Fv2%2Fcategories&post=118519"},{"taxonomy":"post_tag","embeddable":true,"href":"https:\/\/archive.sana.sy\/es\/index.php?rest_route=%2Fwp%2Fv2%2Ftags&post=118519"}],"curies":[{"name":"wp","href":"https:\/\/api.w.org\/{rel}","templated":true}]}}