{"id":118543,"date":"2019-10-27T11:08:54","date_gmt":"2019-10-27T09:08:54","guid":{"rendered":"https:\/\/sana.sy\/es\/?p=118543"},"modified":"2019-10-27T12:15:59","modified_gmt":"2019-10-27T10:15:59","slug":"cancilleres-de-nicaragua-y-mauritania-expresan-apoyo-y-solidaridad-con-siria","status":"publish","type":"post","link":"https:\/\/archive.sana.sy\/es\/?p=118543","title":{"rendered":"Cancilleres de Nicaragua y Mauritania expresan apoyo y solidaridad con Siria"},"content":{"rendered":"<p style=\"text-align: justify;\"><span lang=\"ES-TRAD\" style=\"color: #800000;\">Bak\u00fa, SANA<\/span><\/p>\n<p style=\"text-align: justify;\"><span lang=\"ES-TRAD\">El viceministro de Exteriores y Expatriados, Faisal Mekdad, sostuvo un encuentro con el ministro de Exteriores de Mauritania, Ismail Ould Cheikh Ahmed, al margen de la 18\u00aa Cumbre del Movimiento de Pa\u00edses No Alineados, que clausur\u00f3 la v\u00edspera en Bak\u00fa, la capital de Azerbaiy\u00e1n.<\/span><\/p>\n<p style=\"text-align: justify;\"><span lang=\"ES-TRAD\">Ambos abordaron las perspectivas de cooperaci\u00f3n entre los dos pa\u00edses y los mecanismos para impulsar las relaciones econ\u00f3micas y promover las inversiones.<\/span><\/p>\n<p style=\"text-align: justify;\"><span lang=\"ES-TRAD\">Mekdad apreci\u00f3 las posturas del pueblo mauritano en apoyo a Siria, y indic\u00f3 que estas posturas reflejan los lazos fraternales entre los dos pueblos.<\/span><\/p>\n<p style=\"text-align: justify;\"><span lang=\"ES-TRAD\">Por su parte, el canciller mauritano dese\u00f3 que Siria logre m\u00e1s victorias en la guerra contra el terrorismo, que salga de su crisis en un futuro muy cercano y vuelva a ejercer su papel natural a nivel regional e internacional.<\/span><\/p>\n<p style=\"text-align: justify;\"><span lang=\"ES-TRAD\">El Vicecanciller Mekdad se reuni\u00f3 tambi\u00e9n con el Ministro de Exteriores de Nicaragua, Denis Moncada Collins.<\/span><\/p>\n<p style=\"text-align: justify;\"><span lang=\"ES-TRAD\">Las conversaciones giraron en torno de los complots que enfrentan las dos naciones por parte de Estados Unidos y sus herramientas en la regi\u00f3n \u00e1rabe y en Am\u00e9rica Latina, y la importancia de la coordinaci\u00f3n continua entre los dos pa\u00edses para enfrentar los intentos de dominaci\u00f3n estadounidense y occidental a nivel global.<\/span><\/p>\n<p style=\"text-align: justify;\"><span lang=\"ES-TRAD\">El canciller nicarag\u00fcense expres\u00f3 la solidaridad de su pa\u00eds con el pueblo y el liderazgo de la Rep\u00fablica \u00c1rabe Siria, y elogi\u00f3 los logros del Ej\u00e9rcito \u00c1rabe Sirio en la lucha contra el terrorismo y la instauraci\u00f3n de la estabilidad en toda Siria.<\/span><\/p>\n<p style=\"text-align: justify;\"><span lang=\"ES-TRAD\">Mekdad, por su parte, ratific\u00f3 el apoyo de Siria al pueblo de Nicaragua en su defensa a sus logros y en su enfrentamiento a los intentos de Estados Unidos de interferir en sus asuntos internos.<\/span><\/p>\n<p style=\"text-align: justify;\"><span lang=\"ES-TRAD\">El Viceministro de Exteriores se reuni\u00f3 tambi\u00e9n con su hom\u00f3logo ruso, Sergei Vershinin, y ambos abordaron los preparativos para la primera reuni\u00f3n del Comit\u00e9 de Discusi\u00f3n Constitucional y las maneras de superar los obst\u00e1culos puestos por algunas partes para el trabajo de este Comit\u00e9 bajo varios pretextos.<\/span><\/p>\n<p style=\"text-align: justify;\"><span lang=\"ES-TRAD\">Ambas partes acordaron que el proceso de revisi\u00f3n de la Constituci\u00f3n siria ser\u00e1 exclusivo de los sirios y dirigido por sirios sin ninguna interferencia externa.<\/span><\/p>\n<p style=\"text-align: justify;\"><span lang=\"ES-TRAD\">Asimismo, Mekdad se reuni\u00f3 con Lassina Zerbo, Secretaria Ejecutiva de la Organizaci\u00f3n del Tratado de Prohibici\u00f3n Completa de Pruebas Nucleares.<\/span><\/p>\n<p style=\"text-align: justify;\"><span lang=\"ES-TRAD\">Las conversaciones se centraron en el trabajo de dicha organizaci\u00f3n y en este sentido, Mekdad enfatiz\u00f3 que Israel es la parte responsable de no crear condiciones favorables para que los pa\u00edses de la regi\u00f3n se unan a esta organizaci\u00f3n.<\/span><\/p>\n<p style=\"text-align: justify;\"><span style=\"color: #0000ff;\">F.M\/ E.D<\/span><\/p>\n","protected":false},"excerpt":{"rendered":"<p>Bak\u00fa, SANA El viceministro de Exteriores y Expatriados, Faisal Mekdad, sostuvo un encuentro con el ministro de Exteriores de Mauritania, Ismail Ould Cheikh Ahmed, al margen de la 18\u00aa Cumbre del Movimiento de Pa\u00edses No Alineados, que clausur\u00f3 la v\u00edspera en Bak\u00fa, la capital de Azerbaiy\u00e1n. Ambos abordaron las perspectivas de cooperaci\u00f3n entre los dos &hellip;<\/p>\n","protected":false},"author":32,"featured_media":118544,"comment_status":"closed","ping_status":"closed","sticky":false,"template":"","format":"standard","meta":{"footnotes":""},"categories":[597,467,7541],"tags":[16885],"class_list":["post-118543","post","type-post","status-publish","format-standard","has-post-thumbnail","","category-cinta-de-noticias","category-siria-y-el-mundo","category-ultimas-noticias","tag-cancilleres-de-nicaragua-y-mauritania-expresan-apoyo-y-solidaridad-con-siria"],"_links":{"self":[{"href":"https:\/\/archive.sana.sy\/es\/index.php?rest_route=\/wp\/v2\/posts\/118543"}],"collection":[{"href":"https:\/\/archive.sana.sy\/es\/index.php?rest_route=\/wp\/v2\/posts"}],"about":[{"href":"https:\/\/archive.sana.sy\/es\/index.php?rest_route=\/wp\/v2\/types\/post"}],"author":[{"embeddable":true,"href":"https:\/\/archive.sana.sy\/es\/index.php?rest_route=\/wp\/v2\/users\/32"}],"replies":[{"embeddable":true,"href":"https:\/\/archive.sana.sy\/es\/index.php?rest_route=%2Fwp%2Fv2%2Fcomments&post=118543"}],"version-history":[{"count":0,"href":"https:\/\/archive.sana.sy\/es\/index.php?rest_route=\/wp\/v2\/posts\/118543\/revisions"}],"wp:featuredmedia":[{"embeddable":true,"href":"https:\/\/archive.sana.sy\/es\/index.php?rest_route=\/wp\/v2\/media\/118544"}],"wp:attachment":[{"href":"https:\/\/archive.sana.sy\/es\/index.php?rest_route=%2Fwp%2Fv2%2Fmedia&parent=118543"}],"wp:term":[{"taxonomy":"category","embeddable":true,"href":"https:\/\/archive.sana.sy\/es\/index.php?rest_route=%2Fwp%2Fv2%2Fcategories&post=118543"},{"taxonomy":"post_tag","embeddable":true,"href":"https:\/\/archive.sana.sy\/es\/index.php?rest_route=%2Fwp%2Fv2%2Ftags&post=118543"}],"curies":[{"name":"wp","href":"https:\/\/api.w.org\/{rel}","templated":true}]}}