{"id":118546,"date":"2019-10-27T11:06:58","date_gmt":"2019-10-27T09:06:58","guid":{"rendered":"https:\/\/sana.sy\/es\/?p=118546"},"modified":"2019-10-27T11:31:09","modified_gmt":"2019-10-27T09:31:09","slug":"noticias-no-confirmadas-sobre-la-muerte-del-terrorista-abu-bakr-al-baghdadi","status":"publish","type":"post","link":"https:\/\/archive.sana.sy\/es\/?p=118546","title":{"rendered":"Noticias no confirmadas sobre la muerte del terrorista Abu Bakr al-Baghdadi"},"content":{"rendered":"<p style=\"text-align: justify;\"><span style=\"color: #800000;\">Washington, SANA<\/span><\/p>\n<p style=\"text-align: justify;\">La revista estadounidense Newsweek divulg\u00f3 que el ej\u00e9rcito estadounidense llev\u00f3 a cabo este s\u00e1bado, una operaci\u00f3n contra el l\u00edder terrorista del Daesh, Abu Bakr al-Baghdadi, sin que se confirme a\u00fan si la operaci\u00f3n fuese exitosa.<\/p>\n<p style=\"text-align: justify;\">La revista cit\u00f3 a un funcionario estadounidense diciendo que la operaci\u00f3n se llev\u00f3 a cabo por fuerzas especiales despu\u00e9s de recibir informaciones de inteligencia, en la provincia de Idleb, en el noroeste de Siria.<\/p>\n<p style=\"text-align: justify;\">Este anuncio trae a la memoria el proceso de c\u00f3mo la administraci\u00f3n estadounidense se deshizo del l\u00edder de al-Qaeda, Osama bin Laden, que el propio Estados Unidos cre\u00f3 en Afganist\u00e1n.<\/p>\n<p style=\"text-align: justify;\">Washington acab\u00f3 con Bin Laden al final de su misi\u00f3n y enterr\u00f3 con \u00e9l todo los secretos de su relaci\u00f3n con EE.UU.<\/p>\n<p style=\"text-align: justify;\">Matar a al-Baghdadi por las fuerzas estadounidenses no significa que la administraci\u00f3n estadounidense est\u00e9 exonerada de la fabricaci\u00f3n de organizaciones terroristas para desestabilizar a los pa\u00edses que no est\u00e1n de acuerdo con Washington.<\/p>\n<p style=\"text-align: justify;\"><span style=\"color: #0000ff;\">F.M\/ E.D<\/span><\/p>\n","protected":false},"excerpt":{"rendered":"<p>Washington, SANA La revista estadounidense Newsweek divulg\u00f3 que el ej\u00e9rcito estadounidense llev\u00f3 a cabo este s\u00e1bado, una operaci\u00f3n contra el l\u00edder terrorista del Daesh, Abu Bakr al-Baghdadi, sin que se confirme a\u00fan si la operaci\u00f3n fuese exitosa. La revista cit\u00f3 a un funcionario estadounidense diciendo que la operaci\u00f3n se llev\u00f3 a cabo por fuerzas especiales &hellip;<\/p>\n","protected":false},"author":32,"featured_media":118547,"comment_status":"closed","ping_status":"closed","sticky":false,"template":"","format":"standard","meta":{"footnotes":""},"categories":[597,456,7541],"tags":[16886],"class_list":["post-118546","post","type-post","status-publish","format-standard","has-post-thumbnail","","category-cinta-de-noticias","category-arabe-internacional-politica","category-ultimas-noticias","tag-noticias-no-confirmadas-sobre-la-muerte-del-terrorista-abu-bakr-al-baghdadi"],"_links":{"self":[{"href":"https:\/\/archive.sana.sy\/es\/index.php?rest_route=\/wp\/v2\/posts\/118546"}],"collection":[{"href":"https:\/\/archive.sana.sy\/es\/index.php?rest_route=\/wp\/v2\/posts"}],"about":[{"href":"https:\/\/archive.sana.sy\/es\/index.php?rest_route=\/wp\/v2\/types\/post"}],"author":[{"embeddable":true,"href":"https:\/\/archive.sana.sy\/es\/index.php?rest_route=\/wp\/v2\/users\/32"}],"replies":[{"embeddable":true,"href":"https:\/\/archive.sana.sy\/es\/index.php?rest_route=%2Fwp%2Fv2%2Fcomments&post=118546"}],"version-history":[{"count":0,"href":"https:\/\/archive.sana.sy\/es\/index.php?rest_route=\/wp\/v2\/posts\/118546\/revisions"}],"wp:featuredmedia":[{"embeddable":true,"href":"https:\/\/archive.sana.sy\/es\/index.php?rest_route=\/wp\/v2\/media\/118547"}],"wp:attachment":[{"href":"https:\/\/archive.sana.sy\/es\/index.php?rest_route=%2Fwp%2Fv2%2Fmedia&parent=118546"}],"wp:term":[{"taxonomy":"category","embeddable":true,"href":"https:\/\/archive.sana.sy\/es\/index.php?rest_route=%2Fwp%2Fv2%2Fcategories&post=118546"},{"taxonomy":"post_tag","embeddable":true,"href":"https:\/\/archive.sana.sy\/es\/index.php?rest_route=%2Fwp%2Fv2%2Ftags&post=118546"}],"curies":[{"name":"wp","href":"https:\/\/api.w.org\/{rel}","templated":true}]}}