{"id":118685,"date":"2019-10-28T15:28:14","date_gmt":"2019-10-28T13:28:14","guid":{"rendered":"https:\/\/sana.sy\/es\/?p=118685"},"modified":"2019-10-29T15:31:35","modified_gmt":"2019-10-29T13:31:35","slug":"inauguran-en-deir-ezzor-un-puente-flotante-sobre-el-rio-eufrates-fotos","status":"publish","type":"post","link":"https:\/\/archive.sana.sy\/es\/?p=118685","title":{"rendered":"Inauguran en Deir Ezzor un puente flotante sobre el r\u00edo \u00c9ufrates. (fotos)"},"content":{"rendered":"<p style=\"text-align: justify;\"><strong><span style=\"color: #800000;\">Deir Ezzor, SANA<\/span><\/strong><\/p>\n<p style=\"text-align: justify;\">Fue inaugurado hoy un puente flotante que comunica ambas orillas del r\u00edo \u00c9ufrates en la ciudad de Deir Ezzor.<\/p>\n<p style=\"text-align: justify;\">El puente facilita el traslado de los civiles que cruzaban en embarcaciones, ya que la Coalici\u00f3n Internacional liderada por todos los puentes sobre el r\u00edo.<\/p>\n<p>El director t\u00e9cnico en la gobernaci\u00f3n de Deir Ezzor, Fadi Tohmeh, dijo que el puente tiene 145 metros de largo y 8 metros de ancho, y soporta una carga de aproximadamente 60 toneladas.<\/p>\n<p>El gobernador de Deir Ezzor, Abdul Majid Kawakibi, dijo el puente ser\u00e1 una arteria de la vida social y econ\u00f3mica y permitir\u00e1 a las personas comunicarse con sus familiares, adem\u00e1s de transportar bienes y cultivos agr\u00edcolas entre la regi\u00f3n de Al-Jazeera y el resto de la provincia del pa\u00eds.<\/p>\n<p><span style=\"color: #0000ff;\"><strong>F.M<\/strong><\/span><\/p>\n<div id='gallery-1' class='gallery galleryid-118685 gallery-columns-1 gallery-size-full'><figure class='gallery-item'>\n\t\t\t<div class='gallery-icon landscape'>\n\t\t\t\t<a href='https:\/\/archive.sana.sy\/es\/wp-content\/uploads\/2019\/10\/008.jpg'><img loading=\"lazy\" decoding=\"async\" width=\"1067\" height=\"582\" src=\"https:\/\/archive.sana.sy\/es\/wp-content\/uploads\/2019\/10\/008.jpg\" class=\"attachment-full size-full\" alt=\"\" srcset=\"https:\/\/archive.sana.sy\/es\/wp-content\/uploads\/2019\/10\/008.jpg 1067w, https:\/\/archive.sana.sy\/es\/wp-content\/uploads\/2019\/10\/008-150x82.jpg 150w, https:\/\/archive.sana.sy\/es\/wp-content\/uploads\/2019\/10\/008-300x164.jpg 300w, https:\/\/archive.sana.sy\/es\/wp-content\/uploads\/2019\/10\/008-768x419.jpg 768w, https:\/\/archive.sana.sy\/es\/wp-content\/uploads\/2019\/10\/008-1024x559.jpg 1024w\" sizes=\"(max-width: 1067px) 100vw, 1067px\" \/><\/a>\n\t\t\t<\/div><\/figure><figure class='gallery-item'>\n\t\t\t<div class='gallery-icon landscape'>\n\t\t\t\t<a href='https:\/\/archive.sana.sy\/es\/wp-content\/uploads\/2019\/10\/007.jpg'><img loading=\"lazy\" decoding=\"async\" width=\"1067\" height=\"582\" src=\"https:\/\/archive.sana.sy\/es\/wp-content\/uploads\/2019\/10\/007.jpg\" class=\"attachment-full size-full\" alt=\"\" srcset=\"https:\/\/archive.sana.sy\/es\/wp-content\/uploads\/2019\/10\/007.jpg 1067w, https:\/\/archive.sana.sy\/es\/wp-content\/uploads\/2019\/10\/007-150x82.jpg 150w, https:\/\/archive.sana.sy\/es\/wp-content\/uploads\/2019\/10\/007-300x164.jpg 300w, https:\/\/archive.sana.sy\/es\/wp-content\/uploads\/2019\/10\/007-768x419.jpg 768w, https:\/\/archive.sana.sy\/es\/wp-content\/uploads\/2019\/10\/007-1024x559.jpg 1024w\" sizes=\"(max-width: 1067px) 100vw, 1067px\" \/><\/a>\n\t\t\t<\/div><\/figure><figure class='gallery-item'>\n\t\t\t<div class='gallery-icon landscape'>\n\t\t\t\t<a href='https:\/\/archive.sana.sy\/es\/wp-content\/uploads\/2019\/10\/006.jpg'><img loading=\"lazy\" decoding=\"async\" width=\"1067\" height=\"582\" src=\"https:\/\/archive.sana.sy\/es\/wp-content\/uploads\/2019\/10\/006.jpg\" class=\"attachment-full size-full\" alt=\"\" srcset=\"https:\/\/archive.sana.sy\/es\/wp-content\/uploads\/2019\/10\/006.jpg 1067w, https:\/\/archive.sana.sy\/es\/wp-content\/uploads\/2019\/10\/006-150x82.jpg 150w, https:\/\/archive.sana.sy\/es\/wp-content\/uploads\/2019\/10\/006-300x164.jpg 300w, https:\/\/archive.sana.sy\/es\/wp-content\/uploads\/2019\/10\/006-768x419.jpg 768w, https:\/\/archive.sana.sy\/es\/wp-content\/uploads\/2019\/10\/006-1024x559.jpg 1024w\" sizes=\"(max-width: 1067px) 100vw, 1067px\" \/><\/a>\n\t\t\t<\/div><\/figure><figure class='gallery-item'>\n\t\t\t<div class='gallery-icon landscape'>\n\t\t\t\t<a href='https:\/\/archive.sana.sy\/es\/wp-content\/uploads\/2019\/10\/005-1.jpg'><img loading=\"lazy\" decoding=\"async\" width=\"1067\" height=\"582\" src=\"https:\/\/archive.sana.sy\/es\/wp-content\/uploads\/2019\/10\/005-1.jpg\" class=\"attachment-full size-full\" alt=\"\" srcset=\"https:\/\/archive.sana.sy\/es\/wp-content\/uploads\/2019\/10\/005-1.jpg 1067w, https:\/\/archive.sana.sy\/es\/wp-content\/uploads\/2019\/10\/005-1-150x82.jpg 150w, https:\/\/archive.sana.sy\/es\/wp-content\/uploads\/2019\/10\/005-1-300x164.jpg 300w, https:\/\/archive.sana.sy\/es\/wp-content\/uploads\/2019\/10\/005-1-768x419.jpg 768w, https:\/\/archive.sana.sy\/es\/wp-content\/uploads\/2019\/10\/005-1-1024x559.jpg 1024w\" sizes=\"(max-width: 1067px) 100vw, 1067px\" \/><\/a>\n\t\t\t<\/div><\/figure><figure class='gallery-item'>\n\t\t\t<div class='gallery-icon landscape'>\n\t\t\t\t<a href='https:\/\/archive.sana.sy\/es\/wp-content\/uploads\/2019\/10\/004-1.jpg'><img loading=\"lazy\" decoding=\"async\" width=\"1067\" height=\"582\" src=\"https:\/\/archive.sana.sy\/es\/wp-content\/uploads\/2019\/10\/004-1.jpg\" class=\"attachment-full size-full\" alt=\"\" srcset=\"https:\/\/archive.sana.sy\/es\/wp-content\/uploads\/2019\/10\/004-1.jpg 1067w, https:\/\/archive.sana.sy\/es\/wp-content\/uploads\/2019\/10\/004-1-150x82.jpg 150w, https:\/\/archive.sana.sy\/es\/wp-content\/uploads\/2019\/10\/004-1-300x164.jpg 300w, https:\/\/archive.sana.sy\/es\/wp-content\/uploads\/2019\/10\/004-1-768x419.jpg 768w, https:\/\/archive.sana.sy\/es\/wp-content\/uploads\/2019\/10\/004-1-1024x559.jpg 1024w\" sizes=\"(max-width: 1067px) 100vw, 1067px\" \/><\/a>\n\t\t\t<\/div><\/figure><figure class='gallery-item'>\n\t\t\t<div class='gallery-icon landscape'>\n\t\t\t\t<a href='https:\/\/archive.sana.sy\/es\/wp-content\/uploads\/2019\/10\/02.jpg'><img loading=\"lazy\" decoding=\"async\" width=\"1067\" height=\"582\" src=\"https:\/\/archive.sana.sy\/es\/wp-content\/uploads\/2019\/10\/02.jpg\" class=\"attachment-full size-full\" alt=\"\" srcset=\"https:\/\/archive.sana.sy\/es\/wp-content\/uploads\/2019\/10\/02.jpg 1067w, https:\/\/archive.sana.sy\/es\/wp-content\/uploads\/2019\/10\/02-150x82.jpg 150w, https:\/\/archive.sana.sy\/es\/wp-content\/uploads\/2019\/10\/02-300x164.jpg 300w, https:\/\/archive.sana.sy\/es\/wp-content\/uploads\/2019\/10\/02-768x419.jpg 768w, https:\/\/archive.sana.sy\/es\/wp-content\/uploads\/2019\/10\/02-1024x559.jpg 1024w\" sizes=\"(max-width: 1067px) 100vw, 1067px\" \/><\/a>\n\t\t\t<\/div><\/figure><figure class='gallery-item'>\n\t\t\t<div class='gallery-icon landscape'>\n\t\t\t\t<a href='https:\/\/archive.sana.sy\/es\/wp-content\/uploads\/2019\/10\/001.jpg'><img loading=\"lazy\" decoding=\"async\" width=\"1067\" height=\"582\" src=\"https:\/\/archive.sana.sy\/es\/wp-content\/uploads\/2019\/10\/001.jpg\" class=\"attachment-full size-full\" alt=\"\" srcset=\"https:\/\/archive.sana.sy\/es\/wp-content\/uploads\/2019\/10\/001.jpg 1067w, https:\/\/archive.sana.sy\/es\/wp-content\/uploads\/2019\/10\/001-150x82.jpg 150w, https:\/\/archive.sana.sy\/es\/wp-content\/uploads\/2019\/10\/001-300x164.jpg 300w, https:\/\/archive.sana.sy\/es\/wp-content\/uploads\/2019\/10\/001-768x419.jpg 768w, https:\/\/archive.sana.sy\/es\/wp-content\/uploads\/2019\/10\/001-1024x559.jpg 1024w\" sizes=\"(max-width: 1067px) 100vw, 1067px\" \/><\/a>\n\t\t\t<\/div><\/figure>\n\t\t<\/div>\n\n<p style=\"text-align: justify;\"><strong><span style=\"color: #0000ff;\">F.M\/E.D\/W.S<\/span><\/strong><\/p>\n","protected":false},"excerpt":{"rendered":"<p>Deir Ezzor, SANA Fue inaugurado hoy un puente flotante que comunica ambas orillas del r\u00edo \u00c9ufrates en la ciudad de Deir Ezzor. El puente facilita el traslado de los civiles que cruzaban en embarcaciones, ya que la Coalici\u00f3n Internacional liderada por todos los puentes sobre el r\u00edo. El director t\u00e9cnico en la gobernaci\u00f3n de Deir &hellip;<\/p>\n","protected":false},"author":34,"featured_media":118692,"comment_status":"closed","ping_status":"closed","sticky":false,"template":"","format":"standard","meta":{"footnotes":""},"categories":[597,573,476,1],"tags":[16898],"class_list":["post-118685","post","type-post","status-publish","format-standard","has-post-thumbnail","","category-cinta-de-noticias","category-la-realidad-de-los-acontecimientos-en-siria","category-locales","category-news-not-sorted","tag-inauguran-en-deir-ezzor-un-puente-flotante-sobre-el-rio-eufrates"],"_links":{"self":[{"href":"https:\/\/archive.sana.sy\/es\/index.php?rest_route=\/wp\/v2\/posts\/118685"}],"collection":[{"href":"https:\/\/archive.sana.sy\/es\/index.php?rest_route=\/wp\/v2\/posts"}],"about":[{"href":"https:\/\/archive.sana.sy\/es\/index.php?rest_route=\/wp\/v2\/types\/post"}],"author":[{"embeddable":true,"href":"https:\/\/archive.sana.sy\/es\/index.php?rest_route=\/wp\/v2\/users\/34"}],"replies":[{"embeddable":true,"href":"https:\/\/archive.sana.sy\/es\/index.php?rest_route=%2Fwp%2Fv2%2Fcomments&post=118685"}],"version-history":[{"count":0,"href":"https:\/\/archive.sana.sy\/es\/index.php?rest_route=\/wp\/v2\/posts\/118685\/revisions"}],"wp:featuredmedia":[{"embeddable":true,"href":"https:\/\/archive.sana.sy\/es\/index.php?rest_route=\/wp\/v2\/media\/118692"}],"wp:attachment":[{"href":"https:\/\/archive.sana.sy\/es\/index.php?rest_route=%2Fwp%2Fv2%2Fmedia&parent=118685"}],"wp:term":[{"taxonomy":"category","embeddable":true,"href":"https:\/\/archive.sana.sy\/es\/index.php?rest_route=%2Fwp%2Fv2%2Fcategories&post=118685"},{"taxonomy":"post_tag","embeddable":true,"href":"https:\/\/archive.sana.sy\/es\/index.php?rest_route=%2Fwp%2Fv2%2Ftags&post=118685"}],"curies":[{"name":"wp","href":"https:\/\/api.w.org\/{rel}","templated":true}]}}