{"id":118703,"date":"2019-10-28T15:12:20","date_gmt":"2019-10-28T13:12:20","guid":{"rendered":"https:\/\/sana.sy\/es\/?p=118703"},"modified":"2023-01-09T14:08:39","modified_gmt":"2023-01-09T12:08:39","slug":"campana-de-deteccion-temprana-del-cancer-de-mama-abarca-a-mas-21-mil-mujeres-en-sweida","status":"publish","type":"post","link":"https:\/\/archive.sana.sy\/es\/?p=118703","title":{"rendered":"Campa\u00f1a de detecci\u00f3n temprana del c\u00e1ncer de mama abarca a m\u00e1s 21 mil mujeres en Sweida"},"content":{"rendered":"<p style=\"text-align: justify;\"><span style=\"color: #800000;\"><strong>Sweida, SANA<\/strong><\/span><\/p>\n<p style=\"text-align: justify;\">La campa\u00f1a nacional para detecci\u00f3n precoz del c\u00e1ncer de mama\u00a0 contin\u00faa en la provincia siria de Sweida.<\/p>\n<p style=\"text-align: justify;\">\u201cUnas 21 mil 200 mujeres visitaron los centros m\u00e9dicos dedicados a la detecci\u00f3n temprana del c\u00e1ncer de mama desde el comienzo de la campa\u00f1a a principio de este mes\u201d, dijo la jefa del Departamento de Salud P\u00fablica, Nahida Nasr.<\/p>\n<p style=\"text-align: justify;\">Agreg\u00f3 que 508 mujeres realizaron Rayos X y otras 648 mujeres mayores de 40 a\u00f1os se sometieron a mamograf\u00eda.<\/p>\n<p style=\"text-align: justify;\"><span style=\"color: #0000ff;\"><strong>W.S\/F.M<\/strong><\/span><\/p>\n","protected":false},"excerpt":{"rendered":"<p>Sweida, SANA La campa\u00f1a nacional para detecci\u00f3n precoz del c\u00e1ncer de mama\u00a0 contin\u00faa en la provincia siria de Sweida. \u201cUnas 21 mil 200 mujeres visitaron los centros m\u00e9dicos dedicados a la detecci\u00f3n temprana del c\u00e1ncer de mama desde el comienzo de la campa\u00f1a a principio de este mes\u201d, dijo la jefa del Departamento de Salud &hellip;<\/p>\n","protected":false},"author":34,"featured_media":118704,"comment_status":"closed","ping_status":"closed","sticky":false,"template":"","format":"standard","meta":{"footnotes":""},"categories":[597,476,16688,7541],"tags":[],"class_list":["post-118703","post","type-post","status-publish","format-standard","has-post-thumbnail","","category-cinta-de-noticias","category-locales","category-nacionales","category-ultimas-noticias"],"_links":{"self":[{"href":"https:\/\/archive.sana.sy\/es\/index.php?rest_route=\/wp\/v2\/posts\/118703"}],"collection":[{"href":"https:\/\/archive.sana.sy\/es\/index.php?rest_route=\/wp\/v2\/posts"}],"about":[{"href":"https:\/\/archive.sana.sy\/es\/index.php?rest_route=\/wp\/v2\/types\/post"}],"author":[{"embeddable":true,"href":"https:\/\/archive.sana.sy\/es\/index.php?rest_route=\/wp\/v2\/users\/34"}],"replies":[{"embeddable":true,"href":"https:\/\/archive.sana.sy\/es\/index.php?rest_route=%2Fwp%2Fv2%2Fcomments&post=118703"}],"version-history":[{"count":0,"href":"https:\/\/archive.sana.sy\/es\/index.php?rest_route=\/wp\/v2\/posts\/118703\/revisions"}],"wp:featuredmedia":[{"embeddable":true,"href":"https:\/\/archive.sana.sy\/es\/index.php?rest_route=\/wp\/v2\/media\/118704"}],"wp:attachment":[{"href":"https:\/\/archive.sana.sy\/es\/index.php?rest_route=%2Fwp%2Fv2%2Fmedia&parent=118703"}],"wp:term":[{"taxonomy":"category","embeddable":true,"href":"https:\/\/archive.sana.sy\/es\/index.php?rest_route=%2Fwp%2Fv2%2Fcategories&post=118703"},{"taxonomy":"post_tag","embeddable":true,"href":"https:\/\/archive.sana.sy\/es\/index.php?rest_route=%2Fwp%2Fv2%2Ftags&post=118703"}],"curies":[{"name":"wp","href":"https:\/\/api.w.org\/{rel}","templated":true}]}}