{"id":118731,"date":"2019-10-29T06:41:41","date_gmt":"2019-10-29T04:41:41","guid":{"rendered":"https:\/\/sana.sy\/es\/?p=118731"},"modified":"2023-01-10T15:34:54","modified_gmt":"2023-01-10T13:34:54","slug":"boletin-noticioso-del-acontecer-sirio-en-las-ultimas-24-horas","status":"publish","type":"post","link":"https:\/\/archive.sana.sy\/es\/?p=118731","title":{"rendered":"Bolet\u00edn noticioso del acontecer sirio en las \u00faltimas 24 horas"},"content":{"rendered":"<p style=\"text-align: justify;\"><span style=\"color: #800000;\">Damasco, SANA<\/span><\/p>\n<p style=\"text-align: justify;\">Les ofrecemos a continuaci\u00f3n un resumen de las noticias nacionales e internacionales relativas a Siria y difundidas por nuestra agencia en las \u00faltimas 24 horas:<\/p>\n<p style=\"text-align: justify;\"><strong><span style=\"color: #0000ff;\">Ej\u00e9rcito sirio se despliega a lo largo de 90 km de la frontera sirio-turca<\/span><\/strong><\/p>\n<p style=\"text-align: justify;\">Las unidades del ej\u00e9rcito \u00e1rabe sirio completaron su despliegue en m\u00e1s de 90 kil\u00f3metros a lo largo de la frontera con Turqu\u00eda.<\/p>\n<p style=\"text-align: justify;\">Seg\u00fan reportes de \u00faltima hora del corresponsal de SANA, los militares sirios se desplegaron en todo el tramo de la l\u00ednea fronteriza entre las ciudad de Ras Ain hasta la ciudad de Qamishli donde fijaron puntos en m\u00e1s de 90 kil\u00f3metros.<\/p>\n<p style=\"text-align: justify;\">Agreg\u00f3 que en el campo noroccidental de Hasakeh, los uniformados sirios continuaron su despliegue y entraron en las aldeas de Dodan, Qasr Shirk, Hasida Fuqani, Amouda, Jawhariya, Tal Hamdoun, Jarza Fuqani, al-Dar, Abu Jarada, Qurmania, Karbashk, Salam Alik, Rabah, Haj Ibrahim, Aradah, Labwa, Fakira, Ibrahimieh, Musharafa Asaadieh, Bab Faraj y Shukrieh.<\/p>\n<p style=\"text-align: justify;\"><strong><span style=\"color: #0000ff;\">Inauguran en Deir Ezzor un puente flotante sobre el r\u00edo \u00c9ufrates<\/span><\/strong><\/p>\n<p style=\"text-align: justify;\">Fue inaugurado hoy un puente flotante que comunica ambas orillas del r\u00edo \u00c9ufrates en la ciudad de Deir Ezzor.<\/p>\n<p style=\"text-align: justify;\">El puente facilita el traslado de los civiles que cruzaban en embarcaciones, ya que la Coalici\u00f3n Internacional liderada por todos los puentes sobre el r\u00edo.<\/p>\n<p style=\"text-align: justify;\">El director t\u00e9cnico en la gobernaci\u00f3n de Deir Ezzor, Fadi Tohmeh, dijo que el puente tiene 145 metros de largo y 8 metros de ancho, y soporta una carga de aproximadamente 60 toneladas.<\/p>\n<p style=\"text-align: justify;\">El gobernador de Deir Ezzor, Abdul Majid Kawakibi, dijo el puente ser\u00e1 una arteria de la vida social y econ\u00f3mica y permitir\u00e1 a las personas comunicarse con sus familiares, adem\u00e1s de transportar bienes y cultivos agr\u00edcolas entre la regi\u00f3n de Al-Jazeera y el resto de la provincia del pa\u00eds.<\/p>\n<p style=\"text-align: justify;\"><strong><span style=\"color: #0000ff;\">Arriba a Ginebra la delegaci\u00f3n representante del gobierno sirio en el Comit\u00e9 de Discusi\u00f3n de la Constituci\u00f3n<\/span><\/strong><\/p>\n<p style=\"text-align: justify;\">Lleg\u00f3 hoy a Ginebra la delegaci\u00f3n que representa al gobierno sirio para participar en las reuniones del Comit\u00e9 de Discusi\u00f3n de la Constituci\u00f3n.<\/p>\n<p style=\"text-align: justify;\">Las reuniones del Comit\u00e9 comienzan el pr\u00f3ximo mi\u00e9rcoles con la participaci\u00f3n de 150 miembros, mientras las discusiones comenzar\u00e1n el viernes, y despu\u00e9s habr\u00e1 un mini-comit\u00e9 de 45 miembros, 15 apoyados por el gobierno sirio, 15 para otros partidos y 15 de la sociedad civil.<\/p>\n<p style=\"text-align: justify;\">El Enviado Especial del Secretario General de la ONU para Siria, Geir Pederson, declar\u00f3 hoy que el trabajo del Comit\u00e9 toma en cuenta principios fundamentales como el respeto a la soberan\u00eda, la unidad y la integridad territorial de Siria de acuerdo con la Carta de la ONU y las resoluciones del Consejo de Seguridad de la ONU.<\/p>\n<p style=\"text-align: justify;\">El Secretario General de las Naciones Unidas, Antonio Guterres, hab\u00eda anunciado el 23 del mes pasado el alcance de un acuerdo sobre la formaci\u00f3n de un comit\u00e9 para discutir la Constituci\u00f3n, y destac\u00f3 los esfuerzos del gobierno sirio en este sentido.<\/p>\n<p style=\"text-align: justify;\"><strong><span style=\"color: #0000ff;\">Pedersen: El trabajo del Comit\u00e9 de Discusi\u00f3n Constitucional debe respetar la soberan\u00eda y unidad de Siria<\/span><\/strong><\/p>\n<p style=\"text-align: justify;\">El Enviado Especial del Secretario General de la ONU para Siria, Geir Pederson, dijo hoy que el trabajo del Comit\u00e9 de Discusi\u00f3n de la Constituci\u00f3n debe comprometerse con el respeto a la soberan\u00eda, unidad e integridad territorial de Siria.<\/p>\n<p style=\"text-align: justify;\">En una conferencia de prensa en Ginebra, Pedersen dijo que solo los propios sirios son los que discutir\u00e1n su Constituci\u00f3n y decidir\u00e1n el futuro de su pa\u00eds.<\/p>\n<p style=\"text-align: justify;\">El enviado de la ONU agreg\u00f3 que la Carta Magna es del pueblo sirio y el papel de las Naciones Unidas debe limitarse a facilitar el trabajo del comit\u00e9.<\/p>\n<p style=\"text-align: justify;\"><strong><span style=\"color: #0000ff;\">Jaafari denuncia ante la ONU las pol\u00edticas criminales israel\u00edes en los territorios ocupados<\/span><\/strong><\/p>\n<p style=\"text-align: justify;\">El delegado de Siria ante las Naciones Unidas, Bashar Jaafari, afirm\u00f3 que el Gol\u00e1n ocupado es una parte integral del territorio de la Rep\u00fablica \u00c1rabe Siria.<\/p>\n<p style=\"text-align: justify;\">Durante una sesi\u00f3n del Consejo de Seguridad, Jaafari asegur\u00f3 que la recuperaci\u00f3n del Gol\u00e1n hasta la l\u00ednea del 4 de junio de 1967, por todos los medios garantizados por el derecho internacional, es una prioridad para Siria.<\/p>\n<p style=\"text-align: justify;\">El diplom\u00e1tico sirio ratific\u00f3 la firme postura de Siria de apoyo al derecho del pueblo palestino a la autodeterminaci\u00f3n y al establecimiento de un estado independiente con Jerusal\u00e9n como su capital, y garantizar al mismo tiempo el derecho al retorno de los refugiados palestinos.<\/p>\n<p style=\"text-align: justify;\">Por otro lado, denunci\u00f3 que determinados pa\u00edses occidentales se empe\u00f1an para dominar la Organizaci\u00f3n de Naciones Unidas y convertirla en una herramienta al servicio de sus agendas basadas en la pirater\u00eda y la hegemon\u00eda.<\/p>\n<p style=\"text-align: justify;\">&#8220;La dominaci\u00f3n de ciertos pa\u00edses occidentales al Consejo de Seguridad le impide de imponer la aplicaci\u00f3n de sus resoluciones para poner fin a la ocupaci\u00f3n israel\u00ed de los territorios \u00e1rabes ocupados en Palestina, el Gol\u00e1n sirio y el sur del L\u00edbano&#8221;, explic\u00f3 el delegado sirio.<\/p>\n<p style=\"text-align: justify;\">Indic\u00f3 que las autoridades de ocupaci\u00f3n israel\u00edes est\u00e1n tratando de cambiar el car\u00e1cter demogr\u00e1fico y la identidad nacional siria en el Gol\u00e1n sirio ocupado, as\u00ed como robar su arqueolog\u00eda y saquear sus riquezas.<\/p>\n<p style=\"text-align: justify;\">Concluyo su intervenci\u00f3n con asegurar que los pa\u00edses que apoyan la ente israel\u00ed son responsables de las consecuencias de los cr\u00edmenes y violaciones israel\u00edes en los territorios \u00e1rabes ocupados.<\/p>\n<p style=\"text-align: justify;\"><strong><span style=\"color: #0000ff;\">Tribus y clanes de Hasakeh ratifican apoyo al ej\u00e9rcito sirio y rechazo a la ocupaci\u00f3n turca<\/span><\/strong><\/p>\n<p style=\"text-align: justify;\">Las tribus sirias y clanes de provincia nororiental de Hasakeh organizaron una reuni\u00f3n tribal en el pueblo de Ameriya al-Hasso en el campo del municipio de Qamishli.<\/p>\n<p style=\"text-align: justify;\">En el encuentro fue ratificado el apoyo al ej\u00e9rcito \u00e1rabe sirio y el contundente rechazo a la ocupaci\u00f3n turca.<\/p>\n<p style=\"text-align: justify;\">Los discursos pronunciados llamaron a consolidar la hermandad y la unidad, y respaldar al Ej\u00e9rcito \u00c1rabe Sirio en su lucha para derrotar el terrorismo, salvaguardar la dignidad de Siria y defender su soberan\u00eda.<\/p>\n<p style=\"text-align: justify;\">Enfatizaron en la necesidad de unir esfuerzos para enfrentar al enemigo externo que pretende violar los territorios sirios y desplazar los pueblos de la regi\u00f3n.<\/p>\n<p style=\"text-align: justify;\">Asimismo, los participantes condenaron la brutal agresi\u00f3n turca contra el territorio de la Rep\u00fablica \u00c1rabe Siria y la consideraron una violaci\u00f3n de las leyes y normas internacionales.<\/p>\n<p style=\"text-align: justify;\">Tambi\u00e9n, reiteraron su rechazo a la presencia ilegal de fuerzas extranjeras en el territorio sirio.<\/p>\n<p style=\"text-align: justify;\">Los jefes tribales expresaron su confianza en la valent\u00eda y capacidad del ej\u00e9rcito \u00e1rabe sirio de lograr la victoria y derrotar a todos los enemigos sobre esta tierra y frustrar los planes enemigos.<\/p>\n<p style=\"text-align: justify;\"><strong><span style=\"color: #0000ff;\">Atentados terroristas en Alepo y Raqa matan a dos civiles<\/span><\/strong><\/p>\n<p style=\"text-align: justify;\">Dos civiles perdieron la vida y otros fueron lesionados en dos atentados terroristas que tuvieron lugar en dos poblados en las provincias de Raqa y Alepo.<\/p>\n<p style=\"text-align: justify;\">&#8220;Una motocicleta minada con explosivos estall\u00f3 frente a una panader\u00eda en la localidad de Saluk, jurisdicci\u00f3n del municipio de Tal Abyad en el campo norte de Raqa&#8221;, report\u00f3 el corresponsal de SANA citando a fuentes locales.<\/p>\n<p style=\"text-align: justify;\">La explosi\u00f3n caus\u00f3 la muerte de un una persona y otras fueron lesionadas, mientras se produjeron da\u00f1os materiales en el lugar del incidente.<\/p>\n<p style=\"text-align: justify;\">La ciudad de Tal Abyad fue ocupada por las fuerzas turcas y sus mercenarios terroristas el d\u00eda 13 del mes en curso.<\/p>\n<p style=\"text-align: justify;\">En la localidad de al-Rae en el campo norte de Alepo, una bomba sembrada al borde de una carretera explot\u00f3 y mat\u00f3 a un civil e hiri\u00f3 a otros.<\/p>\n<p style=\"text-align: justify;\">Prevalecen el caos y la inseguridad en las regiones dominadas por los grupos terroristas apoyados por el r\u00e9gimen turco.<\/p>\n<p style=\"text-align: justify;\"><span style=\"color: #0000ff;\"><strong>Lavrov: La erradicaci\u00f3n del terrorismo en Siria llevar\u00eda a la estabilidad<\/strong><\/span><\/p>\n<p style=\"text-align: justify;\">&#8220;Es necesaria la erradicaci\u00f3n del terrorismo en Siria de una vez por todas&#8221;, dijo hoy el ministro de Exteriores de Rusia, Sergei Lavrov.<br \/>\nIndic\u00f3 que eso conducir\u00eda a la estabilidad y al regreso de los desplazados a su pa\u00eds.<\/p>\n<p style=\"text-align: justify;\">&#8220;La eliminaci\u00f3n del terrorismo ayudar\u00e1 a resolver los problemas humanitarios en Siria&#8221;, dijo el canciller ruso en un discurso con motivo del 90 aniversario del natalicio del fallecido diplom\u00e1tico ruso Yevgeny Primakov.<\/p>\n<p style=\"text-align: justify;\">Se\u00f1al\u00f3 que el Comit\u00e9 de Discusi\u00f3n Constitucional comenzar\u00e1 su trabajo en Ginebra esta semana.<\/p>\n<p style=\"text-align: justify;\"><strong><span style=\"color: #0000ff;\">Familias necesitadas en Deraa siguen recibiendo ayuda humanitaria<\/span><\/strong><\/p>\n<p style=\"text-align: justify;\">La sucursal de la Organizaci\u00f3n de la Media Luna Roja \u00c1rabe Siria (MLRAS) en Deraa, entreg\u00f3 ayuda humanitaria ofrecida por el Programa Mundial de Alimentos a las familias necesitadas en varias ciudades y poblados del campo noroeste de esta provincia sure\u00f1a.<\/p>\n<p style=\"text-align: justify;\">En este sentido, un convoy conformado por 33 camiones de la MLRAS lleg\u00f3 a los poblados de Salmeen y Zemreen, donde se entregaron siete mil 50 canastas de alimentos y un n\u00famero igual de sacos de harina de pan.<\/p>\n<p style=\"text-align: justify;\">En la v\u00edspera, fueron distribuidos ocho mil 200 canastas de alimentos a los pobladores de la ciudad de Jassem, en el campo de Daraa.<br \/>\nPalmira recibe m\u00e1s turistas extranjeros.<\/p>\n<p style=\"text-align: justify;\">Un grupo de turistas franceses visit\u00f3 la antigua ciudad de Palmira donde observ\u00f3 de cerca la destrucci\u00f3n causada por el organizaci\u00f3n terrorista del Daesh.<\/p>\n<p style=\"text-align: justify;\">\u201cEsta es la tercera vez que visito a Siria porque es un pa\u00eds de arraigada civilizaci\u00f3n y mucha atracci\u00f3n, y cuenta con un gran legado hist\u00f3rico&#8221;, dijo Michelle Anca, turista francesa en un declaraci\u00f3n a SANA.<\/p>\n<p style=\"text-align: justify;\">Agreg\u00f3: &#8220;he venido para ver con mis amigos como el pueblo sirio vive su vida cotidiana despu\u00e9s de haber sufrido tanto del terrorismo.\u201d<\/p>\n<p style=\"text-align: justify;\">A su vez, la turista Martin Charle, se\u00f1al\u00f3 que el objetivo de la visita es conocer la real situaci\u00f3n de Siria y la seguridad y estabilidad que vive, lo cual contradice de lo que algunos medios occidentales intentan promover a trav\u00e9s de sus campa\u00f1as de falsificar los hechos.<\/p>\n<p style=\"text-align: justify;\">Dijo que le impact\u00f3 ver la brutal destrucci\u00f3n de los monumentos arqueol\u00f3gicos por los terroristas del Daesh.<\/p>\n<p style=\"text-align: justify;\">La vida vuelve a la normalidad en Palmira y al movimiento tur\u00edstico crece tras la consolidaci\u00f3n de la seguridad.<\/p>\n<p style=\"text-align: justify;\"><span style=\"color: #0000ff;\"><strong>Campeonato Internacional de Saltos Ecuestres concluye sus competiciones<\/strong><\/span><\/p>\n<p style=\"text-align: justify;\">El Campeonato Internacional de Saltos Ecuestres concluy\u00f3 sus competiciones que tuvieron lugar en el estadio Seif Al-Sham en las afueras de Damasco.<\/p>\n<p style=\"text-align: justify;\">La jinete Sham al-Assad gan\u00f3 el gran premio de la categor\u00eda &#8220;Big Tour&#8221;, dejando en segundo lugar al jinete Kutayba al-Daghli, mientras ocup\u00f3 el tercero lugar el atleta jordano Ibrahim Bisharat.<\/p>\n<p style=\"text-align: justify;\">El Campeonato al-Salam o &#8220;la Paz&#8221; tiene una clasificaci\u00f3n internacional de dos estrellas y sus partidos acumulan puntos clasificatorios para los Juegos Ol\u00edmpicos de Tokio.<\/p>\n<p style=\"text-align: justify;\">Varios jinetes de Siria y otros pa\u00edses participaron en el Campeonato con el fin de acumular puntos, ya que los resultados finales se enviar\u00e1n a la Federaci\u00f3n Internacional de Equitaci\u00f3n.<\/p>\n<p style=\"text-align: justify;\"><strong><span style=\"color: #0000ff;\">Campa\u00f1a de detecci\u00f3n temprana del c\u00e1ncer de mama abarca a m\u00e1s 21 mil mujeres en Sweida<\/span><\/strong><\/p>\n<p style=\"text-align: justify;\">La campa\u00f1a nacional para detecci\u00f3n precoz del c\u00e1ncer de mama contin\u00faa en la provincia siria de Sweida.<\/p>\n<p style=\"text-align: justify;\">\u201cUnas 21 mil 200 mujeres visitaron los centros m\u00e9dicos dedicados a la detecci\u00f3n temprana del c\u00e1ncer de mama desde el comienzo de la campa\u00f1a a principio de este mes\u201d, dijo la jefa del Departamento de Salud P\u00fablica, Nahida Nasr.<\/p>\n<p style=\"text-align: justify;\">Agreg\u00f3 que 508 mujeres realizaron Rayos X y otras 648 mujeres mayores de 40 a\u00f1os se sometieron a mamograf\u00eda..<\/p>\n<p style=\"text-align: justify;\"><span style=\"color: #0000ff;\"><strong>Colectivo de redactores del sitio SANA en espa\u00f1ol\u00a0<\/strong><\/span><\/p>\n","protected":false},"excerpt":{"rendered":"<p>Damasco, SANA Les ofrecemos a continuaci\u00f3n un resumen de las noticias nacionales e internacionales relativas a Siria y difundidas por nuestra agencia en las \u00faltimas 24 horas: Ej\u00e9rcito sirio se despliega a lo largo de 90 km de la frontera sirio-turca Las unidades del ej\u00e9rcito \u00e1rabe sirio completaron su despliegue en m\u00e1s de 90 kil\u00f3metros &hellip;<\/p>\n","protected":false},"author":34,"featured_media":118438,"comment_status":"closed","ping_status":"closed","sticky":false,"template":"","format":"standard","meta":{"footnotes":""},"categories":[447,555,597,476,7541],"tags":[],"class_list":["post-118731","post","type-post","status-publish","format-standard","has-post-thumbnail","","category-local-politica","category-prensa","category-cinta-de-noticias","category-locales","category-ultimas-noticias"],"_links":{"self":[{"href":"https:\/\/archive.sana.sy\/es\/index.php?rest_route=\/wp\/v2\/posts\/118731"}],"collection":[{"href":"https:\/\/archive.sana.sy\/es\/index.php?rest_route=\/wp\/v2\/posts"}],"about":[{"href":"https:\/\/archive.sana.sy\/es\/index.php?rest_route=\/wp\/v2\/types\/post"}],"author":[{"embeddable":true,"href":"https:\/\/archive.sana.sy\/es\/index.php?rest_route=\/wp\/v2\/users\/34"}],"replies":[{"embeddable":true,"href":"https:\/\/archive.sana.sy\/es\/index.php?rest_route=%2Fwp%2Fv2%2Fcomments&post=118731"}],"version-history":[{"count":0,"href":"https:\/\/archive.sana.sy\/es\/index.php?rest_route=\/wp\/v2\/posts\/118731\/revisions"}],"wp:featuredmedia":[{"embeddable":true,"href":"https:\/\/archive.sana.sy\/es\/index.php?rest_route=\/wp\/v2\/media\/118438"}],"wp:attachment":[{"href":"https:\/\/archive.sana.sy\/es\/index.php?rest_route=%2Fwp%2Fv2%2Fmedia&parent=118731"}],"wp:term":[{"taxonomy":"category","embeddable":true,"href":"https:\/\/archive.sana.sy\/es\/index.php?rest_route=%2Fwp%2Fv2%2Fcategories&post=118731"},{"taxonomy":"post_tag","embeddable":true,"href":"https:\/\/archive.sana.sy\/es\/index.php?rest_route=%2Fwp%2Fv2%2Ftags&post=118731"}],"curies":[{"name":"wp","href":"https:\/\/api.w.org\/{rel}","templated":true}]}}