{"id":118750,"date":"2019-10-29T18:50:03","date_gmt":"2019-10-29T16:50:03","guid":{"rendered":"https:\/\/sana.sy\/es\/?p=118750"},"modified":"2019-10-29T20:00:58","modified_gmt":"2019-10-29T18:00:58","slug":"fotos-despliegue-de-los-militares-sirios-en-el-poblado-qurmanieh-cerca-de-la-frontera-turca","status":"publish","type":"post","link":"https:\/\/archive.sana.sy\/es\/?p=118750","title":{"rendered":"Despliegue de los militares sirios en el poblado Qurmanieh cerca de la frontera turca"},"content":{"rendered":"<p style=\"text-align: justify\"><strong><span style=\"color: #800000\">Hasakeh, SANA<\/span><\/strong><\/p>\n<p style=\"text-align: justify\">Contingentes del ej\u00e9rcito \u00e1rabe sirio continuaron su despliegue en las zonas fronterizas con Turqu\u00eda.<\/p>\n<p style=\"text-align: justify\">En las recientes horas los militares fijaron puntos en el poblado de Qurmanieh, en el campo del municipio de Derbasieh, al noroeste de Hasakeh.<\/p>\n<p style=\"text-align: justify\">Las unidades del ej\u00e9rcito \u00e1rabe sirio completaron su despliegue en m\u00e1s de 90 kil\u00f3metros a lo largo de la frontera con Turqu\u00eda.<\/p>\n<p style=\"text-align: justify\"><span style=\"color: #0000ff\"><strong>F.M<\/strong><\/span><\/p>\n<div id='gallery-1' class='gallery galleryid-118750 gallery-columns-1 gallery-size-full'><figure class='gallery-item'>\n\t\t\t<div class='gallery-icon landscape'>\n\t\t\t\t<a href='https:\/\/archive.sana.sy\/es\/wp-content\/uploads\/2019\/10\/3-304.jpg'><img loading=\"lazy\" decoding=\"async\" width=\"660\" height=\"414\" src=\"https:\/\/archive.sana.sy\/es\/wp-content\/uploads\/2019\/10\/3-304.jpg\" class=\"attachment-full size-full\" alt=\"\" srcset=\"https:\/\/archive.sana.sy\/es\/wp-content\/uploads\/2019\/10\/3-304.jpg 660w, https:\/\/archive.sana.sy\/es\/wp-content\/uploads\/2019\/10\/3-304-150x94.jpg 150w, https:\/\/archive.sana.sy\/es\/wp-content\/uploads\/2019\/10\/3-304-300x188.jpg 300w\" sizes=\"(max-width: 660px) 100vw, 660px\" \/><\/a>\n\t\t\t<\/div><\/figure><figure class='gallery-item'>\n\t\t\t<div class='gallery-icon landscape'>\n\t\t\t\t<a href='https:\/\/archive.sana.sy\/es\/wp-content\/uploads\/2019\/10\/1-437-660x330.jpg'><img loading=\"lazy\" decoding=\"async\" width=\"660\" height=\"330\" src=\"https:\/\/archive.sana.sy\/es\/wp-content\/uploads\/2019\/10\/1-437-660x330.jpg\" class=\"attachment-full size-full\" alt=\"\" srcset=\"https:\/\/archive.sana.sy\/es\/wp-content\/uploads\/2019\/10\/1-437-660x330.jpg 660w, https:\/\/archive.sana.sy\/es\/wp-content\/uploads\/2019\/10\/1-437-660x330-150x75.jpg 150w, https:\/\/archive.sana.sy\/es\/wp-content\/uploads\/2019\/10\/1-437-660x330-300x150.jpg 300w\" sizes=\"(max-width: 660px) 100vw, 660px\" \/><\/a>\n\t\t\t<\/div><\/figure><figure class='gallery-item'>\n\t\t\t<div class='gallery-icon landscape'>\n\t\t\t\t<a href='https:\/\/archive.sana.sy\/es\/wp-content\/uploads\/2019\/10\/2-351.jpg'><img loading=\"lazy\" decoding=\"async\" width=\"660\" height=\"484\" src=\"https:\/\/archive.sana.sy\/es\/wp-content\/uploads\/2019\/10\/2-351.jpg\" class=\"attachment-full size-full\" alt=\"\" srcset=\"https:\/\/archive.sana.sy\/es\/wp-content\/uploads\/2019\/10\/2-351.jpg 660w, https:\/\/archive.sana.sy\/es\/wp-content\/uploads\/2019\/10\/2-351-150x110.jpg 150w, https:\/\/archive.sana.sy\/es\/wp-content\/uploads\/2019\/10\/2-351-300x220.jpg 300w\" sizes=\"(max-width: 660px) 100vw, 660px\" \/><\/a>\n\t\t\t<\/div><\/figure>\n\t\t<\/div>\n\n","protected":false},"excerpt":{"rendered":"<p>Hasakeh, SANA Contingentes del ej\u00e9rcito \u00e1rabe sirio continuaron su despliegue en las zonas fronterizas con Turqu\u00eda. En las recientes horas los militares fijaron puntos en el poblado de Qurmanieh, en el campo del municipio de Derbasieh, al noroeste de Hasakeh. Las unidades del ej\u00e9rcito \u00e1rabe sirio completaron su despliegue en m\u00e1s de 90 kil\u00f3metros a &hellip;<\/p>\n","protected":false},"author":34,"featured_media":118754,"comment_status":"closed","ping_status":"closed","sticky":false,"template":"","format":"standard","meta":{"footnotes":""},"categories":[597,476,583],"tags":[],"class_list":["post-118750","post","type-post","status-publish","format-standard","has-post-thumbnail","","category-cinta-de-noticias","category-locales","category-slide"],"_links":{"self":[{"href":"https:\/\/archive.sana.sy\/es\/index.php?rest_route=\/wp\/v2\/posts\/118750"}],"collection":[{"href":"https:\/\/archive.sana.sy\/es\/index.php?rest_route=\/wp\/v2\/posts"}],"about":[{"href":"https:\/\/archive.sana.sy\/es\/index.php?rest_route=\/wp\/v2\/types\/post"}],"author":[{"embeddable":true,"href":"https:\/\/archive.sana.sy\/es\/index.php?rest_route=\/wp\/v2\/users\/34"}],"replies":[{"embeddable":true,"href":"https:\/\/archive.sana.sy\/es\/index.php?rest_route=%2Fwp%2Fv2%2Fcomments&post=118750"}],"version-history":[{"count":0,"href":"https:\/\/archive.sana.sy\/es\/index.php?rest_route=\/wp\/v2\/posts\/118750\/revisions"}],"wp:featuredmedia":[{"embeddable":true,"href":"https:\/\/archive.sana.sy\/es\/index.php?rest_route=\/wp\/v2\/media\/118754"}],"wp:attachment":[{"href":"https:\/\/archive.sana.sy\/es\/index.php?rest_route=%2Fwp%2Fv2%2Fmedia&parent=118750"}],"wp:term":[{"taxonomy":"category","embeddable":true,"href":"https:\/\/archive.sana.sy\/es\/index.php?rest_route=%2Fwp%2Fv2%2Fcategories&post=118750"},{"taxonomy":"post_tag","embeddable":true,"href":"https:\/\/archive.sana.sy\/es\/index.php?rest_route=%2Fwp%2Fv2%2Ftags&post=118750"}],"curies":[{"name":"wp","href":"https:\/\/api.w.org\/{rel}","templated":true}]}}