{"id":118776,"date":"2019-10-30T06:00:53","date_gmt":"2019-10-30T04:00:53","guid":{"rendered":"https:\/\/sana.sy\/es\/?p=118776"},"modified":"2019-10-30T06:39:38","modified_gmt":"2019-10-30T04:39:38","slug":"ejercito-halla-red-de-tuneles-de-los-terroristas-del-daesh-con-armas-israelies-en-deir-ezzor","status":"publish","type":"post","link":"https:\/\/archive.sana.sy\/es\/?p=118776","title":{"rendered":"Red de t\u00faneles de terroristas del Daesh en Deir Ezzor contiene armas israel\u00edes"},"content":{"rendered":"<p style=\"text-align: justify;\"><strong><span style=\"color: #800000;\">Deir Ezzor, SANA<\/span><\/strong><\/p>\n<p style=\"text-align: justify;\">Unidades del ej\u00e9rcito sirio hallaron hoy, una red de t\u00faneles de los terroristas del Daesh en la ciudad de Qurrieh en el campo este de la provincia de Deir Ezzor.<\/p>\n<p style=\"text-align: justify;\">Los militares sirios detectaron dentro de los t\u00faneles cantidades de armas y municiones, algunas de ellas son de origen israel\u00ed, seg\u00fan confirm\u00f3 una fuente militar.<\/p>\n<p style=\"text-align: justify;\">La fuente agreg\u00f3 que los t\u00faneles se extienden debajo de los edificios de la ciudad de Qurrieh, tienen varias salidas bien camufladas, y est\u00e1n equipados de un sistema de ventilaci\u00f3n.<\/p>\n<p style=\"text-align: justify;\">Precis\u00f3 que entre las armadas confiscadas se destacan minas antitanques, lanza-misiles port\u00e1tiles, proyectiles de mortero, proyectiles RPG, cinturones explosivos, m\u00e1scaras antigas, diferentes tipos de municiones, adem\u00e1s de medicamentos e insumos m\u00e9dicos.<\/p>\n<p style=\"text-align: justify;\">La fuente militar afirm\u00f3 que los zapadores del Ej\u00e9rcito procedieron a realizar una operaci\u00f3n de peinado en los t\u00faneles hallados.<\/p>\n<p style=\"text-align: justify;\">No es la primera vez que los uniformados sirios hallan armamento israel\u00ed y de los pa\u00edses de la OTAN en los escondites de los terroristas del Daesh y al-Nousra.<\/p>\n<p style=\"text-align: justify;\">En ocasiones anteriores, se detectaron armas de origen israel\u00ed y occidental en sedes abandonadas por los terroristas en las provincias de Sweida, Deraa, Quneitra, Damasco-campo, Homs y Hama.<\/p>\n<p style=\"text-align: justify;\"><strong><span style=\"color: #0000ff;\">F.M\/L.A.<\/span><\/strong><\/p>\n<div id='gallery-1' class='gallery galleryid-118776 gallery-columns-1 gallery-size-full'><figure class='gallery-item'>\n\t\t\t<div class='gallery-icon landscape'>\n\t\t\t\t<a href='https:\/\/archive.sana.sy\/es\/wp-content\/uploads\/2019\/10\/photo_2019-10-29_16-27-33.jpg'><img loading=\"lazy\" decoding=\"async\" width=\"3543\" height=\"2372\" src=\"https:\/\/archive.sana.sy\/es\/wp-content\/uploads\/2019\/10\/photo_2019-10-29_16-27-33.jpg\" class=\"attachment-full size-full\" alt=\"\" srcset=\"https:\/\/archive.sana.sy\/es\/wp-content\/uploads\/2019\/10\/photo_2019-10-29_16-27-33.jpg 3543w, https:\/\/archive.sana.sy\/es\/wp-content\/uploads\/2019\/10\/photo_2019-10-29_16-27-33-150x100.jpg 150w, https:\/\/archive.sana.sy\/es\/wp-content\/uploads\/2019\/10\/photo_2019-10-29_16-27-33-300x201.jpg 300w, https:\/\/archive.sana.sy\/es\/wp-content\/uploads\/2019\/10\/photo_2019-10-29_16-27-33-768x514.jpg 768w, https:\/\/archive.sana.sy\/es\/wp-content\/uploads\/2019\/10\/photo_2019-10-29_16-27-33-1024x686.jpg 1024w, https:\/\/archive.sana.sy\/es\/wp-content\/uploads\/2019\/10\/photo_2019-10-29_16-27-33-110x75.jpg 110w\" sizes=\"(max-width: 3543px) 100vw, 3543px\" \/><\/a>\n\t\t\t<\/div><\/figure><figure class='gallery-item'>\n\t\t\t<div class='gallery-icon landscape'>\n\t\t\t\t<a href='https:\/\/archive.sana.sy\/es\/wp-content\/uploads\/2019\/10\/photo_2019-10-29_16-27-57.jpg'><img loading=\"lazy\" decoding=\"async\" width=\"3543\" height=\"1988\" src=\"https:\/\/archive.sana.sy\/es\/wp-content\/uploads\/2019\/10\/photo_2019-10-29_16-27-57.jpg\" class=\"attachment-full size-full\" alt=\"\" srcset=\"https:\/\/archive.sana.sy\/es\/wp-content\/uploads\/2019\/10\/photo_2019-10-29_16-27-57.jpg 3543w, https:\/\/archive.sana.sy\/es\/wp-content\/uploads\/2019\/10\/photo_2019-10-29_16-27-57-150x84.jpg 150w, https:\/\/archive.sana.sy\/es\/wp-content\/uploads\/2019\/10\/photo_2019-10-29_16-27-57-300x168.jpg 300w, https:\/\/archive.sana.sy\/es\/wp-content\/uploads\/2019\/10\/photo_2019-10-29_16-27-57-768x431.jpg 768w, https:\/\/archive.sana.sy\/es\/wp-content\/uploads\/2019\/10\/photo_2019-10-29_16-27-57-1024x575.jpg 1024w\" sizes=\"(max-width: 3543px) 100vw, 3543px\" \/><\/a>\n\t\t\t<\/div><\/figure><figure class='gallery-item'>\n\t\t\t<div class='gallery-icon landscape'>\n\t\t\t\t<a href='https:\/\/archive.sana.sy\/es\/wp-content\/uploads\/2019\/10\/photo_2019-10-29_16-28-02.jpg'><img loading=\"lazy\" decoding=\"async\" width=\"3543\" height=\"1988\" src=\"https:\/\/archive.sana.sy\/es\/wp-content\/uploads\/2019\/10\/photo_2019-10-29_16-28-02.jpg\" class=\"attachment-full size-full\" alt=\"\" srcset=\"https:\/\/archive.sana.sy\/es\/wp-content\/uploads\/2019\/10\/photo_2019-10-29_16-28-02.jpg 3543w, https:\/\/archive.sana.sy\/es\/wp-content\/uploads\/2019\/10\/photo_2019-10-29_16-28-02-150x84.jpg 150w, https:\/\/archive.sana.sy\/es\/wp-content\/uploads\/2019\/10\/photo_2019-10-29_16-28-02-300x168.jpg 300w, https:\/\/archive.sana.sy\/es\/wp-content\/uploads\/2019\/10\/photo_2019-10-29_16-28-02-768x431.jpg 768w, https:\/\/archive.sana.sy\/es\/wp-content\/uploads\/2019\/10\/photo_2019-10-29_16-28-02-1024x575.jpg 1024w\" sizes=\"(max-width: 3543px) 100vw, 3543px\" \/><\/a>\n\t\t\t<\/div><\/figure><figure class='gallery-item'>\n\t\t\t<div class='gallery-icon landscape'>\n\t\t\t\t<a href='https:\/\/archive.sana.sy\/es\/wp-content\/uploads\/2019\/10\/photo_2019-10-29_16-28-04-1.jpg'><img loading=\"lazy\" decoding=\"async\" width=\"3543\" height=\"1986\" src=\"https:\/\/archive.sana.sy\/es\/wp-content\/uploads\/2019\/10\/photo_2019-10-29_16-28-04-1.jpg\" class=\"attachment-full size-full\" alt=\"\" srcset=\"https:\/\/archive.sana.sy\/es\/wp-content\/uploads\/2019\/10\/photo_2019-10-29_16-28-04-1.jpg 3543w, https:\/\/archive.sana.sy\/es\/wp-content\/uploads\/2019\/10\/photo_2019-10-29_16-28-04-1-150x84.jpg 150w, https:\/\/archive.sana.sy\/es\/wp-content\/uploads\/2019\/10\/photo_2019-10-29_16-28-04-1-300x168.jpg 300w, https:\/\/archive.sana.sy\/es\/wp-content\/uploads\/2019\/10\/photo_2019-10-29_16-28-04-1-768x430.jpg 768w, https:\/\/archive.sana.sy\/es\/wp-content\/uploads\/2019\/10\/photo_2019-10-29_16-28-04-1-1024x574.jpg 1024w\" sizes=\"(max-width: 3543px) 100vw, 3543px\" \/><\/a>\n\t\t\t<\/div><\/figure><figure class='gallery-item'>\n\t\t\t<div class='gallery-icon landscape'>\n\t\t\t\t<a href='https:\/\/archive.sana.sy\/es\/wp-content\/uploads\/2019\/10\/photo_2019-10-29_16-28-08.jpg'><img loading=\"lazy\" decoding=\"async\" width=\"3543\" height=\"1988\" src=\"https:\/\/archive.sana.sy\/es\/wp-content\/uploads\/2019\/10\/photo_2019-10-29_16-28-08.jpg\" class=\"attachment-full size-full\" alt=\"\" srcset=\"https:\/\/archive.sana.sy\/es\/wp-content\/uploads\/2019\/10\/photo_2019-10-29_16-28-08.jpg 3543w, https:\/\/archive.sana.sy\/es\/wp-content\/uploads\/2019\/10\/photo_2019-10-29_16-28-08-150x84.jpg 150w, https:\/\/archive.sana.sy\/es\/wp-content\/uploads\/2019\/10\/photo_2019-10-29_16-28-08-300x168.jpg 300w, https:\/\/archive.sana.sy\/es\/wp-content\/uploads\/2019\/10\/photo_2019-10-29_16-28-08-768x431.jpg 768w, https:\/\/archive.sana.sy\/es\/wp-content\/uploads\/2019\/10\/photo_2019-10-29_16-28-08-1024x575.jpg 1024w\" sizes=\"(max-width: 3543px) 100vw, 3543px\" \/><\/a>\n\t\t\t<\/div><\/figure><figure class='gallery-item'>\n\t\t\t<div class='gallery-icon landscape'>\n\t\t\t\t<a href='https:\/\/archive.sana.sy\/es\/wp-content\/uploads\/2019\/10\/photo_2019-10-29_16-28-16.jpg'><img loading=\"lazy\" decoding=\"async\" width=\"3543\" height=\"1988\" src=\"https:\/\/archive.sana.sy\/es\/wp-content\/uploads\/2019\/10\/photo_2019-10-29_16-28-16.jpg\" class=\"attachment-full size-full\" alt=\"\" srcset=\"https:\/\/archive.sana.sy\/es\/wp-content\/uploads\/2019\/10\/photo_2019-10-29_16-28-16.jpg 3543w, https:\/\/archive.sana.sy\/es\/wp-content\/uploads\/2019\/10\/photo_2019-10-29_16-28-16-150x84.jpg 150w, https:\/\/archive.sana.sy\/es\/wp-content\/uploads\/2019\/10\/photo_2019-10-29_16-28-16-300x168.jpg 300w, https:\/\/archive.sana.sy\/es\/wp-content\/uploads\/2019\/10\/photo_2019-10-29_16-28-16-768x431.jpg 768w, https:\/\/archive.sana.sy\/es\/wp-content\/uploads\/2019\/10\/photo_2019-10-29_16-28-16-1024x575.jpg 1024w\" sizes=\"(max-width: 3543px) 100vw, 3543px\" \/><\/a>\n\t\t\t<\/div><\/figure>\n\t\t<\/div>\n\n","protected":false},"excerpt":{"rendered":"<p>Deir Ezzor, SANA Unidades del ej\u00e9rcito sirio hallaron hoy, una red de t\u00faneles de los terroristas del Daesh en la ciudad de Qurrieh en el campo este de la provincia de Deir Ezzor. Los militares sirios detectaron dentro de los t\u00faneles cantidades de armas y municiones, algunas de ellas son de origen israel\u00ed, seg\u00fan confirm\u00f3 &hellip;<\/p>\n","protected":false},"author":34,"featured_media":118781,"comment_status":"closed","ping_status":"closed","sticky":false,"template":"","format":"standard","meta":{"footnotes":""},"categories":[597,573,476,7541],"tags":[16907],"class_list":["post-118776","post","type-post","status-publish","format-standard","has-post-thumbnail","","category-cinta-de-noticias","category-la-realidad-de-los-acontecimientos-en-siria","category-locales","category-ultimas-noticias","tag-red-de-tuneles-de-terroristas-del-daesh-en-deir-ezzor-contiene-armas-israelies"],"_links":{"self":[{"href":"https:\/\/archive.sana.sy\/es\/index.php?rest_route=\/wp\/v2\/posts\/118776"}],"collection":[{"href":"https:\/\/archive.sana.sy\/es\/index.php?rest_route=\/wp\/v2\/posts"}],"about":[{"href":"https:\/\/archive.sana.sy\/es\/index.php?rest_route=\/wp\/v2\/types\/post"}],"author":[{"embeddable":true,"href":"https:\/\/archive.sana.sy\/es\/index.php?rest_route=\/wp\/v2\/users\/34"}],"replies":[{"embeddable":true,"href":"https:\/\/archive.sana.sy\/es\/index.php?rest_route=%2Fwp%2Fv2%2Fcomments&post=118776"}],"version-history":[{"count":0,"href":"https:\/\/archive.sana.sy\/es\/index.php?rest_route=\/wp\/v2\/posts\/118776\/revisions"}],"wp:featuredmedia":[{"embeddable":true,"href":"https:\/\/archive.sana.sy\/es\/index.php?rest_route=\/wp\/v2\/media\/118781"}],"wp:attachment":[{"href":"https:\/\/archive.sana.sy\/es\/index.php?rest_route=%2Fwp%2Fv2%2Fmedia&parent=118776"}],"wp:term":[{"taxonomy":"category","embeddable":true,"href":"https:\/\/archive.sana.sy\/es\/index.php?rest_route=%2Fwp%2Fv2%2Fcategories&post=118776"},{"taxonomy":"post_tag","embeddable":true,"href":"https:\/\/archive.sana.sy\/es\/index.php?rest_route=%2Fwp%2Fv2%2Ftags&post=118776"}],"curies":[{"name":"wp","href":"https:\/\/api.w.org\/{rel}","templated":true}]}}