{"id":118792,"date":"2019-10-29T18:22:39","date_gmt":"2019-10-29T16:22:39","guid":{"rendered":"https:\/\/sana.sy\/es\/?p=118792"},"modified":"2019-10-29T19:04:02","modified_gmt":"2019-10-29T17:04:02","slug":"moscu-los-grupos-armados-completaron-su-retirada-de-la-zona-fronteriza-sirio-turca","status":"publish","type":"post","link":"https:\/\/archive.sana.sy\/es\/?p=118792","title":{"rendered":"Mosc\u00fa: Los grupos armados completaron su retirada de la zona fronteriza sirio-turca"},"content":{"rendered":"<p style=\"text-align: justify;\"><strong><span style=\"color: #800000;\">Erev\u00e1n, SANA<\/span><\/strong><\/p>\n<p style=\"text-align: justify;\">El ministro de Defensa ruso, Serguei Shoigu, anunci\u00f3 que los grupos armados completaron su retirada de la zona fronteriza entre Siria y Turqu\u00eda.<\/p>\n<p style=\"text-align: justify;\">Tras sus conversaciones con su par armenio, David Tonoyan, el titular de Defensa ruso precis\u00f3 que la retirada de las formaciones armadas de la zona norte de Siria se ha completado \u201cantes de lo previsto\u201d, y afirm\u00f3 que las unidades castrenses sirias junto con la polic\u00eda militar rusa han arribado a dicha zona.<\/p>\n<p style=\"text-align: justify;\">El Ministerio sirio de Exteriores emiti\u00f3 la v\u00edspera un comunicado en el que aplaudi\u00f3 la retirada de las formaciones armadas a una distancia de unos 30 km hacia el sur de la frontera sirio-turca , acci\u00f3n que se llev\u00f3 a cabo en coordinaci\u00f3n directa con el Ej\u00e9rcito sirio.<\/p>\n<p style=\"text-align: justify;\">Esta retirada, seg\u00fan la canciller\u00eda siria, anula el pretexto principal de la brutal agresi\u00f3n turca contra el territorio sirio.<\/p>\n<p style=\"text-align: justify;\"><strong><span style=\"color: #0000ff;\">L.A<\/span><\/strong><\/p>\n","protected":false},"excerpt":{"rendered":"<p>Erev\u00e1n, SANA El ministro de Defensa ruso, Serguei Shoigu, anunci\u00f3 que los grupos armados completaron su retirada de la zona fronteriza entre Siria y Turqu\u00eda. Tras sus conversaciones con su par armenio, David Tonoyan, el titular de Defensa ruso precis\u00f3 que la retirada de las formaciones armadas de la zona norte de Siria se ha &hellip;<\/p>\n","protected":false},"author":24,"featured_media":55265,"comment_status":"closed","ping_status":"closed","sticky":false,"template":"","format":"standard","meta":{"footnotes":""},"categories":[597,467],"tags":[],"class_list":["post-118792","post","type-post","status-publish","format-standard","has-post-thumbnail","","category-cinta-de-noticias","category-siria-y-el-mundo"],"_links":{"self":[{"href":"https:\/\/archive.sana.sy\/es\/index.php?rest_route=\/wp\/v2\/posts\/118792"}],"collection":[{"href":"https:\/\/archive.sana.sy\/es\/index.php?rest_route=\/wp\/v2\/posts"}],"about":[{"href":"https:\/\/archive.sana.sy\/es\/index.php?rest_route=\/wp\/v2\/types\/post"}],"author":[{"embeddable":true,"href":"https:\/\/archive.sana.sy\/es\/index.php?rest_route=\/wp\/v2\/users\/24"}],"replies":[{"embeddable":true,"href":"https:\/\/archive.sana.sy\/es\/index.php?rest_route=%2Fwp%2Fv2%2Fcomments&post=118792"}],"version-history":[{"count":0,"href":"https:\/\/archive.sana.sy\/es\/index.php?rest_route=\/wp\/v2\/posts\/118792\/revisions"}],"wp:featuredmedia":[{"embeddable":true,"href":"https:\/\/archive.sana.sy\/es\/index.php?rest_route=\/wp\/v2\/media\/55265"}],"wp:attachment":[{"href":"https:\/\/archive.sana.sy\/es\/index.php?rest_route=%2Fwp%2Fv2%2Fmedia&parent=118792"}],"wp:term":[{"taxonomy":"category","embeddable":true,"href":"https:\/\/archive.sana.sy\/es\/index.php?rest_route=%2Fwp%2Fv2%2Fcategories&post=118792"},{"taxonomy":"post_tag","embeddable":true,"href":"https:\/\/archive.sana.sy\/es\/index.php?rest_route=%2Fwp%2Fv2%2Ftags&post=118792"}],"curies":[{"name":"wp","href":"https:\/\/api.w.org\/{rel}","templated":true}]}}