{"id":118794,"date":"2019-10-29T15:00:04","date_gmt":"2019-10-29T13:00:04","guid":{"rendered":"https:\/\/sana.sy\/es\/?p=118794"},"modified":"2019-10-29T20:08:17","modified_gmt":"2019-10-29T18:08:17","slug":"lanzan-una-jornada-de-arborizacion-en-el-campo-de-homs-para-rehabilitar-tierras-afectadas-por-los-incendios","status":"publish","type":"post","link":"https:\/\/archive.sana.sy\/es\/?p=118794","title":{"rendered":"Lanzan campa\u00f1a de reforestaci\u00f3n en zonas afectadas por incendios en Homs"},"content":{"rendered":"<p style=\"text-align: justify\"><span style=\"color: #800000\">Homs, SANA<\/span><\/p>\n<p style=\"text-align: justify\">Fue lanzada hoy una campa\u00f1a de reforestaci\u00f3n de las zonas monta\u00f1osas del campo oeste de la provincia de Homs, que fueron afectadas recientemente por incendios que asolaron las regiones central y costera del pa\u00eds.<\/p>\n<p style=\"text-align: justify\">El jefe del Departamento de Reforestaci\u00f3n en Homs, Elias Bitar, dijo que la campa\u00f1a tiene como objetivo mermar los da\u00f1os causados por los incendios que afectaron seriamente en las zonas forestales, cuya superficie se estima en 262 dunums.<\/p>\n<p style=\"text-align: justify\">Destac\u00f3 que la jornada cuenta con la participaci\u00f3n de distintas iniciativas civiles, y agreg\u00f3 que se procede actualmente a cortar y podar los \u00e1rboles quemados para sembrar luego \u00e1rboles de pino, casta\u00f1o y laurel.<\/p>\n<div id='gallery-1' class='gallery galleryid-118794 gallery-columns-1 gallery-size-full'><figure class='gallery-item'>\n\t\t\t<div class='gallery-icon landscape'>\n\t\t\t\t<a href='https:\/\/archive.sana.sy\/es\/wp-content\/uploads\/2019\/10\/photo_2019-10-29_10-08-56.jpg'><img loading=\"lazy\" decoding=\"async\" width=\"960\" height=\"633\" src=\"https:\/\/archive.sana.sy\/es\/wp-content\/uploads\/2019\/10\/photo_2019-10-29_10-08-56.jpg\" class=\"attachment-full size-full\" alt=\"\" srcset=\"https:\/\/archive.sana.sy\/es\/wp-content\/uploads\/2019\/10\/photo_2019-10-29_10-08-56.jpg 960w, https:\/\/archive.sana.sy\/es\/wp-content\/uploads\/2019\/10\/photo_2019-10-29_10-08-56-150x99.jpg 150w, https:\/\/archive.sana.sy\/es\/wp-content\/uploads\/2019\/10\/photo_2019-10-29_10-08-56-300x198.jpg 300w, https:\/\/archive.sana.sy\/es\/wp-content\/uploads\/2019\/10\/photo_2019-10-29_10-08-56-768x506.jpg 768w, https:\/\/archive.sana.sy\/es\/wp-content\/uploads\/2019\/10\/photo_2019-10-29_10-08-56-310x205.jpg 310w\" sizes=\"(max-width: 960px) 100vw, 960px\" \/><\/a>\n\t\t\t<\/div><\/figure><figure class='gallery-item'>\n\t\t\t<div class='gallery-icon portrait'>\n\t\t\t\t<a href='https:\/\/archive.sana.sy\/es\/wp-content\/uploads\/2019\/10\/photo_2019-10-29_10-09-04.jpg'><img loading=\"lazy\" decoding=\"async\" width=\"715\" height=\"960\" src=\"https:\/\/archive.sana.sy\/es\/wp-content\/uploads\/2019\/10\/photo_2019-10-29_10-09-04.jpg\" class=\"attachment-full size-full\" alt=\"\" srcset=\"https:\/\/archive.sana.sy\/es\/wp-content\/uploads\/2019\/10\/photo_2019-10-29_10-09-04.jpg 715w, https:\/\/archive.sana.sy\/es\/wp-content\/uploads\/2019\/10\/photo_2019-10-29_10-09-04-112x150.jpg 112w, https:\/\/archive.sana.sy\/es\/wp-content\/uploads\/2019\/10\/photo_2019-10-29_10-09-04-223x300.jpg 223w\" sizes=\"(max-width: 715px) 100vw, 715px\" \/><\/a>\n\t\t\t<\/div><\/figure><figure class='gallery-item'>\n\t\t\t<div class='gallery-icon landscape'>\n\t\t\t\t<a href='https:\/\/archive.sana.sy\/es\/wp-content\/uploads\/2019\/10\/photo_2019-10-29_10-08-58.jpg'><img loading=\"lazy\" decoding=\"async\" width=\"960\" height=\"642\" src=\"https:\/\/archive.sana.sy\/es\/wp-content\/uploads\/2019\/10\/photo_2019-10-29_10-08-58.jpg\" class=\"attachment-full size-full\" alt=\"\" srcset=\"https:\/\/archive.sana.sy\/es\/wp-content\/uploads\/2019\/10\/photo_2019-10-29_10-08-58.jpg 960w, https:\/\/archive.sana.sy\/es\/wp-content\/uploads\/2019\/10\/photo_2019-10-29_10-08-58-150x100.jpg 150w, https:\/\/archive.sana.sy\/es\/wp-content\/uploads\/2019\/10\/photo_2019-10-29_10-08-58-300x201.jpg 300w, https:\/\/archive.sana.sy\/es\/wp-content\/uploads\/2019\/10\/photo_2019-10-29_10-08-58-768x514.jpg 768w, https:\/\/archive.sana.sy\/es\/wp-content\/uploads\/2019\/10\/photo_2019-10-29_10-08-58-110x75.jpg 110w\" sizes=\"(max-width: 960px) 100vw, 960px\" \/><\/a>\n\t\t\t<\/div><\/figure>\n\t\t<\/div>\n\n<p><strong><span style=\"color: #0000ff\">L.A<\/span><\/strong><\/p>\n<p>&nbsp;<\/p>\n","protected":false},"excerpt":{"rendered":"<p>Homs, SANA Fue lanzada hoy una campa\u00f1a de reforestaci\u00f3n de las zonas monta\u00f1osas del campo oeste de la provincia de Homs, que fueron afectadas recientemente por incendios que asolaron las regiones central y costera del pa\u00eds. El jefe del Departamento de Reforestaci\u00f3n en Homs, Elias Bitar, dijo que la campa\u00f1a tiene como objetivo mermar los &hellip;<\/p>\n","protected":false},"author":24,"featured_media":118800,"comment_status":"closed","ping_status":"closed","sticky":false,"template":"","format":"standard","meta":{"footnotes":""},"categories":[597,476,7541],"tags":[],"class_list":["post-118794","post","type-post","status-publish","format-standard","has-post-thumbnail","","category-cinta-de-noticias","category-locales","category-ultimas-noticias"],"_links":{"self":[{"href":"https:\/\/archive.sana.sy\/es\/index.php?rest_route=\/wp\/v2\/posts\/118794"}],"collection":[{"href":"https:\/\/archive.sana.sy\/es\/index.php?rest_route=\/wp\/v2\/posts"}],"about":[{"href":"https:\/\/archive.sana.sy\/es\/index.php?rest_route=\/wp\/v2\/types\/post"}],"author":[{"embeddable":true,"href":"https:\/\/archive.sana.sy\/es\/index.php?rest_route=\/wp\/v2\/users\/24"}],"replies":[{"embeddable":true,"href":"https:\/\/archive.sana.sy\/es\/index.php?rest_route=%2Fwp%2Fv2%2Fcomments&post=118794"}],"version-history":[{"count":0,"href":"https:\/\/archive.sana.sy\/es\/index.php?rest_route=\/wp\/v2\/posts\/118794\/revisions"}],"wp:featuredmedia":[{"embeddable":true,"href":"https:\/\/archive.sana.sy\/es\/index.php?rest_route=\/wp\/v2\/media\/118800"}],"wp:attachment":[{"href":"https:\/\/archive.sana.sy\/es\/index.php?rest_route=%2Fwp%2Fv2%2Fmedia&parent=118794"}],"wp:term":[{"taxonomy":"category","embeddable":true,"href":"https:\/\/archive.sana.sy\/es\/index.php?rest_route=%2Fwp%2Fv2%2Fcategories&post=118794"},{"taxonomy":"post_tag","embeddable":true,"href":"https:\/\/archive.sana.sy\/es\/index.php?rest_route=%2Fwp%2Fv2%2Ftags&post=118794"}],"curies":[{"name":"wp","href":"https:\/\/api.w.org\/{rel}","templated":true}]}}