{"id":118828,"date":"2019-10-29T20:56:24","date_gmt":"2019-10-29T18:56:24","guid":{"rendered":"https:\/\/sana.sy\/es\/?p=118828"},"modified":"2019-10-29T20:56:24","modified_gmt":"2019-10-29T18:56:24","slug":"egipto-reitera-su-postura-en-pro-de-la-solucion-politica-de-la-crisis-en-siria","status":"publish","type":"post","link":"https:\/\/archive.sana.sy\/es\/?p=118828","title":{"rendered":"Egipto reitera su postura en pro de la soluci\u00f3n pol\u00edtica de la crisis en Siria"},"content":{"rendered":"<p style=\"text-align: justify\"><span style=\"color: #800000\">El Cairo, SANA<\/span><\/p>\n<p style=\"text-align: justify\">El presidente egipcio, Abdul Fatah al-Sisi, reiter\u00f3 la postura de su pa\u00eds que aboga por una soluci\u00f3n pol\u00edtica de la crisis en Siria, basada en el respeto a la seguridad e integridad territorial de este pa\u00eds.<\/p>\n<p style=\"text-align: justify\">El mandatario egipcio hizo estas declaraciones durante una reuni\u00f3n sostenida este martes con el Canciller de Alemania, Heiko Maas, en la cual ambas partes abordaron los \u00faltimos acontecimientos en Siria y las v\u00edas de impulsar el arreglo pol\u00edtico de la crisis que vive este pa\u00eds \u00e1rabe.<\/p>\n<p style=\"text-align: justify\">En el mismo contexto, el jefe de la diplomacia egipcia, Sameh Shukri, denunci\u00f3 que la agresi\u00f3n turca contra el territorio sirio \u201ces una violaci\u00f3n del derecho internacional y una amenaza para la seguridad y paz internacionales\u201d.<\/p>\n<p style=\"text-align: justify\">Durante una rueda de prensa conjunta con su par alem\u00e1n Maas, el Canciller egipcio se\u00f1al\u00f3 que \u201cla agresi\u00f3n turca contra el noreste de Siria tiene un impacto negativo y conllevar\u00e1 a la expansi\u00f3n de elementos extremistas\u201d, recalcando la necesidad de acabar con los grupos terroristas que representan una amenaza no solo para la poblaci\u00f3n siria sino para toda la regi\u00f3n.<\/p>\n<p style=\"text-align: justify\">Shukri subray\u00f3 que las reuniones del Comit\u00e9 encargado de debatir la Constituci\u00f3n siria a celebrarse en Ginebra contribuir\u00e1n a afianzar la soluci\u00f3n pol\u00edtica de la crisis en Siria.<\/p>\n<p style=\"text-align: justify\">Por su parte, Maas se\u00f1al\u00f3 que la agresi\u00f3n turca contra el territorio sirio ha causado el \u00e9xodo de miles de civiles.<\/p>\n<p style=\"text-align: justify\">Agreg\u00f3 que las reuniones del Comit\u00e9 del debate de la Carta Magna siria se considera como un \u00e9xito en el marco de los pasos hacia la soluci\u00f3n pol\u00edtica.<\/p>\n<p style=\"text-align: justify\">\nL.A.<\/p>\n","protected":false},"excerpt":{"rendered":"<p>El Cairo, SANA El presidente egipcio, Abdul Fatah al-Sisi, reiter\u00f3 la postura de su pa\u00eds que aboga por una soluci\u00f3n pol\u00edtica de la crisis en Siria, basada en el respeto a la seguridad e integridad territorial de este pa\u00eds. El mandatario egipcio hizo estas declaraciones durante una reuni\u00f3n sostenida este martes con el Canciller de &hellip;<\/p>\n","protected":false},"author":24,"featured_media":118829,"comment_status":"closed","ping_status":"closed","sticky":false,"template":"","format":"standard","meta":{"footnotes":""},"categories":[597,467],"tags":[],"class_list":["post-118828","post","type-post","status-publish","format-standard","has-post-thumbnail","","category-cinta-de-noticias","category-siria-y-el-mundo"],"_links":{"self":[{"href":"https:\/\/archive.sana.sy\/es\/index.php?rest_route=\/wp\/v2\/posts\/118828"}],"collection":[{"href":"https:\/\/archive.sana.sy\/es\/index.php?rest_route=\/wp\/v2\/posts"}],"about":[{"href":"https:\/\/archive.sana.sy\/es\/index.php?rest_route=\/wp\/v2\/types\/post"}],"author":[{"embeddable":true,"href":"https:\/\/archive.sana.sy\/es\/index.php?rest_route=\/wp\/v2\/users\/24"}],"replies":[{"embeddable":true,"href":"https:\/\/archive.sana.sy\/es\/index.php?rest_route=%2Fwp%2Fv2%2Fcomments&post=118828"}],"version-history":[{"count":0,"href":"https:\/\/archive.sana.sy\/es\/index.php?rest_route=\/wp\/v2\/posts\/118828\/revisions"}],"wp:featuredmedia":[{"embeddable":true,"href":"https:\/\/archive.sana.sy\/es\/index.php?rest_route=\/wp\/v2\/media\/118829"}],"wp:attachment":[{"href":"https:\/\/archive.sana.sy\/es\/index.php?rest_route=%2Fwp%2Fv2%2Fmedia&parent=118828"}],"wp:term":[{"taxonomy":"category","embeddable":true,"href":"https:\/\/archive.sana.sy\/es\/index.php?rest_route=%2Fwp%2Fv2%2Fcategories&post=118828"},{"taxonomy":"post_tag","embeddable":true,"href":"https:\/\/archive.sana.sy\/es\/index.php?rest_route=%2Fwp%2Fv2%2Ftags&post=118828"}],"curies":[{"name":"wp","href":"https:\/\/api.w.org\/{rel}","templated":true}]}}