{"id":118848,"date":"2019-10-29T23:05:26","date_gmt":"2019-10-29T21:05:26","guid":{"rendered":"https:\/\/sana.sy\/es\/?p=118848"},"modified":"2019-10-30T06:42:37","modified_gmt":"2019-10-30T04:42:37","slug":"rusia-e-iran-trabajo-del-comite-de-discusion-de-la-constitucion-siria-debe-ser-realizado-lejos-de-la-injerencia-extranjera","status":"publish","type":"post","link":"https:\/\/archive.sana.sy\/es\/?p=118848","title":{"rendered":"Pa\u00edses garantes del proceso de Astan\u00e1 reiteran su compromiso con seguridad e integridad territorial de Siria"},"content":{"rendered":"<p style=\"text-align: justify;\"><span style=\"color: #800000;\">Ginebra, SANA<\/span><\/p>\n<p style=\"text-align: justify;\">Los pa\u00edses garantes del proceso de Astan\u00e1 (Rusia, Ir\u00e1n y Turqu\u00eda) reiteraron su compromiso con la soberan\u00eda, la seguridad e integridad territorial de Siria, as\u00ed como con los continuos esfuerzos destinados a acabar con el terrorismo en esta naci\u00f3n.<\/p>\n<p style=\"text-align: justify;\">Una declaraci\u00f3n conjunta emitida tras una reuni\u00f3n sostenida en Ginebra entre los cancilleres de los pa\u00edses garantes, Serguei Lavrov, Mohamad Javad Zarif, y el Ministro de Relaciones Exteriores del r\u00e9gimen turco, Mevlut Cavusoglu, subray\u00f3 que las tres naciones est\u00e1n comprometidas con la unidad y la integridad territorial de Siria, y con la continuaci\u00f3n de la lucha contra el terrorismo hasta erradicar este flagelo del territorio sirio.<\/p>\n<p style=\"text-align: justify;\">En la declaraci\u00f3n, los pa\u00edses garantes expresaron su rechazo a cualquier agenda separatista encaminada a socavar la integridad territorial de Siria.<\/p>\n<p style=\"text-align: justify;\">Acogieron con benepl\u00e1cito el comienzo de las reuniones del Comit\u00e9 de Discusi\u00f3n Constitucional en Ginebra, y destacaron que el trabajo de este organismo debe llevarse a cabo sin ninguna injerencia extranjera o plazos predeterminados.<\/p>\n<p style=\"text-align: justify;\">Los tres cancilleres ratificaron su pleno apoyo al trabajo del Comit\u00e9 y a los esfuerzos del Enviado Especial de la ONU para Siria, Geir Pedersen, al respecto.<\/p>\n<p style=\"text-align: justify;\">Tambi\u00e9n, indicaron que el lanzamiento del trabajo del Comit\u00e9 de Discusi\u00f3n de la Constituci\u00f3n siria demuestra que no hay una soluci\u00f3n militar a la crisis en Siria, y recalcaron la necesidad de apegarse a la soluci\u00f3n pol\u00edtica a la crisis.<\/p>\n<p style=\"text-align: justify;\">Exigieron a la comunidad internacional que aumente la ayuda a todos los sirios sin condiciones previas y que contribuya a la repatriaci\u00f3n de los desplazados sirios, especialmente que el Estado sirio haya creado las condiciones necesarias para esto.<\/p>\n<p style=\"text-align: justify;\"><span style=\"color: #0000ff;\"><strong>L.A\/R.R\/F.M<\/strong><\/span><\/p>\n","protected":false},"excerpt":{"rendered":"<p>Ginebra, SANA Los pa\u00edses garantes del proceso de Astan\u00e1 (Rusia, Ir\u00e1n y Turqu\u00eda) reiteraron su compromiso con la soberan\u00eda, la seguridad e integridad territorial de Siria, as\u00ed como con los continuos esfuerzos destinados a acabar con el terrorismo en esta naci\u00f3n. Una declaraci\u00f3n conjunta emitida tras una reuni\u00f3n sostenida en Ginebra entre los cancilleres de &hellip;<\/p>\n","protected":false},"author":31,"featured_media":118849,"comment_status":"closed","ping_status":"closed","sticky":false,"template":"","format":"standard","meta":{"footnotes":""},"categories":[597,467,7541],"tags":[],"class_list":["post-118848","post","type-post","status-publish","format-standard","has-post-thumbnail","","category-cinta-de-noticias","category-siria-y-el-mundo","category-ultimas-noticias"],"_links":{"self":[{"href":"https:\/\/archive.sana.sy\/es\/index.php?rest_route=\/wp\/v2\/posts\/118848"}],"collection":[{"href":"https:\/\/archive.sana.sy\/es\/index.php?rest_route=\/wp\/v2\/posts"}],"about":[{"href":"https:\/\/archive.sana.sy\/es\/index.php?rest_route=\/wp\/v2\/types\/post"}],"author":[{"embeddable":true,"href":"https:\/\/archive.sana.sy\/es\/index.php?rest_route=\/wp\/v2\/users\/31"}],"replies":[{"embeddable":true,"href":"https:\/\/archive.sana.sy\/es\/index.php?rest_route=%2Fwp%2Fv2%2Fcomments&post=118848"}],"version-history":[{"count":0,"href":"https:\/\/archive.sana.sy\/es\/index.php?rest_route=\/wp\/v2\/posts\/118848\/revisions"}],"wp:featuredmedia":[{"embeddable":true,"href":"https:\/\/archive.sana.sy\/es\/index.php?rest_route=\/wp\/v2\/media\/118849"}],"wp:attachment":[{"href":"https:\/\/archive.sana.sy\/es\/index.php?rest_route=%2Fwp%2Fv2%2Fmedia&parent=118848"}],"wp:term":[{"taxonomy":"category","embeddable":true,"href":"https:\/\/archive.sana.sy\/es\/index.php?rest_route=%2Fwp%2Fv2%2Fcategories&post=118848"},{"taxonomy":"post_tag","embeddable":true,"href":"https:\/\/archive.sana.sy\/es\/index.php?rest_route=%2Fwp%2Fv2%2Ftags&post=118848"}],"curies":[{"name":"wp","href":"https:\/\/api.w.org\/{rel}","templated":true}]}}