{"id":118861,"date":"2019-10-30T05:50:00","date_gmt":"2019-10-30T03:50:00","guid":{"rendered":"https:\/\/sana.sy\/es\/?p=118861"},"modified":"2023-01-09T14:08:38","modified_gmt":"2023-01-09T12:08:38","slug":"espectaculos-artisticos-y-folcloricos-en-el-festival-jubilo-y-laurel","status":"publish","type":"post","link":"https:\/\/archive.sana.sy\/es\/?p=118861","title":{"rendered":"Espect\u00e1culos art\u00edsticos y folcl\u00f3ricos en el festival J\u00fabilo y Laurel"},"content":{"rendered":"<div>\n<p style=\"text-align: justify;\"><span lang=\"ES-TRAD\" style=\"color: #800000;\">Hasakeh, SANA<\/span><\/p>\n<p style=\"text-align: justify;\"><span lang=\"ES-TRAD\">El festival de folclor (J\u00fabilo y Laurel) organizado por el Centro Cultural \u00c1rabe en la provincia de Hasakeh, incluy\u00f3\u00a0\u00a0varias\u00a0\u00a0actividades art\u00edsticas y musicales\u00a0\u00a0que celebraron las victorias del Ej\u00e9rcito \u00c1rabe Sirio contra el terrorismo.<\/span><\/p>\n<p style=\"text-align: justify;\"><span lang=\"ES-TRAD\">En la ceremonia de apertura, se presentaron espect\u00e1culos art\u00edsticos y musicales\u00a0\u00a0que trat\u00f3 temas patri\u00f3ticos como la alegr\u00eda de la gente por el reciente despliegue de los militares sirios en sus localidades.<\/span><\/p>\n<p style=\"text-align: justify;\"><span lang=\"ES-TRAD\">Bailes tradicionales t\u00edpicos de la regi\u00f3n Al-Jazeera, como el Dabki, reflejaron el legado humano y c\u00edvico de Siria y la riqueza del patrimonio de Al-Jazeera y su autenticidad.<\/span><\/p>\n<p style=\"text-align: justify;\"><span lang=\"ES-TRAD\">Loa bailarines actuaron con vestimenta folcl\u00f3ricos que representan a \u00e1rabes, kurdos, sir\u00edacos y asirios, en una muestra de unidad, armon\u00eda y diversidad de la sociedad siria.<\/span><\/p>\n<p style=\"text-align: justify;\"><span lang=\"ES-TRAD\">No faltaron las recitaciones po\u00e9ticas en las que participaron\u00a0\u00a0un grupo de poetas populares.<\/span><\/p>\n<p style=\"text-align: justify;\"><span style=\"color: #0000ff;\">W.S \/ F.M<\/span><\/p>\n<p><img loading=\"lazy\" decoding=\"async\" class=\"alignnone size-medium wp-image-118863\" src=\"https:\/\/sana.sy\/es\/wp-content\/uploads\/2019\/10\/32-13-300x188-300x188.jpg\" alt=\"\" width=\"300\" height=\"188\" srcset=\"https:\/\/archive.sana.sy\/es\/wp-content\/uploads\/2019\/10\/32-13-300x188.jpg 300w, https:\/\/archive.sana.sy\/es\/wp-content\/uploads\/2019\/10\/32-13-300x188-150x94.jpg 150w\" sizes=\"(max-width: 300px) 100vw, 300px\" \/> <img loading=\"lazy\" decoding=\"async\" class=\"alignnone size-medium wp-image-118864\" src=\"https:\/\/sana.sy\/es\/wp-content\/uploads\/2019\/10\/33-49-300x160-300x160.jpg\" alt=\"\" width=\"300\" height=\"160\" srcset=\"https:\/\/archive.sana.sy\/es\/wp-content\/uploads\/2019\/10\/33-49-300x160.jpg 300w, https:\/\/archive.sana.sy\/es\/wp-content\/uploads\/2019\/10\/33-49-300x160-150x80.jpg 150w\" sizes=\"(max-width: 300px) 100vw, 300px\" \/> <img loading=\"lazy\" decoding=\"async\" class=\"alignnone size-medium wp-image-118865\" src=\"https:\/\/sana.sy\/es\/wp-content\/uploads\/2019\/10\/34-9-300x171-300x171.jpg\" alt=\"\" width=\"300\" height=\"171\" srcset=\"https:\/\/archive.sana.sy\/es\/wp-content\/uploads\/2019\/10\/34-9-300x171.jpg 300w, https:\/\/archive.sana.sy\/es\/wp-content\/uploads\/2019\/10\/34-9-300x171-150x86.jpg 150w\" sizes=\"(max-width: 300px) 100vw, 300px\" \/><\/p>\n<\/div>\n<div class=\"yj6qo ajU\" style=\"text-align: justify;\"><\/div>\n","protected":false},"excerpt":{"rendered":"<p>Hasakeh, SANA El festival de folclor (J\u00fabilo y Laurel) organizado por el Centro Cultural \u00c1rabe en la provincia de Hasakeh, incluy\u00f3\u00a0\u00a0varias\u00a0\u00a0actividades art\u00edsticas y musicales\u00a0\u00a0que celebraron las victorias del Ej\u00e9rcito \u00c1rabe Sirio contra el terrorismo. En la ceremonia de apertura, se presentaron espect\u00e1culos art\u00edsticos y musicales\u00a0\u00a0que trat\u00f3 temas patri\u00f3ticos como la alegr\u00eda de la gente por &hellip;<\/p>\n","protected":false},"author":35,"featured_media":118862,"comment_status":"closed","ping_status":"closed","sticky":false,"template":"","format":"standard","meta":{"footnotes":""},"categories":[597,510,476,7541],"tags":[],"class_list":["post-118861","post","type-post","status-publish","format-standard","has-post-thumbnail","","category-cinta-de-noticias","category-arte-y-cultura","category-locales","category-ultimas-noticias"],"_links":{"self":[{"href":"https:\/\/archive.sana.sy\/es\/index.php?rest_route=\/wp\/v2\/posts\/118861"}],"collection":[{"href":"https:\/\/archive.sana.sy\/es\/index.php?rest_route=\/wp\/v2\/posts"}],"about":[{"href":"https:\/\/archive.sana.sy\/es\/index.php?rest_route=\/wp\/v2\/types\/post"}],"author":[{"embeddable":true,"href":"https:\/\/archive.sana.sy\/es\/index.php?rest_route=\/wp\/v2\/users\/35"}],"replies":[{"embeddable":true,"href":"https:\/\/archive.sana.sy\/es\/index.php?rest_route=%2Fwp%2Fv2%2Fcomments&post=118861"}],"version-history":[{"count":0,"href":"https:\/\/archive.sana.sy\/es\/index.php?rest_route=\/wp\/v2\/posts\/118861\/revisions"}],"wp:featuredmedia":[{"embeddable":true,"href":"https:\/\/archive.sana.sy\/es\/index.php?rest_route=\/wp\/v2\/media\/118862"}],"wp:attachment":[{"href":"https:\/\/archive.sana.sy\/es\/index.php?rest_route=%2Fwp%2Fv2%2Fmedia&parent=118861"}],"wp:term":[{"taxonomy":"category","embeddable":true,"href":"https:\/\/archive.sana.sy\/es\/index.php?rest_route=%2Fwp%2Fv2%2Fcategories&post=118861"},{"taxonomy":"post_tag","embeddable":true,"href":"https:\/\/archive.sana.sy\/es\/index.php?rest_route=%2Fwp%2Fv2%2Ftags&post=118861"}],"curies":[{"name":"wp","href":"https:\/\/api.w.org\/{rel}","templated":true}]}}