{"id":118899,"date":"2019-10-30T14:33:26","date_gmt":"2019-10-30T12:33:26","guid":{"rendered":"https:\/\/sana.sy\/es\/?p=118899"},"modified":"2019-10-30T15:36:21","modified_gmt":"2019-10-30T13:36:21","slug":"ejercito-sirio-llama-a-los-integrantes-de-qsd-a-afiliarse-a-sus-filas-para-combatir-al-agresor-turco","status":"publish","type":"post","link":"https:\/\/archive.sana.sy\/es\/?p=118899","title":{"rendered":"Ej\u00e9rcito sirio llama a los integrantes de QSD a afiliarse a sus filas para combatir al agresor turco"},"content":{"rendered":"<p><strong><span style=\"color: #800000;\">Damasco, SANA<\/span><\/strong><\/p>\n<p>El Ministerio de Defensa emiti\u00f3 hoy una declaraci\u00f3n en la que anunci\u00f3 que el Comando General del Ej\u00e9rcito y las Fuerzas Armadas, y despu\u00e9s de extender su control sobre extensas \u00e1reas de la regi\u00f3n siria de al-Jazeera, convoca a los integrantes de los grupos afiliados a la denominada QSD a unirse a las unidades del ej\u00e9rcito para enfrentar la agresi\u00f3n turca que amenaza los territorios sirios.<\/p>\n<p>\u201cEl Comando General del Ej\u00e9rcito y las Fuerzas Armadas est\u00e1 dispuesto a recibir a los elementos y unidades que deseen unirse a las filas del ej\u00e9rcito y normalizar el estatus jur\u00eddico de aquellos que no cumplieron el Servicio Militar Obligatorio o el Servicio de Reserva, y tambi\u00e9n aquellos que est\u00e1n demandados por las fuerzas de seguridad\u201d, explic\u00f3 la declaraci\u00f3n.<\/p>\n<p>En su comunicado, el Ministerio asegur\u00f3 que \u201cen Siria enfrentamos a un enemigo com\u00fan y debemos como pueblo sirio, kurdos y \u00e1rabes, dar nuestra sangre para recuperar cualquier pulgada del suelo de la querida patria\u201d.<\/p>\n<p>Por su parte, el Ministerio del Interior anunci\u00f3 su disposici\u00f3n de proporcionar todos los servicios relacionados con el tema de Asuntos Civiles a todas las personas de la regi\u00f3n de \u00a0Al-Jazeera que las circunstancias dif\u00edciles les impidieron de obtener sus documentos.<\/p>\n<p>En un comunicado, el ministerio expres\u00f3 su disposici\u00f3n de recibir a todos aquellos que deseen unirse a las unidades de las Fuerzas de Seguridad Interna de los grupos llamados &#8220;Asayish&#8221;.<\/p>\n<p>En paralelo, el Ministerio de Educaci\u00f3n expres\u00f3 su plena disposici\u00f3n de dar tratamiento inmediato a los estudiantes en la regi\u00f3n siria de al-Jazeera (zonas al este del r\u00edo \u00c9ufrates) y recomenzar sus planes de estudios debido a la situaci\u00f3n de seguridad y militar que impidi\u00f3 que esos estudiantes\u00a0 de ejercer sus estudios.<\/p>\n<p><strong><span style=\"color: #0000ff;\">F.M\u00a0<\/span><\/strong><\/p>\n","protected":false},"excerpt":{"rendered":"<p>Damasco, SANA El Ministerio de Defensa emiti\u00f3 hoy una declaraci\u00f3n en la que anunci\u00f3 que el Comando General del Ej\u00e9rcito y las Fuerzas Armadas, y despu\u00e9s de extender su control sobre extensas \u00e1reas de la regi\u00f3n siria de al-Jazeera, convoca a los integrantes de los grupos afiliados a la denominada QSD a unirse a las &hellip;<\/p>\n","protected":false},"author":34,"featured_media":118906,"comment_status":"closed","ping_status":"closed","sticky":false,"template":"","format":"standard","meta":{"footnotes":""},"categories":[447,597,573,476,16688],"tags":[],"class_list":["post-118899","post","type-post","status-publish","format-standard","has-post-thumbnail","","category-local-politica","category-cinta-de-noticias","category-la-realidad-de-los-acontecimientos-en-siria","category-locales","category-nacionales"],"_links":{"self":[{"href":"https:\/\/archive.sana.sy\/es\/index.php?rest_route=\/wp\/v2\/posts\/118899"}],"collection":[{"href":"https:\/\/archive.sana.sy\/es\/index.php?rest_route=\/wp\/v2\/posts"}],"about":[{"href":"https:\/\/archive.sana.sy\/es\/index.php?rest_route=\/wp\/v2\/types\/post"}],"author":[{"embeddable":true,"href":"https:\/\/archive.sana.sy\/es\/index.php?rest_route=\/wp\/v2\/users\/34"}],"replies":[{"embeddable":true,"href":"https:\/\/archive.sana.sy\/es\/index.php?rest_route=%2Fwp%2Fv2%2Fcomments&post=118899"}],"version-history":[{"count":0,"href":"https:\/\/archive.sana.sy\/es\/index.php?rest_route=\/wp\/v2\/posts\/118899\/revisions"}],"wp:featuredmedia":[{"embeddable":true,"href":"https:\/\/archive.sana.sy\/es\/index.php?rest_route=\/wp\/v2\/media\/118906"}],"wp:attachment":[{"href":"https:\/\/archive.sana.sy\/es\/index.php?rest_route=%2Fwp%2Fv2%2Fmedia&parent=118899"}],"wp:term":[{"taxonomy":"category","embeddable":true,"href":"https:\/\/archive.sana.sy\/es\/index.php?rest_route=%2Fwp%2Fv2%2Fcategories&post=118899"},{"taxonomy":"post_tag","embeddable":true,"href":"https:\/\/archive.sana.sy\/es\/index.php?rest_route=%2Fwp%2Fv2%2Ftags&post=118899"}],"curies":[{"name":"wp","href":"https:\/\/api.w.org\/{rel}","templated":true}]}}