{"id":119046,"date":"2019-10-31T18:17:21","date_gmt":"2019-10-31T16:17:21","guid":{"rendered":"http:\/\/sana.sy\/es\/?p=119046"},"modified":"2023-01-10T15:15:36","modified_gmt":"2023-01-10T13:15:36","slug":"plantean-60-proyectos-turisticos-en-el-foro-de-inversion-en-tartous","status":"publish","type":"post","link":"https:\/\/archive.sana.sy\/es\/?p=119046","title":{"rendered":"Plantean 60 proyectos tur\u00edsticos en el Foro de Inversi\u00f3n en Tartous"},"content":{"rendered":"<p style=\"text-align: justify;\"><strong><span style=\"color: #800000;\">Tartous, SANA<\/span><\/strong><\/p>\n<p style=\"text-align: justify;\">Comenzaron hoy las actividades del Foro de Inversi\u00f3n Tur\u00edstica que organiza el Ministerio de Turismo con la participaci\u00f3n de varias empresas, empresarios e inversores sirios y extranjeros.<\/p>\n<p style=\"text-align: justify;\">Durante la apertura, se present\u00f3 una pel\u00edcula promocional sobre los proyectos tur\u00edsticos y los sitios arqueol\u00f3gicos en Siria, y las medidas tomadas por el Ministerio de Turismo para desarrollar el turismo y la inversi\u00f3n tur\u00edstica y superar las medidas econ\u00f3micas unilaterales impuestas al pueblo sirio.<\/p>\n<p style=\"text-align: justify;\">Los proyectos de inversi\u00f3n presentados en el Foro abarcan 40 proyectos para el sector p\u00fablico y 20 para el privado, e incluyen hoteles, centros comerciales y restaurantes.<\/p>\n<p style=\"text-align: justify;\">Previo a la apertura del foro, los ministros de Transporte y Turismo, acompa\u00f1ados por un grupo de empresarios, efectuaron una gira por varios sitios tur\u00edsticos planteados a la inversi\u00f3n, como la villa tur\u00edstica Al-Manara y el sitio del hotel Asas que consta de 16 pisos, y el hotel Sheraton de Tartous de 17 pisos.<\/p>\n<div id='gallery-1' class='gallery galleryid-119046 gallery-columns-1 gallery-size-full'><figure class='gallery-item'>\n\t\t\t<div class='gallery-icon landscape'>\n\t\t\t\t<a href='https:\/\/archive.sana.sy\/es\/wp-content\/uploads\/2019\/10\/21-49.jpg'><img loading=\"lazy\" decoding=\"async\" width=\"660\" height=\"370\" src=\"https:\/\/archive.sana.sy\/es\/wp-content\/uploads\/2019\/10\/21-49.jpg\" class=\"attachment-full size-full\" alt=\"\" srcset=\"https:\/\/archive.sana.sy\/es\/wp-content\/uploads\/2019\/10\/21-49.jpg 660w, https:\/\/archive.sana.sy\/es\/wp-content\/uploads\/2019\/10\/21-49-150x84.jpg 150w, https:\/\/archive.sana.sy\/es\/wp-content\/uploads\/2019\/10\/21-49-300x168.jpg 300w\" sizes=\"(max-width: 660px) 100vw, 660px\" \/><\/a>\n\t\t\t<\/div><\/figure><figure class='gallery-item'>\n\t\t\t<div class='gallery-icon landscape'>\n\t\t\t\t<a href='https:\/\/archive.sana.sy\/es\/wp-content\/uploads\/2019\/10\/20-62-660x330.jpg'><img loading=\"lazy\" decoding=\"async\" width=\"660\" height=\"330\" src=\"https:\/\/archive.sana.sy\/es\/wp-content\/uploads\/2019\/10\/20-62-660x330.jpg\" class=\"attachment-full size-full\" alt=\"\" srcset=\"https:\/\/archive.sana.sy\/es\/wp-content\/uploads\/2019\/10\/20-62-660x330.jpg 660w, https:\/\/archive.sana.sy\/es\/wp-content\/uploads\/2019\/10\/20-62-660x330-150x75.jpg 150w, https:\/\/archive.sana.sy\/es\/wp-content\/uploads\/2019\/10\/20-62-660x330-300x150.jpg 300w\" sizes=\"(max-width: 660px) 100vw, 660px\" \/><\/a>\n\t\t\t<\/div><\/figure><figure class='gallery-item'>\n\t\t\t<div class='gallery-icon landscape'>\n\t\t\t\t<a href='https:\/\/archive.sana.sy\/es\/wp-content\/uploads\/2019\/10\/22-94.jpg'><img loading=\"lazy\" decoding=\"async\" width=\"660\" height=\"370\" src=\"https:\/\/archive.sana.sy\/es\/wp-content\/uploads\/2019\/10\/22-94.jpg\" class=\"attachment-full size-full\" alt=\"\" srcset=\"https:\/\/archive.sana.sy\/es\/wp-content\/uploads\/2019\/10\/22-94.jpg 660w, https:\/\/archive.sana.sy\/es\/wp-content\/uploads\/2019\/10\/22-94-150x84.jpg 150w, https:\/\/archive.sana.sy\/es\/wp-content\/uploads\/2019\/10\/22-94-300x168.jpg 300w\" sizes=\"(max-width: 660px) 100vw, 660px\" \/><\/a>\n\t\t\t<\/div><\/figure>\n\t\t<\/div>\n\n<p style=\"text-align: justify;\"><strong><span style=\"color: #0000ff;\">F.M<\/span><\/strong><\/p>\n","protected":false},"excerpt":{"rendered":"<p>Tartous, SANA Comenzaron hoy las actividades del Foro de Inversi\u00f3n Tur\u00edstica que organiza el Ministerio de Turismo con la participaci\u00f3n de varias empresas, empresarios e inversores sirios y extranjeros. Durante la apertura, se present\u00f3 una pel\u00edcula promocional sobre los proyectos tur\u00edsticos y los sitios arqueol\u00f3gicos en Siria, y las medidas tomadas por el Ministerio de &hellip;<\/p>\n","protected":false},"author":34,"featured_media":119047,"comment_status":"closed","ping_status":"closed","sticky":false,"template":"","format":"standard","meta":{"footnotes":""},"categories":[597,16686,485,476,7541],"tags":[16918],"class_list":["post-119046","post","type-post","status-publish","format-standard","has-post-thumbnail","","category-cinta-de-noticias","category-economia","category-informes-negocios-y-finanzas","category-locales","category-ultimas-noticias","tag-plantean-60-proyectos-turisticos-en-el-foro-de-inversion-en-tartous"],"_links":{"self":[{"href":"https:\/\/archive.sana.sy\/es\/index.php?rest_route=\/wp\/v2\/posts\/119046"}],"collection":[{"href":"https:\/\/archive.sana.sy\/es\/index.php?rest_route=\/wp\/v2\/posts"}],"about":[{"href":"https:\/\/archive.sana.sy\/es\/index.php?rest_route=\/wp\/v2\/types\/post"}],"author":[{"embeddable":true,"href":"https:\/\/archive.sana.sy\/es\/index.php?rest_route=\/wp\/v2\/users\/34"}],"replies":[{"embeddable":true,"href":"https:\/\/archive.sana.sy\/es\/index.php?rest_route=%2Fwp%2Fv2%2Fcomments&post=119046"}],"version-history":[{"count":0,"href":"https:\/\/archive.sana.sy\/es\/index.php?rest_route=\/wp\/v2\/posts\/119046\/revisions"}],"wp:featuredmedia":[{"embeddable":true,"href":"https:\/\/archive.sana.sy\/es\/index.php?rest_route=\/wp\/v2\/media\/119047"}],"wp:attachment":[{"href":"https:\/\/archive.sana.sy\/es\/index.php?rest_route=%2Fwp%2Fv2%2Fmedia&parent=119046"}],"wp:term":[{"taxonomy":"category","embeddable":true,"href":"https:\/\/archive.sana.sy\/es\/index.php?rest_route=%2Fwp%2Fv2%2Fcategories&post=119046"},{"taxonomy":"post_tag","embeddable":true,"href":"https:\/\/archive.sana.sy\/es\/index.php?rest_route=%2Fwp%2Fv2%2Ftags&post=119046"}],"curies":[{"name":"wp","href":"https:\/\/api.w.org\/{rel}","templated":true}]}}