{"id":119055,"date":"2019-10-31T21:08:57","date_gmt":"2019-10-31T19:08:57","guid":{"rendered":"http:\/\/sana.sy\/es\/?p=119055"},"modified":"2019-10-31T21:08:57","modified_gmt":"2019-10-31T19:08:57","slug":"al-assad-no-tuvimos-nada-que-ver-con-la-operacion-de-eliminar-a-bagdadi-y-no-tenemos-comunicacion-con-ninguna-entidad-o-institucion-de-ee-uu-y-tampoco-sabemos-si-la-operacion-existio-o-no","status":"publish","type":"post","link":"https:\/\/archive.sana.sy\/es\/?p=119055","title":{"rendered":"Al-Assad: \u201cNo tuvimos nada que ver con la operaci\u00f3n de eliminar a Bagdadi y no tenemos comunicaci\u00f3n con ninguna entidad o instituci\u00f3n de EE.UU y tampoco sabemos si la operaci\u00f3n existi\u00f3 o no\u201d"},"content":{"rendered":"","protected":false},"excerpt":{"rendered":"","protected":false},"author":34,"featured_media":0,"comment_status":"closed","ping_status":"closed","sticky":false,"template":"","format":"standard","meta":{"footnotes":""},"categories":[596],"tags":[],"class_list":["post-119055","post","type-post","status-publish","format-standard","","category-urgente"],"_links":{"self":[{"href":"https:\/\/archive.sana.sy\/es\/index.php?rest_route=\/wp\/v2\/posts\/119055"}],"collection":[{"href":"https:\/\/archive.sana.sy\/es\/index.php?rest_route=\/wp\/v2\/posts"}],"about":[{"href":"https:\/\/archive.sana.sy\/es\/index.php?rest_route=\/wp\/v2\/types\/post"}],"author":[{"embeddable":true,"href":"https:\/\/archive.sana.sy\/es\/index.php?rest_route=\/wp\/v2\/users\/34"}],"replies":[{"embeddable":true,"href":"https:\/\/archive.sana.sy\/es\/index.php?rest_route=%2Fwp%2Fv2%2Fcomments&post=119055"}],"version-history":[{"count":0,"href":"https:\/\/archive.sana.sy\/es\/index.php?rest_route=\/wp\/v2\/posts\/119055\/revisions"}],"wp:attachment":[{"href":"https:\/\/archive.sana.sy\/es\/index.php?rest_route=%2Fwp%2Fv2%2Fmedia&parent=119055"}],"wp:term":[{"taxonomy":"category","embeddable":true,"href":"https:\/\/archive.sana.sy\/es\/index.php?rest_route=%2Fwp%2Fv2%2Fcategories&post=119055"},{"taxonomy":"post_tag","embeddable":true,"href":"https:\/\/archive.sana.sy\/es\/index.php?rest_route=%2Fwp%2Fv2%2Ftags&post=119055"}],"curies":[{"name":"wp","href":"https:\/\/api.w.org\/{rel}","templated":true}]}}