{"id":119057,"date":"2019-10-31T21:15:25","date_gmt":"2019-10-31T19:15:25","guid":{"rendered":"http:\/\/sana.sy\/es\/?p=119057"},"modified":"2023-01-10T15:28:51","modified_gmt":"2023-01-10T13:28:51","slug":"al-assad-el-acuerdo-ruso-turco-sobre-el-norte-sirio-es-temporal-y-frena-la-codicia-turca-para-ocupar-mas-territorios-sirios-ademas-es-un-paso-positivo-que-mitiga-los-danos-y-prepara-el-camino-para-l","status":"publish","type":"post","link":"https:\/\/archive.sana.sy\/es\/?p=119057","title":{"rendered":"Al-Assad: el turco es el proxy de EE.UU en la guerra y cuando no sale de nuestro pa\u00eds por la v\u00eda pol\u00edtica solo queda la guerra"},"content":{"rendered":"<p style=\"text-align: justify;\"><span style=\"color: #800000;\"><strong>Damasco, SANA<\/strong><\/span><\/p>\n<p style=\"text-align: justify;\">El presidente Bashar Al-Assad, concedi\u00f3 hoy una entrevista a los canales sirios al-Suryah y al-Ikhbaryah, en la cual abord\u00f3 varios temas relativos a la situaci\u00f3n en Siria, la regi\u00f3n y el mundo.<\/p>\n<p style=\"text-align: justify;\">El presidente explic\u00f3 que el escenario que difundi\u00f3 EE.UU sobre la operaci\u00f3n de eliminar del l\u00edder de la organizaci\u00f3n terrorista Daesh, Abu Baker al-Baghdadi, es puro enga\u00f1o y que no hay que creer en lo que dicen ellos a excepci\u00f3n que muestren las pruebas.<\/p>\n<p style=\"text-align: justify;\">Indic\u00f3 que \u201cSiria no tuvo nada que ver con esa operaci\u00f3n y no tiene comunicaci\u00f3n con ninguna entidad o instituci\u00f3n de EE.UU, y firm\u00f3 que Bagdadi se reproducir\u00e1 en otro nombre y que las personas cambian pero el director sigue siendo el mismo, y es EE.UU.<\/p>\n<p style=\"text-align: justify;\">Explic\u00f3 que el acuerdo ruso-turco sobre el norte sirio es temporal y frena la codicia turca para ocupar m\u00e1s territorios sirios.<\/p>\n<p style=\"text-align: justify;\">Calific\u00f3 dicho acuerdo de paso positivo que no lo logra todo pero mitiga los da\u00f1os y prepara el camino para la liberaci\u00f3n de la regi\u00f3n muy pronto.<\/p>\n<p style=\"text-align: justify;\">Agreg\u00f3 que el turco es el proxy de EE.UU en la guerra y cuando no sale de nuestro pa\u00eds por la v\u00eda pol\u00edtica solo queda la guerra.<\/p>\n<p style=\"text-align: justify;\">Por otro lado, indic\u00f3 que la entrada del ej\u00e9rcito a la regi\u00f3n de Al-Jazeera es una expresi\u00f3n de la entrada del Estado, y reafirm\u00f3 \u00a0que el ej\u00e9rcito \u00e1rabe sirio entrar\u00e1 y la soberan\u00eda competa del Estado volver\u00e1 a esta regi\u00f3n\u201d.<\/p>\n<p style=\"text-align: justify;\">Seg\u00fan el mandatario sirio, Siria no dar\u00e1 ningunas concesiones en cuanto a la formaci\u00f3n del Comit\u00e9 de Discusi\u00f3n Constitucional y lo que busca es que sus resultados respondan al inter\u00e9s nacional aunque fuera una nueva constituci\u00f3n, y a la vez, dijo que si hay una m\u00ednima enmienda que contradice con el inter\u00e9s de Siria Damasco va a estar en su contra.<\/p>\n<p><span style=\"color: #0000ff;\"><strong>Al-Assad: No tuvimos nada que ver con la operaci\u00f3n de eliminar a Bagdadi<\/strong> <\/span><\/p>\n<p>En respuesta a una pregunta sobre el anuncio de la administraci\u00f3n estadounidense sobre la eliminaci\u00f3n del l\u00edder de la organizaci\u00f3n terrorista Daesh, Abu Baker al-Baghdadi, y en el que agradece a Rusia, Siria, Irak y los kurdos por su supuesta ayuda en la operaci\u00f3n, el presidente neg\u00f3 en absoluto el contenido de este anuncio y asegur\u00f3 que \u201cel objetivo es quiz\u00e1s dar cierta credibilidad a esta operaci\u00f3n\u201d.<\/p>\n<p><img loading=\"lazy\" decoding=\"async\" class=\"size-medium wp-image-119097 alignleft\" src=\"http:\/\/sana.sy\/es\/wp-content\/uploads\/2019\/10\/04-9-300x200.jpg\" alt=\"\" width=\"300\" height=\"200\" srcset=\"https:\/\/archive.sana.sy\/es\/wp-content\/uploads\/2019\/10\/04-9-300x200.jpg 300w, https:\/\/archive.sana.sy\/es\/wp-content\/uploads\/2019\/10\/04-9-150x100.jpg 150w, https:\/\/archive.sana.sy\/es\/wp-content\/uploads\/2019\/10\/04-9.jpg 660w\" sizes=\"(max-width: 300px) 100vw, 300px\" \/><\/p>\n<p>\u201cNo tuvimos nada que ver con esa operaci\u00f3n y no tenemos comunicaci\u00f3n con ninguna entidad o instituci\u00f3n de EE.UU y tampoco sabemos si la operaci\u00f3n existi\u00f3 o no\u201d, dijo el mandatario sirio.<\/p>\n<p>Agreg\u00f3 que \u201clos radares no detectaron aviones, y ellos no mostraron el cad\u00e1ver de Bagdadi; es el mismo escenario de Usama Bin Laden, \u00bfpor qu\u00e9 no hicieron con Bagdadi lo mismo que hicieron con Saddam Hussein al mostrar todo en detalles, con fotos y videos, o cuando mataron a los hijos de Saddam\u201d.<\/p>\n<p>\u201cNo debemos creer lo que ellos dicen a excepci\u00f3n que muestren las pruebas, pues el pol\u00edtico estadounidense es acusado hasta que muestre los contrario y es culpable mientras no demuestre que es inocente\u201d, indic\u00f3.<\/p>\n<p><strong><span style=\"color: #0000ff;\">Al-Assad: la muerte de Bagdadi no significa el fin del Daesh porque esta organizaci\u00f3n representa una ideolog\u00eda extremista wahabita<\/span><\/strong><\/p>\n<p>Sobre el mismo tema, el presidente dijo que la muerte de Bagdadi no significa el fin del Daesh porque esta organizaci\u00f3n representa una ideolog\u00eda extremista wahabita de m\u00e1s de dos d\u00e9cadas de existencia, y se\u00f1al\u00f3 que si esta ideolog\u00eda no termina, la muerte de Bagdadi no tendr\u00e1 efecto ninguno.<\/p>\n<p>\u201cBagdadi estaba en las c\u00e1rceles de EE.UU en Irak y ellos son los que lo sacaron para que juegue este rol. Es una simple persona que cambian, y creo que todo sobre este tema es puro enga\u00f1o; y Bagdadi se reproducir\u00e1 en otro nombre y otra persona, y quiz\u00e1s reproduzcan al mismo Daesh.<\/p>\n<p>Los nombres y las personas cambian pero el director sigue siendo el mismo, y es EE.UU\u201d, dijo.<\/p>\n<p><span style=\"color: #0000ff;\"><strong>Al-Assad: el acuerdo entre Rusia y Turqu\u00eda es temporal y es similar en principio al acuerdo de las Zonas de Distensi\u00f3n<\/strong> <\/span><\/p>\n<p>La periodistas pregunt\u00f3 al presidente sobre el acuerdo entre Rusia y Turqu\u00eda y si el mismo preserva el statu quo de las zonas blancos de agresi\u00f3n turca y que algunos lo interpretan como legalizaci\u00f3n de la ocupaci\u00f3n.<\/p>\n<p>El l\u00edder sirio respondi\u00f3 que Rusia tiene principios en la guerra que se basan en el Derecho Internacional y el respeto a la soberan\u00eda de Siria y su integridad territorial.<\/p>\n<p>\u201cEstos principios no cambiar\u00e1n con el cambio de las circunstancias, pero lo cierto es que la pol\u00edtica rusa es realista, y logr\u00f3 con este acuerdo la retirada de los grupos armados del norte hacia el sur en coordinaci\u00f3n con el ej\u00e9rcito sirio y tambi\u00e9n el despliegue del ej\u00e9rcito sirio en las zonas que no ocupan los turcos\u201d, acot\u00f3.<\/p>\n<p>Precis\u00f3 que este acuerdo es temporal al igual que el acuerdo de las Zonas de Distensi\u00f3n que algunos creyeron que dar\u00eda derecho a los terroristas para permanecer ah\u00ed para siempre, pero el objetivo era proteger a los civiles y dialogar con los terroristas para sacarlos de estas zonas.<\/p>\n<p>\u201cLa entrada del turco refleja las ambiciones y codicias de Turqu\u00eda y tambi\u00e9n los deseos de EE.UU y el ruso logr\u00f3 con este acuerdo frenar a Turqu\u00eda y tambi\u00e9n las pretensiones de Alemania y OTAN de querer poner esta zona bajo control internacional\u201d, dijo.<\/p>\n<p>Concluy\u00f3 que este acuerdo mitiga los da\u00f1os y prepara el camino para liberar a esta zona muy pronto.<\/p>\n<p><span style=\"color: #0000ff;\"><strong>Al-Assad: la Regi\u00f3n Norte ser\u00e1 liberada despu\u00e9s de agotarse todas las oportunidades pol\u00edticas<\/strong><\/span><\/p>\n<p>En respuesta a otra pregunta, el presidente dijo que la Regi\u00f3n Norte ser\u00e1 liberada pero despu\u00e9s de agotarse todas las oportunidades pol\u00edticas.<\/p>\n<p><img loading=\"lazy\" decoding=\"async\" class=\"wp-image-119098 alignleft\" src=\"http:\/\/sana.sy\/es\/wp-content\/uploads\/2019\/10\/president-1-300x133.jpg\" alt=\"\" width=\"399\" height=\"177\" srcset=\"https:\/\/archive.sana.sy\/es\/wp-content\/uploads\/2019\/10\/president-1-300x133.jpg 300w, https:\/\/archive.sana.sy\/es\/wp-content\/uploads\/2019\/10\/president-1-150x67.jpg 150w, https:\/\/archive.sana.sy\/es\/wp-content\/uploads\/2019\/10\/president-1-768x341.jpg 768w, https:\/\/archive.sana.sy\/es\/wp-content\/uploads\/2019\/10\/president-1-1024x454.jpg 1024w, https:\/\/archive.sana.sy\/es\/wp-content\/uploads\/2019\/10\/president-1.jpg 1280w\" sizes=\"(max-width: 399px) 100vw, 399px\" \/><\/p>\n<p>\u201cEso lo hacemos porque no queremos convertir al pueblo turco en enemigo y ah\u00ed surge el rol de los amigos, el ruso y el iran\u00ed\u201d, detall\u00f3<\/p>\n<p>Al-Assad: cuando el turco no sale por las v\u00edas pol\u00edticas solo queda la opci\u00f3n de la guerra.<\/p>\n<p>Denunci\u00f3 que el turco es el ej\u00e9rcito proxy de EE.UU en esta guerra, y cuando el turco no sale por las v\u00edas pol\u00edticas solo queda la opci\u00f3n de la guerra.<\/p>\n<p>\u201cDebemos dejar que el proceso pol\u00edtico tome camino y si no da resultados iremos a la guerra, y no habr\u00e1 otra alternativa\u201d, afirm\u00f3.<\/p>\n<p><span style=\"color: #0000ff;\"><strong>Al-Assad: \u201cno hay que apostar por ning\u00fan presidente de EE.UU\u201d.<\/strong><\/span><\/p>\n<p>Al-Assad reafirm\u00f3 que \u201cno hay que apostar por ning\u00fan presidente de EE.UU\u201d.<\/p>\n<p>\u201cTrump es el mejor presidente de EE.UU porque es transparente. Todos los presidentes de EE.UU cometen cr\u00edmenes y toman el Premio Nobel y se destacan como defensores de los derechos humanos y de los valores occidentales, pero ellos en verdad son una banda de criminales que representan a los intereses de los lobbies y de los consorcios del petr\u00f3leo y las armas\u201d, explic\u00f3.<\/p>\n<p>A\u00f1adi\u00f3 que Trump dice con toda transparencia que quiere el petr\u00f3leo\u00a0 y esta es verdadera pol\u00edtica de EE.UU al menos despu\u00e9s de la Segunda Guerra Mundial.<\/p>\n<p><strong><span style=\"color: #0000ff;\">Al-Assad: nuestra pol\u00edtica debe ser gradual y razonable, y hay que tomar en cuenta las realidades<\/span><\/strong><\/p>\n<p>Sobre el rol ruso en el acuerdo entre el ej\u00e9rcito sirio y los kurdos, el presidente sirio dijo que \u201cla entrada del ej\u00e9rcito es una expresi\u00f3n de la entrada del Estado, y reconoci\u00f3 que hubo este acuerdo, y el ej\u00e9rcito lleg\u00f3 a todas las zonas pero no de forma completa y hay obst\u00e1culos que aparecen. A veces, hay respuesta positiva por parte de los grupos armados y otras veces no, pero lo cierto es que el ej\u00e9rcito \u00e1rabe sirio entrar\u00e1 y volver\u00e1 la soberan\u00eda completa del Estado\u201d.<\/p>\n<p>\u201cEsto es algo gradual. No vamos a devolver la autoridad como era antes de la crisis porque hay nuevas realidades sobre el terreno y toma tiempo tratarlas, y adem\u00e1s hay nuevas realidades populares generadas por la ausencia del Estado durante a\u00f1os, y tambi\u00e9n hay grupos armados que no esperamos que entreguen sus armas de inmediato, pues nuestra pol\u00edtica debe ser gradual y razonable, y hay que tomar en cuenta las realidades pero la meta final es que la soberan\u00eda del Estado vuelva por completo\u201d, explic\u00f3.<\/p>\n<p><strong><span style=\"color: #0000ff;\">Al-Assad: hay kurdos agentes de EE.UU como hay tambi\u00e9n entre los \u00e1rabes.<\/span><\/strong><\/p>\n<p>Sobre los ataques de los kurdos contra el ej\u00e9rcito sirio y su rol negativo al dependerse de Washington, el presidente opin\u00f3: \u201ceso no es objetivo ni razonable, pues hay kurdos agentes de EE.UU como hay tambi\u00e9n entre los \u00e1rabes.<\/p>\n<p>\u201cLo cierto es que un grupo de kurdos puso a s\u00ed mismo como representante de los kurdos y \u00e1rabes en la regi\u00f3n de Al-Jazeera,\u00a0 y los estadounidenses \u00a0al igual que los pa\u00edses del Golfo, apoyaron a este grupo con armas y dinero\u201d, aclar\u00f3.<\/p>\n<p>Debemos separar ese grupo de los kurdos que siempre ha tenido comunicaci\u00f3n buena con el gobierno y siempre planteaban ideas patri\u00f3ticas, incluso en algunas zonas los kurdos han tenido la misma expresi\u00f3n de alegr\u00eda que otros componentes cuando el ej\u00e9rcito sirio entr\u00f3 en sus zonas.<\/p>\n<p>Dijo adem\u00e1s que en el a\u00f1o 1998, Siria estaba a punto de entrar en una confrontaci\u00f3n con Turqu\u00eda por estos grupos, y el objetivo era defender los derechos culturales de este componente del pueblo sirio.<\/p>\n<p><strong><span style=\"color: #0000ff;\">Al-Assad: hay prioridades militares y al final tocar\u00e1 la prioridad de liberar las zonas con presencia militar de EE.UU.<\/span><\/strong><\/p>\n<p>En su comentario sobre la intenci\u00f3n de Trump de dejar un n\u00famero indeterminado de sus soldados en Siria, el presidente dijo que EE.UU es una fuerza ocupante, sea en el norte, centro o sur de Siria.<\/p>\n<p>\u201cSiempre digo que hay prioridades militares y al final tocar\u00e1 la prioridad de liberar las zonas con presencia militar de EE.UU. No enviaremos a nuestro ej\u00e9rcito a enfrentar a EE.UU que es una superpotencia, sino que apoyaremos la resistencia contra las fuerzas de EE.UU y su destino ser\u00e1 como sucedi\u00f3 en Irak\u201d, explic\u00f3.<\/p>\n<p>Agreg\u00f3 que el Estado sirio garantizar\u00e1 todas las condiciones para apoyar cualquier resistencia popular contra el ocupante.<\/p>\n<p>\u201cNo debemos olvidar que el que trajo a EE.UU a nuestro pa\u00eds es un sirio agente y traidor, y hay que dar tratamiento a este sirio para que se reincorpore al estado nacional. Unidos, lograremos sacar el ocupante estadounidense\u201d, dijo.<\/p>\n<p><span style=\"color: #0000ff;\"><strong>Al-Assad: \u201csi estuvi\u00e9ramos esperando una decisi\u00f3n internacional, no fu\u00e9ramos capaces de liberar una zona de Siria\u201d<\/strong><\/span><\/p>\n<p>Sobre las declaraciones del enviado especial de la ONU para Siria, Geir Pedersen, en las que calific\u00f3 la situaci\u00f3n en Idleb de compleja, as\u00ed como habl\u00f3 de la necesidad de encontrar una soluci\u00f3n que garantice la seguridad de los civiles y que evite una operaci\u00f3n militar a gran escala, el presidente Al-Assad dijo que si \u201cPedersen tiene los medios y la capacidad de solucionar la situaci\u00f3n en Idleb sin una operaci\u00f3n militar ser\u00eda muy bueno\u201d.<\/p>\n<p>En respuesta a una pregunta sobre si la operaci\u00f3n de Idleb puede posponerse o cesar debido a las presiones internacionales, el presidente coment\u00f3: \u201cSi estuvi\u00e9ramos esperando una decisi\u00f3n internacional, no fu\u00e9ramos capaces de liberar una zona de Siria desde los primeros d\u00edas\u201d.<br \/>\n\u201cEn ocasiones, tomamos en consideraci\u00f3n las circunstancias pol\u00edticas pero cuando se agoten las oportunidades para una soluci\u00f3n pol\u00edtica, hay que realizar una operaci\u00f3n militar para salvar a los civiles\u201d, a\u00f1adi\u00f3 .<\/p>\n<p><span style=\"color: #0000ff;\"><strong>Al-Assad: Siria, los rusos y los iran\u00edes libran una misma batalla militar y\u00a0 pol\u00edtica<\/strong><\/span><\/p>\n<p>Respondiendo a una pregunta sobre si Rusia podr\u00eda atrasar el comienzo de la operaci\u00f3n militar, Al-Assad dijo que \u201cSiria, los rusos y los iran\u00edes libran una misma batalla militar y pol\u00edtica, hay cuestiones que Damasco ve que est\u00e9n relacionados con la arena local, hay cosas que Ir\u00e1n ve en la escena regional mientras que hay cuestiones que Rusia ve en la escena internacional, en base a eso hay un di\u00e1logo e integridad entre los tres pa\u00edses.<\/p>\n<p><strong><span style=\"color: #0000ff;\">Al-Assad: Damasco no dio concesiones en absoluto sobre el Comit\u00e9 de Discusi\u00f3n de la Constituci\u00f3n<\/span><\/strong><\/p>\n<p>Sobre el Comit\u00e9 de Discusi\u00f3n de la Constituci\u00f3n, el presidente dijo que \u201cellos simplemente pensaron que Damasco iba a rechazar la propuesta y les choc\u00f3 la aceptaci\u00f3n, incluso ellos pon\u00edan obst\u00e1culos y acusaba la parte gubernamental\u201d.<\/p>\n<p><img loading=\"lazy\" decoding=\"async\" class=\"wp-image-119097 alignleft\" src=\"http:\/\/sana.sy\/es\/wp-content\/uploads\/2019\/10\/04-9-300x200.jpg\" alt=\"\" width=\"338\" height=\"225\" srcset=\"https:\/\/archive.sana.sy\/es\/wp-content\/uploads\/2019\/10\/04-9-300x200.jpg 300w, https:\/\/archive.sana.sy\/es\/wp-content\/uploads\/2019\/10\/04-9-150x100.jpg 150w, https:\/\/archive.sana.sy\/es\/wp-content\/uploads\/2019\/10\/04-9-310x205.jpg 310w, https:\/\/archive.sana.sy\/es\/wp-content\/uploads\/2019\/10\/04-9.jpg 660w\" sizes=\"(max-width: 338px) 100vw, 338px\" \/><\/p>\n<p>\u201cDamasco no dio concesiones en absoluto y quiz\u00e1s usen al Comit\u00e9 y sus resultados como plataforma para golpear la estructura del estado sirio y esto es lo que planeaba Occidente desde hace a\u00f1os\u201d, manifest\u00f3.<\/p>\n<p>Seg\u00fan el mandatario sirio, Siria no dar\u00e1 ningunas concesiones en cuanto a la formaci\u00f3n del Comit\u00e9 de Discusi\u00f3n Constitucional y lo que busca es que sus resultados respondan al inter\u00e9s nacional aunque fuera una nueva constituci\u00f3n, y a la vez, dijo que si hay una m\u00ednima enmienda que contradice con el inter\u00e9s de Siria Damasco va a estar en su contra.<\/p>\n<p>El presidente dijo que el Comit\u00e9 no prepara para una soluci\u00f3n global sino una parte de la soluci\u00f3n.<\/p>\n<p><strong><span style=\"color: #0000ff;\">Al-Assad: la celebraci\u00f3n de cualquier elecciones ser\u00e1 en todos sus detalles y desde el inicio hasta el final, bajo supervisi\u00f3n del estado sirio.<\/span><\/strong><\/p>\n<p>Asegur\u00f3 que la celebraci\u00f3n de cualquier elecciones ser\u00e1 en todos sus detalles y desde el inicio hasta el final, bajo supervisi\u00f3n del estado sirio.<br \/>\n\u201cHasta la invitaci\u00f3n de partes internacionales como estados, organizaciones y personas para estas elecciones ser\u00e1 tambi\u00e9n bajo supervisi\u00f3n del Estado sirio\u201d, se\u00f1al\u00f3.<\/p>\n<p>Agreg\u00f3 adem\u00e1s que el Comit\u00e9 Constitucional no tiene nada que ver con las elecciones sino con la Carta Magna.<\/p>\n<p><span style=\"color: #0000ff;\"><strong>Hubo encuentros sirio-turcos a nivel de agencias de inteligencia pero sin resultados concretos<\/strong><\/span><\/p>\n<p>Argument\u00f3 sobre los encuentros con la parte turca, el presidente Al-Assad aclar\u00f3 que dichos encuentros eran a nivel de agencias de inteligencia y que algunas reuniones tuvieron lugar dentro del territorio sirio mientras que otras en Rusia.<\/p>\n<p>Detall\u00f3 que las reuniones eran tripartidas y no tuvieron resultados concretos.<\/p>\n<p>\u201cNo tender\u00e9 el honor de darme la mano o encontrarme con una persona que representa a Erdogan y me sentir\u00e9 disgustado, pero hay que echar los sentimientos a un lado cuando se trata de intereses nacionales\u201d, puntualiz\u00f3.<\/p>\n<p><strong><span style=\"color: #0000ff;\">Al-Assad: Israel es un socio e implicado principal en todo lo que ha ocurrido y ocurre en Siria.<\/span><\/strong><\/p>\n<p>En relaci\u00f3n a Israel, el jefe del estado sirio coment\u00f3 que Israel es un socio e implicado principal en todo lo que ha ocurrido y ocurre en Siria.<\/p>\n<p>\u201cNosotros luchamos contra sus instrumentos y agentes, algunos son activos a nivel militar y otros a nivel pol\u00edtico y todos sirven los intereses de Israel\u201d, denunci\u00f3.<\/p>\n<p>Hablando sobre la corrupci\u00f3n, el presidente Al-Assad explic\u00f3 que la prioridad es la lucha contra la corrupci\u00f3n debido a las actuales circunstancias econ\u00f3micas.<\/p>\n<p>\u201cSiempre y cuando haya corrupci\u00f3n habr\u00e1 una lucha contra la misma\u201d, demarc\u00f3.<\/p>\n<p><strong><span style=\"color: #0000ff;\">Assad: el bloqueo afecta los ingresos del estado en moneda extranjera<\/span><\/strong><\/p>\n<p>Conversando sobre el bloqueo, el presidente se\u00f1al\u00f3 que el bloqueo afecta los ingresos del estado en moneda extranjera por tanto se ve afectado el tipo de cambio que a su vez afecta los precios. \u201c Hay ingresos del estado que se han disminuido debido a la falta de exportaciones y el turismo\u201d, indic\u00f3.<\/p>\n<p><strong><span style=\"color: #0000ff;\">F.M\/J.K<\/span><\/strong><\/p>\n","protected":false},"excerpt":{"rendered":"<p>Damasco, SANA El presidente Bashar Al-Assad, concedi\u00f3 hoy una entrevista a los canales sirios al-Suryah y al-Ikhbaryah, en la cual abord\u00f3 varios temas relativos a la situaci\u00f3n en Siria, la regi\u00f3n y el mundo. El presidente explic\u00f3 que el escenario que difundi\u00f3 EE.UU sobre la operaci\u00f3n de eliminar del l\u00edder de la organizaci\u00f3n terrorista Daesh, &hellip;<\/p>\n","protected":false},"author":34,"featured_media":119060,"comment_status":"closed","ping_status":"closed","sticky":false,"template":"","format":"standard","meta":{"footnotes":""},"categories":[447,597,476,16237,583,596],"tags":[],"class_list":["post-119057","post","type-post","status-publish","format-standard","has-post-thumbnail","","category-local-politica","category-cinta-de-noticias","category-locales","category-presidence-de-la-republique-arabe-syria","category-slide","category-urgente"],"_links":{"self":[{"href":"https:\/\/archive.sana.sy\/es\/index.php?rest_route=\/wp\/v2\/posts\/119057"}],"collection":[{"href":"https:\/\/archive.sana.sy\/es\/index.php?rest_route=\/wp\/v2\/posts"}],"about":[{"href":"https:\/\/archive.sana.sy\/es\/index.php?rest_route=\/wp\/v2\/types\/post"}],"author":[{"embeddable":true,"href":"https:\/\/archive.sana.sy\/es\/index.php?rest_route=\/wp\/v2\/users\/34"}],"replies":[{"embeddable":true,"href":"https:\/\/archive.sana.sy\/es\/index.php?rest_route=%2Fwp%2Fv2%2Fcomments&post=119057"}],"version-history":[{"count":0,"href":"https:\/\/archive.sana.sy\/es\/index.php?rest_route=\/wp\/v2\/posts\/119057\/revisions"}],"wp:featuredmedia":[{"embeddable":true,"href":"https:\/\/archive.sana.sy\/es\/index.php?rest_route=\/wp\/v2\/media\/119060"}],"wp:attachment":[{"href":"https:\/\/archive.sana.sy\/es\/index.php?rest_route=%2Fwp%2Fv2%2Fmedia&parent=119057"}],"wp:term":[{"taxonomy":"category","embeddable":true,"href":"https:\/\/archive.sana.sy\/es\/index.php?rest_route=%2Fwp%2Fv2%2Fcategories&post=119057"},{"taxonomy":"post_tag","embeddable":true,"href":"https:\/\/archive.sana.sy\/es\/index.php?rest_route=%2Fwp%2Fv2%2Ftags&post=119057"}],"curies":[{"name":"wp","href":"https:\/\/api.w.org\/{rel}","templated":true}]}}