{"id":119082,"date":"2019-10-31T21:47:38","date_gmt":"2019-10-31T19:47:38","guid":{"rendered":"http:\/\/sana.sy\/es\/?p=119082"},"modified":"2019-10-31T21:47:38","modified_gmt":"2019-10-31T19:47:38","slug":"al-assad-si-estuvieramos-esperando-una-decision-internacional-no-fueramos-capaces-de-liberar-una-zona-de-siria","status":"publish","type":"post","link":"https:\/\/archive.sana.sy\/es\/?p=119082","title":{"rendered":"Al-Assad: \u201csi estuvi\u00e9ramos esperando una decisi\u00f3n internacional, no fu\u00e9ramos capaces de liberar una zona de Siria\u201d"},"content":{"rendered":"","protected":false},"excerpt":{"rendered":"","protected":false},"author":34,"featured_media":0,"comment_status":"closed","ping_status":"closed","sticky":false,"template":"","format":"standard","meta":{"footnotes":""},"categories":[596],"tags":[],"class_list":["post-119082","post","type-post","status-publish","format-standard","","category-urgente"],"_links":{"self":[{"href":"https:\/\/archive.sana.sy\/es\/index.php?rest_route=\/wp\/v2\/posts\/119082"}],"collection":[{"href":"https:\/\/archive.sana.sy\/es\/index.php?rest_route=\/wp\/v2\/posts"}],"about":[{"href":"https:\/\/archive.sana.sy\/es\/index.php?rest_route=\/wp\/v2\/types\/post"}],"author":[{"embeddable":true,"href":"https:\/\/archive.sana.sy\/es\/index.php?rest_route=\/wp\/v2\/users\/34"}],"replies":[{"embeddable":true,"href":"https:\/\/archive.sana.sy\/es\/index.php?rest_route=%2Fwp%2Fv2%2Fcomments&post=119082"}],"version-history":[{"count":0,"href":"https:\/\/archive.sana.sy\/es\/index.php?rest_route=\/wp\/v2\/posts\/119082\/revisions"}],"wp:attachment":[{"href":"https:\/\/archive.sana.sy\/es\/index.php?rest_route=%2Fwp%2Fv2%2Fmedia&parent=119082"}],"wp:term":[{"taxonomy":"category","embeddable":true,"href":"https:\/\/archive.sana.sy\/es\/index.php?rest_route=%2Fwp%2Fv2%2Fcategories&post=119082"},{"taxonomy":"post_tag","embeddable":true,"href":"https:\/\/archive.sana.sy\/es\/index.php?rest_route=%2Fwp%2Fv2%2Ftags&post=119082"}],"curies":[{"name":"wp","href":"https:\/\/api.w.org\/{rel}","templated":true}]}}