{"id":119101,"date":"2019-11-01T06:51:20","date_gmt":"2019-11-01T04:51:20","guid":{"rendered":"http:\/\/sana.sy\/es\/?p=119101"},"modified":"2023-01-10T15:34:54","modified_gmt":"2023-01-10T13:34:54","slug":"boletin-informativo-de-sana-de-las-mas-recientes-noticias-del-acontecer-sirio","status":"publish","type":"post","link":"https:\/\/archive.sana.sy\/es\/?p=119101","title":{"rendered":"Bolet\u00edn informativo de SANA de las m\u00e1s recientes noticias del acontecer sirio"},"content":{"rendered":"<p style=\"text-align: justify;\"><strong><span style=\"color: #800000;\">Damasco, SANA<\/span><\/strong><\/p>\n<p style=\"text-align: justify;\">Les ofrecemos a continuaci\u00f3n un resumen de las noticias nacionales e internacionales relativas a Siria y difundidas por nuestra agencia en las \u00faltimas 24 horas:<\/p>\n<p style=\"text-align: justify;\"><strong><span style=\"color: #0000ff;\">Al-Assad: el turco es el proxy de EE.UU en la guerra y cuando no sale de nuestro pa\u00eds por la v\u00eda pol\u00edtica solo queda la guerra<\/span><\/strong><\/p>\n<p style=\"text-align: justify;\">El presidente Bashar Al-Assad, concedi\u00f3 hoy una entrevista a los canales sirios al-Suryah y al-Ikhbaryah, en la cual abord\u00f3 varios temas relativos a la situaci\u00f3n en Siria, la regi\u00f3n y el mundo.<\/p>\n<p style=\"text-align: justify;\">El presidente explic\u00f3 que el escenario que difundi\u00f3 EE.UU sobre la operaci\u00f3n de eliminar del l\u00edder de la organizaci\u00f3n terrorista Daesh, Abu Baker al-Baghdadi, es puro enga\u00f1o y que no hay que creer en lo que dicen ellos a excepci\u00f3n que muestren las pruebas.<\/p>\n<p style=\"text-align: justify;\">Indic\u00f3 que \u201cSiria no tuvo nada que ver con esa operaci\u00f3n y no tiene comunicaci\u00f3n con ninguna entidad o instituci\u00f3n de EE.UU, y firm\u00f3 que Bagdadi se reproducir\u00e1 en otro nombre y que las personas cambian pero el director sigue siendo el mismo, y es EE.UU.<\/p>\n<p style=\"text-align: justify;\">Explic\u00f3 que el acuerdo ruso-turco sobre el norte sirio es temporal y frena la codicia turca para ocupar m\u00e1s territorios sirios.<\/p>\n<p style=\"text-align: justify;\">Calific\u00f3 dicho acuerdo de paso positivo que no lo logra todo pero mitiga los da\u00f1os y prepara el camino para la liberaci\u00f3n de la regi\u00f3n muy pronto.<\/p>\n<p style=\"text-align: justify;\">Agreg\u00f3 que el turco es el proxy de EE.UU en la guerra y cuando no sale de nuestro pa\u00eds por la v\u00eda pol\u00edtica solo queda la guerra.<\/p>\n<p style=\"text-align: justify;\">Por otro lado, indic\u00f3 que la entrada del ej\u00e9rcito a la regi\u00f3n de Al-Jazeera es una expresi\u00f3n de la entrada del Estado, y reafirm\u00f3 que el ej\u00e9rcito \u00e1rabe sirio entrar\u00e1 y la soberan\u00eda completa del Estado volver\u00e1 a esta regi\u00f3n\u201d<\/p>\n<p style=\"text-align: justify;\">Seg\u00fan el mandatario sirio, Siria no dar\u00e1 ningunas concesiones en cuanto a la formaci\u00f3n del Comit\u00e9 de Discusi\u00f3n Constitucional y lo que busca es que sus resultados respondan al inter\u00e9s nacional aunque fuera una nueva constituci\u00f3n, y a la vez, dijo que si hay una m\u00ednima enmienda que contradice con el inter\u00e9s de Siria Damasco va a estar en su contra.<\/p>\n<p style=\"text-align: justify;\"><strong><span style=\"color: #0000ff;\">Comienza en Ginebra primera reuni\u00f3n del Comit\u00e9 de Discusi\u00f3n de la Constituci\u00f3n<\/span><\/strong><\/p>\n<p style=\"text-align: justify;\">Comenz\u00f3 en la sede de las Naciones Unidas en Ginebra la primera reuni\u00f3n del Comit\u00e9 de Discusi\u00f3n de la Constituci\u00f3n.<\/p>\n<p style=\"text-align: justify;\">A la sesi\u00f3n asisten la delegaci\u00f3n apoyada por el gobierno sirio y las dem\u00e1s delegaciones.<\/p>\n<p style=\"text-align: justify;\">La primera reuni\u00f3n del \u00f3rgano ampliado del Comit\u00e9 de Debate Constitucional comenz\u00f3 en el Edificio de las Naciones Unidas en Ginebra con la participaci\u00f3n de la delegaci\u00f3n apoyada por el Gobierno sirio y otras delegaciones.<\/p>\n<p style=\"text-align: justify;\">El enviado de SANA a Ginebra inform\u00f3 que la reuni\u00f3n se celebra a puertas cerradas y asiste a la misma el Enviado Especial del Secretario General de las Naciones Unidas para Siria, Geir Pedersen.<\/p>\n<p style=\"text-align: justify;\">Asimismo, fue suspendida por una hora la reuni\u00f3n del Comit\u00e9 de Discusi\u00f3n de la Constituci\u00f3n por decisi\u00f3n del presidente de la sesi\u00f3n, Ahmed Kezbari despu\u00e9s de que los participantes de la otra parte haya pronunciado palabras an\u00f3malas y ofensivas cuando un miembro de la delegaci\u00f3n respaldada por el gobierno sirio pidi\u00f3 misericordia a los m\u00e1rtires del ej\u00e9rcito \u00e1rabe sirio.<\/p>\n<p style=\"text-align: justify;\"><strong><span style=\"color: #0000ff;\">Embajador de Venezuela en Rusia ratifica solidaridad de su pa\u00eds con Siria<\/span><\/strong><\/p>\n<p style=\"text-align: justify;\">El embajador venezolano en Mosc\u00fa, Carlos Rafael Far\u00eda Tortosa, ratific\u00f3 la solidaridad del gobierno y el pueblo de su pa\u00eds con Siria en su enfrentamiento a los complots.<\/p>\n<p style=\"text-align: justify;\">&#8220;En los \u00faltimos a\u00f1os, hemos visto atrocidades y cr\u00edmenes cometidos en Siria por los terroristas y sus partidarios, a su frente Estados Unidos, y adem\u00e1s, ha habido p\u00e9rdida de miles de v\u00edctimas como resultado del apoyo al terrorismo&#8221;, dijo el embajador Tortosa en una entrevista con corresponsal de SANA en Mosc\u00fa.<\/p>\n<p style=\"text-align: justify;\">Reiter\u00f3 el rechazo a este imprudente comportamiento que la administraci\u00f3n estadounidense est\u00e1 tratando de repetir contra Venezuela y su pueblo.<\/p>\n<p style=\"text-align: justify;\">El embajador venezolano destac\u00f3 el hero\u00edsmo del ej\u00e9rcito sirio en las batallas que libr\u00f3 contra las organizaciones terroristas como el Daesh y otros con apoyo de los aliados rusos.<\/p>\n<p style=\"text-align: justify;\">Opin\u00f3 que los falsos argumentos estadounidenses para justificar su ocupaci\u00f3n del territorio sirio confirman su deseo real de permanecer para seguir apoyando a los terroristas.<\/p>\n<p style=\"text-align: justify;\"><strong><span style=\"color: #0000ff;\">Un atentado con motocicleta bomba hiere a cuatro civiles en ciudad de Hasakeh<\/span><\/strong><\/p>\n<p style=\"text-align: justify;\">Cuatro civiles fueron lesionados hoy en un atentado en la ciudad de Hasakeh en el nordeste del pa\u00eds.<\/p>\n<p style=\"text-align: justify;\">Seg\u00fan report\u00f3 el corresponsal de SANA, una motocicleta minada estall\u00f3 en el barrio de Salhyeh en la ciudad y lesion\u00f3 a cuatro personas que fueron trasladados al hospital.<\/p>\n<p style=\"text-align: justify;\"><strong><span style=\"color: #0000ff;\">Atentado con coche bomba mat\u00f3 a nueve civiles en ciudad de Afr\u00edn, Alepo<\/span><\/strong><\/p>\n<p style=\"text-align: justify;\">Nueve civiles perdieron la vida y m\u00e1s de otros 20 resultaron heridos en el estallido de un coche bomba en el centro de la ciudad de Afr\u00edn, en el campo norte de Alepo.<\/p>\n<p style=\"text-align: justify;\">Fuentes locales informaron que la explosi\u00f3n ocurri\u00f3 en el mercado de frutas y verduras en el centro de la ciudad y caus\u00f3 la muerte de nueve civiles e hiri\u00f3 a m\u00e1s de 20 civiles, algunos de gravedad.<\/p>\n<p style=\"text-align: justify;\">Las fuerzas del r\u00e9gimen turco ocuparon a Afr\u00edn en marzo del a\u00f1o pasado en cooperaci\u00f3n con grupos terroristas que fueron entrenados y armados en Turqu\u00eda.<\/p>\n<p style=\"text-align: justify;\">El caos prevalece en la ciudad debido a las disputas entre los grupos terroristas.<\/p>\n<p style=\"text-align: justify;\"><strong><span style=\"color: #0000ff;\">Plantean 60 proyectos tur\u00edsticos en el Foro de Inversi\u00f3n en Tartous<\/span><\/strong><\/p>\n<p style=\"text-align: justify;\">Comenzaron hoy las actividades del Foro de Inversi\u00f3n Tur\u00edstica que organiza el Ministerio de Turismo con la participaci\u00f3n de varias empresas, empresarios e inversores sirios y extranjeros.<\/p>\n<p style=\"text-align: justify;\">Durante la apertura, se present\u00f3 una pel\u00edcula promocional sobre los proyectos tur\u00edsticos y los sitios arqueol\u00f3gicos en Siria, y las medidas tomadas por el Ministerio de Turismo para desarrollar el turismo y la inversi\u00f3n tur\u00edstica y superar las medidas econ\u00f3micas unilaterales impuestas al pueblo sirio.<\/p>\n<p style=\"text-align: justify;\">Los proyectos de inversi\u00f3n presentados en el Foro abarcan 40 proyectos para el sector p\u00fablico y 20 para el privado, e incluyen hoteles, centros comerciales y restaurantes.<\/p>\n<p style=\"text-align: justify;\">Previo a la apertura del foro, los ministros de Transporte y Turismo, acompa\u00f1ados por un grupo de empresarios, efectuaron una gira por varios sitios tur\u00edsticos planteados a la inversi\u00f3n, como la villa tur\u00edstica Al-Manara y el sitio del hotel Asas que consta de 16 pisos, y el hotel Sheraton de Tartous de 17 pisos.<\/p>\n<p style=\"text-align: justify;\"><strong><span style=\"color: #0000ff;\">Ej\u00e9rcito halla dep\u00f3sito de los terroristas con minas israel\u00edes y estadounidenses<\/span><\/strong><\/p>\n<p style=\"text-align: justify;\">Las autoridades competentes hallaron un dep\u00f3sito de armas y municiones de los terroristas en la provincia de Quneitera, en el sudoeste del pa\u00eds.<br \/>\nEl dep\u00f3sito contiene armas y municiones, adem\u00e1s de minas israel\u00edes y estadounidenses.<\/p>\n<p style=\"text-align: justify;\">Seg\u00fan explic\u00f3 una fuente militar, &#8220;las fuerzas de seguridad, en cooperaci\u00f3n con las unidades del ej\u00e9rcito, encontraron un escondite subterr\u00e1neo que conten\u00eda gran n\u00famero de minas anti-blindados de origen israel\u00edes y estadounidense.<\/p>\n<p style=\"text-align: justify;\">El dep\u00f3sito fue abandonado por los terroristas del Estado Isl\u00e1mico al sur del poblado de Saida cerca de la l\u00ednea de separaci\u00f3n con la ocupada Palestina.<\/p>\n<p style=\"text-align: justify;\">La fuente se\u00f1al\u00f3 que estas minas muestran el estrecho v\u00ednculo entre estas organizaciones terroristas y el ente sionista.<\/p>\n<p style=\"text-align: justify;\"><strong><span style=\"color: #0000ff;\">Doce medallas para Siria en el Campeonato \u00c1rabe de Gimnasia<\/span><\/strong><\/p>\n<p style=\"text-align: justify;\">La selecci\u00f3n de gimnasia siria gan\u00f3 doce medallas en el Campeonato \u00c1rabe en esta disciplina que se lleva a cabo T\u00fanez.<\/p>\n<p style=\"text-align: justify;\">El gimnasita junior Abdullah Tarrab gan\u00f3 tres medallas de oro y tres de bronce en varias modalidades de este deporte.<\/p>\n<p style=\"text-align: justify;\">En la categor\u00eda juvenil, Fayez Sharbaji, gan\u00f3 una medalla de oro y una de plata, mientras que Naya al-Ghazi gan\u00f3 tres medallas de oro y una de bronce en gimnasia r\u00edtmica.<\/p>\n<p style=\"text-align: justify;\"><span style=\"color: #0000ff;\"><strong>F.M<\/strong><\/span><\/p>\n","protected":false},"excerpt":{"rendered":"<p>Damasco, SANA Les ofrecemos a continuaci\u00f3n un resumen de las noticias nacionales e internacionales relativas a Siria y difundidas por nuestra agencia en las \u00faltimas 24 horas: Al-Assad: el turco es el proxy de EE.UU en la guerra y cuando no sale de nuestro pa\u00eds por la v\u00eda pol\u00edtica solo queda la guerra El presidente &hellip;<\/p>\n","protected":false},"author":34,"featured_media":118438,"comment_status":"closed","ping_status":"closed","sticky":false,"template":"","format":"standard","meta":{"footnotes":""},"categories":[447,555,597,476,7541],"tags":[16919],"class_list":["post-119101","post","type-post","status-publish","format-standard","has-post-thumbnail","","category-local-politica","category-prensa","category-cinta-de-noticias","category-locales","category-ultimas-noticias","tag-boletin-informativo-de-sana-de-las-mas-recientes-noticias-del-acontecer-sirio"],"_links":{"self":[{"href":"https:\/\/archive.sana.sy\/es\/index.php?rest_route=\/wp\/v2\/posts\/119101"}],"collection":[{"href":"https:\/\/archive.sana.sy\/es\/index.php?rest_route=\/wp\/v2\/posts"}],"about":[{"href":"https:\/\/archive.sana.sy\/es\/index.php?rest_route=\/wp\/v2\/types\/post"}],"author":[{"embeddable":true,"href":"https:\/\/archive.sana.sy\/es\/index.php?rest_route=\/wp\/v2\/users\/34"}],"replies":[{"embeddable":true,"href":"https:\/\/archive.sana.sy\/es\/index.php?rest_route=%2Fwp%2Fv2%2Fcomments&post=119101"}],"version-history":[{"count":0,"href":"https:\/\/archive.sana.sy\/es\/index.php?rest_route=\/wp\/v2\/posts\/119101\/revisions"}],"wp:featuredmedia":[{"embeddable":true,"href":"https:\/\/archive.sana.sy\/es\/index.php?rest_route=\/wp\/v2\/media\/118438"}],"wp:attachment":[{"href":"https:\/\/archive.sana.sy\/es\/index.php?rest_route=%2Fwp%2Fv2%2Fmedia&parent=119101"}],"wp:term":[{"taxonomy":"category","embeddable":true,"href":"https:\/\/archive.sana.sy\/es\/index.php?rest_route=%2Fwp%2Fv2%2Fcategories&post=119101"},{"taxonomy":"post_tag","embeddable":true,"href":"https:\/\/archive.sana.sy\/es\/index.php?rest_route=%2Fwp%2Fv2%2Ftags&post=119101"}],"curies":[{"name":"wp","href":"https:\/\/api.w.org\/{rel}","templated":true}]}}