{"id":119119,"date":"2019-11-01T12:51:54","date_gmt":"2019-11-01T10:51:54","guid":{"rendered":"http:\/\/sana.sy\/es\/?p=119119"},"modified":"2019-11-01T13:23:15","modified_gmt":"2019-11-01T11:23:15","slug":"la-caida-de-un-soldado-del-regimen-turco-y-seis-resultaron-heridos-en-el-territorio-sirio","status":"publish","type":"post","link":"https:\/\/archive.sana.sy\/es\/?p=119119","title":{"rendered":"Un soldado del r\u00e9gimen turco muere y seis resultan heridos en el territorio sirio"},"content":{"rendered":"<p><span style=\"color: #800000;\">Ankara, SANA<\/span><\/p>\n<p style=\"text-align: justify;\">Un soldado turco muri\u00f3 hoy y otros seis resultaron heridos en la explosi\u00f3n de una mina durante operaciones del agresor turco en el norte del territorio sirio.<\/p>\n<p style=\"text-align: justify;\">La informaci\u00f3n fue dada en un comunicado del Ministerio de Defensa del r\u00e9gimen turco citado por la agencia de noticias turca \u201cAnadolu\u201d.<\/p>\n<p style=\"text-align: justify;\">Un soldado turco muri\u00f3 y otro result\u00f3 herido en octubre pasado durante la misma agresi\u00f3n.<\/p>\n<p style=\"text-align: justify;\">El r\u00e9gimen turco lanz\u00f3 una agresi\u00f3n contra una serie de ciudades y poblados en el campo de las provincias de Hasakeh y Raqqa, en el norte de Siria, lo que result\u00f3 la ca\u00edda de cientos de civiles entre muertos y heridos, incluidos ni\u00f1os, mujeres y trabajadores en los sectores de servicios.<\/p>\n<p><span style=\"color: #0000ff;\">A. Sh.\/ F.M.\/ R.R.<\/span><\/p>\n","protected":false},"excerpt":{"rendered":"<p>Ankara, SANA Un soldado turco muri\u00f3 hoy y otros seis resultaron heridos en la explosi\u00f3n de una mina durante operaciones del agresor turco en el norte del territorio sirio. La informaci\u00f3n fue dada en un comunicado del Ministerio de Defensa del r\u00e9gimen turco citado por la agencia de noticias turca \u201cAnadolu\u201d. Un soldado turco muri\u00f3 &hellip;<\/p>\n","protected":false},"author":31,"featured_media":119120,"comment_status":"closed","ping_status":"closed","sticky":false,"template":"","format":"standard","meta":{"footnotes":""},"categories":[597,467,7541],"tags":[],"class_list":["post-119119","post","type-post","status-publish","format-standard","has-post-thumbnail","","category-cinta-de-noticias","category-siria-y-el-mundo","category-ultimas-noticias"],"_links":{"self":[{"href":"https:\/\/archive.sana.sy\/es\/index.php?rest_route=\/wp\/v2\/posts\/119119"}],"collection":[{"href":"https:\/\/archive.sana.sy\/es\/index.php?rest_route=\/wp\/v2\/posts"}],"about":[{"href":"https:\/\/archive.sana.sy\/es\/index.php?rest_route=\/wp\/v2\/types\/post"}],"author":[{"embeddable":true,"href":"https:\/\/archive.sana.sy\/es\/index.php?rest_route=\/wp\/v2\/users\/31"}],"replies":[{"embeddable":true,"href":"https:\/\/archive.sana.sy\/es\/index.php?rest_route=%2Fwp%2Fv2%2Fcomments&post=119119"}],"version-history":[{"count":0,"href":"https:\/\/archive.sana.sy\/es\/index.php?rest_route=\/wp\/v2\/posts\/119119\/revisions"}],"wp:featuredmedia":[{"embeddable":true,"href":"https:\/\/archive.sana.sy\/es\/index.php?rest_route=\/wp\/v2\/media\/119120"}],"wp:attachment":[{"href":"https:\/\/archive.sana.sy\/es\/index.php?rest_route=%2Fwp%2Fv2%2Fmedia&parent=119119"}],"wp:term":[{"taxonomy":"category","embeddable":true,"href":"https:\/\/archive.sana.sy\/es\/index.php?rest_route=%2Fwp%2Fv2%2Fcategories&post=119119"},{"taxonomy":"post_tag","embeddable":true,"href":"https:\/\/archive.sana.sy\/es\/index.php?rest_route=%2Fwp%2Fv2%2Ftags&post=119119"}],"curies":[{"name":"wp","href":"https:\/\/api.w.org\/{rel}","templated":true}]}}