{"id":119126,"date":"2019-11-01T13:53:36","date_gmt":"2019-11-01T11:53:36","guid":{"rendered":"http:\/\/sana.sy\/es\/?p=119126"},"modified":"2019-11-01T21:29:36","modified_gmt":"2019-11-01T19:29:36","slug":"la-explosion-de-una-mina-causo-la-herida-de-un-civil-en-el-campo-de-al-quneitra","status":"publish","type":"post","link":"https:\/\/archive.sana.sy\/es\/?p=119126","title":{"rendered":"Explosi\u00f3n de una mina caus\u00f3 heridas a un civil en provincia de Quneitra"},"content":{"rendered":"<p><span style=\"color: #800000;\">Quneitra, SANA<\/span><\/p>\n<p style=\"text-align: justify;\">Un civil result\u00f3 herido a consecuencia de la explosi\u00f3n de una mina remanente de los terroristas del Frente Al-Nousra.<\/p>\n<p style=\"text-align: justify;\">El estallido se produjo mientras la v\u00edctima trabajaba en su tierra agr\u00edcola en la zona de Tal Hamriya, al sur de la ciudad de Hadar, en el campo norte\u00f1o de la provincia de Quneitra, en el sudeste de Siria.<\/p>\n<p style=\"text-align: justify;\">Los m\u00e9dicos del hospital de Quneitra confirmaron al corresponsal de SANA, que recibieron a un joven con lesiones en todo el cuerpo, y se le dieron los primeros auxilios y luego fue enviado a los hospitales de Damasco para completar su tratamiento.<\/p>\n<p style=\"text-align: justify;\">Las organizaciones terroristas procedieron en las zonas bajo su dominio, a plantar minas en las casas, los muebles, las carreteras, las plazas, las tierras agr\u00edcolas para causar v\u00edctimas, difundir el terror e impedir el regreso de los desplazados a sus pueblos y poblados.<\/p>\n<p><span style=\"color: #0000ff;\">A. Sh.\/ F.M.\/ R.R.\u00a0<\/span><\/p>\n","protected":false},"excerpt":{"rendered":"<p>Quneitra, SANA Un civil result\u00f3 herido a consecuencia de la explosi\u00f3n de una mina remanente de los terroristas del Frente Al-Nousra. El estallido se produjo mientras la v\u00edctima trabajaba en su tierra agr\u00edcola en la zona de Tal Hamriya, al sur de la ciudad de Hadar, en el campo norte\u00f1o de la provincia de Quneitra, &hellip;<\/p>\n","protected":false},"author":31,"featured_media":119127,"comment_status":"closed","ping_status":"closed","sticky":false,"template":"","format":"standard","meta":{"footnotes":""},"categories":[597,573],"tags":[],"class_list":["post-119126","post","type-post","status-publish","format-standard","has-post-thumbnail","","category-cinta-de-noticias","category-la-realidad-de-los-acontecimientos-en-siria"],"_links":{"self":[{"href":"https:\/\/archive.sana.sy\/es\/index.php?rest_route=\/wp\/v2\/posts\/119126"}],"collection":[{"href":"https:\/\/archive.sana.sy\/es\/index.php?rest_route=\/wp\/v2\/posts"}],"about":[{"href":"https:\/\/archive.sana.sy\/es\/index.php?rest_route=\/wp\/v2\/types\/post"}],"author":[{"embeddable":true,"href":"https:\/\/archive.sana.sy\/es\/index.php?rest_route=\/wp\/v2\/users\/31"}],"replies":[{"embeddable":true,"href":"https:\/\/archive.sana.sy\/es\/index.php?rest_route=%2Fwp%2Fv2%2Fcomments&post=119126"}],"version-history":[{"count":0,"href":"https:\/\/archive.sana.sy\/es\/index.php?rest_route=\/wp\/v2\/posts\/119126\/revisions"}],"wp:featuredmedia":[{"embeddable":true,"href":"https:\/\/archive.sana.sy\/es\/index.php?rest_route=\/wp\/v2\/media\/119127"}],"wp:attachment":[{"href":"https:\/\/archive.sana.sy\/es\/index.php?rest_route=%2Fwp%2Fv2%2Fmedia&parent=119126"}],"wp:term":[{"taxonomy":"category","embeddable":true,"href":"https:\/\/archive.sana.sy\/es\/index.php?rest_route=%2Fwp%2Fv2%2Fcategories&post=119126"},{"taxonomy":"post_tag","embeddable":true,"href":"https:\/\/archive.sana.sy\/es\/index.php?rest_route=%2Fwp%2Fv2%2Ftags&post=119126"}],"curies":[{"name":"wp","href":"https:\/\/api.w.org\/{rel}","templated":true}]}}