{"id":119134,"date":"2019-11-01T13:50:48","date_gmt":"2019-11-01T11:50:48","guid":{"rendered":"http:\/\/sana.sy\/es\/?p=119134"},"modified":"2019-11-01T15:28:46","modified_gmt":"2019-11-01T13:28:46","slug":"orquesta-sinfonica-nacional-ofrece-concierto-en-el-festival-de-cultura-musical-en-homs","status":"publish","type":"post","link":"https:\/\/archive.sana.sy\/es\/?p=119134","title":{"rendered":"Orquesta Sinf\u00f3nica Nacional ofrece concierto en el Festival de Cultura Musical en Homs"},"content":{"rendered":"<p><span style=\"color: #800000;\">Homs, SANA<\/span><\/p>\n<p style=\"text-align: justify;\">Como parte de las actividades de la 17\u00aa edici\u00f3n del Festival de Cultura Musical, la Orquesta Sinf\u00f3nica Nacional, dirigida por el maestro Missak Baghboudarian, realiz\u00f3 una gala musical en la Casa de Cultura de Homs.<\/p>\n<p style=\"text-align: justify;\">El programa del concierto incluy\u00f3 la interpretaci\u00f3n de varias notas musicales \u00e1rabes, internacionales y patrimoniales con una versi\u00f3n orquestal.<\/p>\n<p style=\"text-align: justify;\">En su declaraci\u00f3n a SANA, Baghboudarian expres\u00f3 su alegr\u00eda por la participaci\u00f3n de su Orquesta por segunda vez en Homs, y se\u00f1al\u00f3 la importancia de este Festival que ha pasado a ser un relevante evento art\u00edstico y cultural.<\/p>\n<p><span style=\"color: #0000ff;\">R.R.\/ F.M.\u00a0<\/span><\/p>\n","protected":false},"excerpt":{"rendered":"<p>Homs, SANA Como parte de las actividades de la 17\u00aa edici\u00f3n del Festival de Cultura Musical, la Orquesta Sinf\u00f3nica Nacional, dirigida por el maestro Missak Baghboudarian, realiz\u00f3 una gala musical en la Casa de Cultura de Homs. El programa del concierto incluy\u00f3 la interpretaci\u00f3n de varias notas musicales \u00e1rabes, internacionales y patrimoniales con una versi\u00f3n &hellip;<\/p>\n","protected":false},"author":31,"featured_media":119135,"comment_status":"closed","ping_status":"closed","sticky":false,"template":"","format":"standard","meta":{"footnotes":""},"categories":[597,510,7541],"tags":[],"class_list":["post-119134","post","type-post","status-publish","format-standard","has-post-thumbnail","","category-cinta-de-noticias","category-arte-y-cultura","category-ultimas-noticias"],"_links":{"self":[{"href":"https:\/\/archive.sana.sy\/es\/index.php?rest_route=\/wp\/v2\/posts\/119134"}],"collection":[{"href":"https:\/\/archive.sana.sy\/es\/index.php?rest_route=\/wp\/v2\/posts"}],"about":[{"href":"https:\/\/archive.sana.sy\/es\/index.php?rest_route=\/wp\/v2\/types\/post"}],"author":[{"embeddable":true,"href":"https:\/\/archive.sana.sy\/es\/index.php?rest_route=\/wp\/v2\/users\/31"}],"replies":[{"embeddable":true,"href":"https:\/\/archive.sana.sy\/es\/index.php?rest_route=%2Fwp%2Fv2%2Fcomments&post=119134"}],"version-history":[{"count":0,"href":"https:\/\/archive.sana.sy\/es\/index.php?rest_route=\/wp\/v2\/posts\/119134\/revisions"}],"wp:featuredmedia":[{"embeddable":true,"href":"https:\/\/archive.sana.sy\/es\/index.php?rest_route=\/wp\/v2\/media\/119135"}],"wp:attachment":[{"href":"https:\/\/archive.sana.sy\/es\/index.php?rest_route=%2Fwp%2Fv2%2Fmedia&parent=119134"}],"wp:term":[{"taxonomy":"category","embeddable":true,"href":"https:\/\/archive.sana.sy\/es\/index.php?rest_route=%2Fwp%2Fv2%2Fcategories&post=119134"},{"taxonomy":"post_tag","embeddable":true,"href":"https:\/\/archive.sana.sy\/es\/index.php?rest_route=%2Fwp%2Fv2%2Ftags&post=119134"}],"curies":[{"name":"wp","href":"https:\/\/api.w.org\/{rel}","templated":true}]}}