{"id":119140,"date":"2019-11-01T15:48:01","date_gmt":"2019-11-01T13:48:01","guid":{"rendered":"http:\/\/sana.sy\/es\/?p=119140"},"modified":"2019-11-01T21:34:40","modified_gmt":"2019-11-01T19:34:40","slug":"comite-de-discusion-de-la-constitucion-continua-sus-reuniones-en-ginebra","status":"publish","type":"post","link":"https:\/\/archive.sana.sy\/es\/?p=119140","title":{"rendered":"Comit\u00e9 de Discusi\u00f3n de la Constituci\u00f3n contin\u00faa sus reuniones en Ginebra"},"content":{"rendered":"<p style=\"text-align: justify;\"><span style=\"color: #800000;\">Ginebra, SANA<\/span><\/p>\n<p style=\"text-align: justify;\">El Comit\u00e9 de Discusi\u00f3n de la Constituci\u00f3n continu\u00f3 hoy sus reuniones en la sede de las Naciones Unidas en Ginebra.<\/p>\n<p style=\"text-align: justify;\">Las reuniones cuenta con la participaci\u00f3n de todos los integrantes de la delegaci\u00f3n apoyada por el Gobierno sirio y adem\u00e1s delegaciones.<\/p>\n<p style=\"text-align: justify;\">Seg\u00fan el enviado de SANA en Ginebra, la reuni\u00f3n se llev\u00f3 a cabo con la presencia del Enviado Especial del Secretario General de la ONU a Siria, Geir Pedersen, e incluye discursos de los delegados que deseen hablar.<\/p>\n<p style=\"text-align: justify;\">El Comit\u00e9 para debatir la Constituci\u00f3n consta de 150 miembros que representan a la delegaci\u00f3n apoyada por el gobierno sirio, la delegaci\u00f3n de otros partidos y la delegaci\u00f3n de la sociedad civil, y cada delegaci\u00f3n consta de 50 miembros.<\/p>\n<p style=\"text-align: justify;\"><span style=\"color: #0000ff;\"><strong>F.M<\/strong><\/span><\/p>\n","protected":false},"excerpt":{"rendered":"<p>Ginebra, SANA El Comit\u00e9 de Discusi\u00f3n de la Constituci\u00f3n continu\u00f3 hoy sus reuniones en la sede de las Naciones Unidas en Ginebra. Las reuniones cuenta con la participaci\u00f3n de todos los integrantes de la delegaci\u00f3n apoyada por el Gobierno sirio y adem\u00e1s delegaciones. Seg\u00fan el enviado de SANA en Ginebra, la reuni\u00f3n se llev\u00f3 a &hellip;<\/p>\n","protected":false},"author":34,"featured_media":119147,"comment_status":"closed","ping_status":"closed","sticky":false,"template":"","format":"standard","meta":{"footnotes":""},"categories":[597,456,573,7541],"tags":[],"class_list":["post-119140","post","type-post","status-publish","format-standard","has-post-thumbnail","","category-cinta-de-noticias","category-arabe-internacional-politica","category-la-realidad-de-los-acontecimientos-en-siria","category-ultimas-noticias"],"_links":{"self":[{"href":"https:\/\/archive.sana.sy\/es\/index.php?rest_route=\/wp\/v2\/posts\/119140"}],"collection":[{"href":"https:\/\/archive.sana.sy\/es\/index.php?rest_route=\/wp\/v2\/posts"}],"about":[{"href":"https:\/\/archive.sana.sy\/es\/index.php?rest_route=\/wp\/v2\/types\/post"}],"author":[{"embeddable":true,"href":"https:\/\/archive.sana.sy\/es\/index.php?rest_route=\/wp\/v2\/users\/34"}],"replies":[{"embeddable":true,"href":"https:\/\/archive.sana.sy\/es\/index.php?rest_route=%2Fwp%2Fv2%2Fcomments&post=119140"}],"version-history":[{"count":0,"href":"https:\/\/archive.sana.sy\/es\/index.php?rest_route=\/wp\/v2\/posts\/119140\/revisions"}],"wp:featuredmedia":[{"embeddable":true,"href":"https:\/\/archive.sana.sy\/es\/index.php?rest_route=\/wp\/v2\/media\/119147"}],"wp:attachment":[{"href":"https:\/\/archive.sana.sy\/es\/index.php?rest_route=%2Fwp%2Fv2%2Fmedia&parent=119140"}],"wp:term":[{"taxonomy":"category","embeddable":true,"href":"https:\/\/archive.sana.sy\/es\/index.php?rest_route=%2Fwp%2Fv2%2Fcategories&post=119140"},{"taxonomy":"post_tag","embeddable":true,"href":"https:\/\/archive.sana.sy\/es\/index.php?rest_route=%2Fwp%2Fv2%2Ftags&post=119140"}],"curies":[{"name":"wp","href":"https:\/\/api.w.org\/{rel}","templated":true}]}}