{"id":119155,"date":"2019-11-01T21:28:38","date_gmt":"2019-11-01T19:28:38","guid":{"rendered":"http:\/\/sana.sy\/es\/?p=119155"},"modified":"2019-11-02T09:52:39","modified_gmt":"2019-11-02T07:52:39","slug":"kezbari-califica-de-buenas-reuniones-del-comite-de-discusion-de-la-constitucion","status":"publish","type":"post","link":"https:\/\/archive.sana.sy\/es\/?p=119155","title":{"rendered":"Kezbari califica de &#8220;buenas&#8221; reuniones del Comit\u00e9 de Discusi\u00f3n de la Constituci\u00f3n"},"content":{"rendered":"<p style=\"text-align: justify;\"><span style=\"color: #800000;\">Ginebra, SANA<\/span><\/p>\n<p style=\"text-align: justify;\">El presidente de la delegaci\u00f3n apoyada por el Gobierno sirio para Ginebra, Ahmad al Kezbari, calific\u00f3 de \u201cbuenas\u201d las reuniones del Comit\u00e9 de Discusi\u00f3n de la Constituci\u00f3n amplio, resaltando que durante las cuales se acord\u00f3 el c\u00f3digo de conducta y las medidas que rigen el funcionamiento del Comit\u00e9 reducido y el Comit\u00e9 amplio.<\/p>\n<p style=\"text-align: justify;\">En una rueda de prensa celebrada hoy el vienes en Ginebra, Kezbari se\u00f1al\u00f3 que \u201cla discusi\u00f3n de la hoja del c\u00f3digo de conducta y los procedimientos comenz\u00f3 en la capital siria, donde hubo varias reuniones con el enviado especial de la ONU para Siria, Geir Pedersen, en Damasco, en las que se intercambiaron puntos de vista sobre este tema\u201d. \u201cTambi\u00e9n celebramos unas reuniones en Ginebra hasta que llegamos a la forma final aprobada hoy\u201d, inform\u00f3.<\/p>\n<p style=\"text-align: justify;\">Aclar\u00f3 que el comit\u00e9 reducido iniciar\u00e1 la labor el pr\u00f3ximo lunes y trabajar\u00e1 solamente por una semana, expresando su esperanza de que las pr\u00f3ximas reuniones tengan lugar en Damasco. \u201cCualquier parte que se distanciar\u00e1 de nuestros constantes nacionales, no reuniremos con ella en ning\u00fan lugar\u201d, asever\u00f3.<\/p>\n<p style=\"text-align: justify;\">Sobre las pr\u00f3ximas reuniones del Comit\u00e9 amplio, Kezbari se\u00f1al\u00f3 que las mismas dependen de lo que se va a lograr por el Comit\u00e9 peque\u00f1o, explicando que el Comit\u00e9 amplio se convocar\u00e1 para debatir lo que resulta de las reuniones del Comit\u00e9 reducido.<\/p>\n<p style=\"text-align: justify;\">Se\u00f1al\u00f3 que varias intervenciones hechas por los otros bandos han demostrado que una gran parte de ellos no ha le\u00eddo la Constituci\u00f3n del 2012, puesto que muchas solicitudes de ellos ya existen en esta Carta Magna.<\/p>\n<p style=\"text-align: justify;\">Por su parte, el enviado especial de la ONU para Siria, Geir Pedersen, subray\u00f3 que el proceso del Comit\u00e9 de Discusi\u00f3n de la Constituci\u00f3n \u201ces sirio, guiado por los sirio, pertenece a los sirios, y gira en torno a hacer realidad las aspiraciones del pueblo sirio\u201d.<\/p>\n<p style=\"text-align: justify;\">\u201cHemos acordado un\u00e1nimemente el c\u00f3digo de conducta de las discusiones durante estas reuniones y de las futuras tambi\u00e9n\u201d, dijo, agregando que se eligieron los 45 miembros que integran el Comit\u00e9 reducido que iniciar\u00e1 sus sesiones el pr\u00f3ximo lunes.<\/p>\n<p style=\"text-align: justify;\"><span style=\"color: #0000ff;\">L.A.\/ R.R.<\/span><\/p>\n","protected":false},"excerpt":{"rendered":"<p>Ginebra, SANA El presidente de la delegaci\u00f3n apoyada por el Gobierno sirio para Ginebra, Ahmad al Kezbari, calific\u00f3 de \u201cbuenas\u201d las reuniones del Comit\u00e9 de Discusi\u00f3n de la Constituci\u00f3n amplio, resaltando que durante las cuales se acord\u00f3 el c\u00f3digo de conducta y las medidas que rigen el funcionamiento del Comit\u00e9 reducido y el Comit\u00e9 amplio. &hellip;<\/p>\n","protected":false},"author":31,"featured_media":119156,"comment_status":"closed","ping_status":"closed","sticky":false,"template":"","format":"standard","meta":{"footnotes":""},"categories":[597,467,583],"tags":[],"class_list":["post-119155","post","type-post","status-publish","format-standard","has-post-thumbnail","","category-cinta-de-noticias","category-siria-y-el-mundo","category-slide"],"_links":{"self":[{"href":"https:\/\/archive.sana.sy\/es\/index.php?rest_route=\/wp\/v2\/posts\/119155"}],"collection":[{"href":"https:\/\/archive.sana.sy\/es\/index.php?rest_route=\/wp\/v2\/posts"}],"about":[{"href":"https:\/\/archive.sana.sy\/es\/index.php?rest_route=\/wp\/v2\/types\/post"}],"author":[{"embeddable":true,"href":"https:\/\/archive.sana.sy\/es\/index.php?rest_route=\/wp\/v2\/users\/31"}],"replies":[{"embeddable":true,"href":"https:\/\/archive.sana.sy\/es\/index.php?rest_route=%2Fwp%2Fv2%2Fcomments&post=119155"}],"version-history":[{"count":0,"href":"https:\/\/archive.sana.sy\/es\/index.php?rest_route=\/wp\/v2\/posts\/119155\/revisions"}],"wp:featuredmedia":[{"embeddable":true,"href":"https:\/\/archive.sana.sy\/es\/index.php?rest_route=\/wp\/v2\/media\/119156"}],"wp:attachment":[{"href":"https:\/\/archive.sana.sy\/es\/index.php?rest_route=%2Fwp%2Fv2%2Fmedia&parent=119155"}],"wp:term":[{"taxonomy":"category","embeddable":true,"href":"https:\/\/archive.sana.sy\/es\/index.php?rest_route=%2Fwp%2Fv2%2Fcategories&post=119155"},{"taxonomy":"post_tag","embeddable":true,"href":"https:\/\/archive.sana.sy\/es\/index.php?rest_route=%2Fwp%2Fv2%2Ftags&post=119155"}],"curies":[{"name":"wp","href":"https:\/\/api.w.org\/{rel}","templated":true}]}}