{"id":119168,"date":"2019-11-02T10:44:13","date_gmt":"2019-11-02T08:44:13","guid":{"rendered":"http:\/\/sana.sy\/es\/?p=119168"},"modified":"2023-01-10T15:15:36","modified_gmt":"2023-01-10T13:15:36","slug":"siria-e-iran-firman-un-memorando-de-entendimiento-para-desarrollar-la-industria-de-electrica-en-siria","status":"publish","type":"post","link":"https:\/\/archive.sana.sy\/es\/?p=119168","title":{"rendered":"Siria e Ir\u00e1n afianzan sus relaciones en el campo de la energ\u00eda el\u00e9ctrica"},"content":{"rendered":"<p dir=\"LTR\" style=\"text-align: justify;\"><span lang=\"ES-TRAD\" style=\"color: #800000;\">Teher\u00e1n, SANA<\/span><\/p>\n<p><span lang=\"ES-TRAD\">Siria e Ir\u00e1n firmaron hoy en Teher\u00e1n, un memorando de entendimiento para desarrollar el sistema el\u00e9ctrico, lograr la autodependencia, y asentar la tecnolog\u00eda y fabricaci\u00f3n de equipos el\u00e9ctricos en Siria.<\/span><\/p>\n<p><span lang=\"ES-TRAD\">El acuerdo incluye tambi\u00e9n la construcci\u00f3n de plantas de energ\u00eda el\u00e9ctrica y redes de transmisi\u00f3n y distribuci\u00f3n, y trabajar para reconstruir y reducir los da\u00f1os en la red el\u00e9ctrica.<\/span><\/p>\n<p><span lang=\"ES-TRAD\">La nota rubricada estipul\u00f3 tambi\u00e9n establecer un enlace el\u00e9ctrico entre Siria, Ir\u00e1n e Irak a trav\u00e9s de un esfuerzo conjunto para hacer los estudios y los preparativos t\u00e9cnicos necesarios.<\/span><\/p>\n<p><span lang=\"ES-TRAD\">La inversi\u00f3n conjunta, el intercambio de informaci\u00f3n t\u00e9cnica para la construcci\u00f3n de diferentes tipos de centrales el\u00e9ctricas y de energ\u00edas renovables, as\u00ed como la reconstrucci\u00f3n, rehabilitaci\u00f3n y mejora de las centrales el\u00e9ctricas, fueron incluidos tambi\u00e9n en el texto del memorando de entendimiento.<\/span><\/p>\n<p><span lang=\"ES-TRAD\">\u00a0Seg\u00fan la nota, habr\u00e1 cooperaci\u00f3n en la reparaci\u00f3n de transformadores el\u00e9ctricos, la producci\u00f3n de productos y dispositivos el\u00e9ctricos, y se dar\u00e1 prioridad para la producci\u00f3n de equipos inteligentes, transformadores y cables.<\/span><\/p>\n<p><span lang=\"ES-TRAD\">El acuerdo fue firmado por el ministro sirio de Electricidad, Mohammad Zuhair Kharbotli, y el Ministro iran\u00ed de Energ\u00eda, Reza Ardakanian.<\/span><\/p>\n<p><span lang=\"ES-TRAD\">Ambos titulares destacaron en declaraciones a la prensa despu\u00e9s de la r\u00fabrica del memorando de entendimiento, la importancia de implementarlo lo antes posible y trabajar para restablecer el sistema el\u00e9ctrico en Siria a lo que era antes de la crisis.<\/span><\/p>\n<p style=\"text-align: justify;\"><span style=\"color: #0000ff;\">A.SH \/ F.M \/ W.S<\/span><\/p>\n<div><img loading=\"lazy\" decoding=\"async\" class=\"alignnone size-medium wp-image-119170\" src=\"http:\/\/sana.sy\/es\/wp-content\/uploads\/2019\/11\/00-300x168-300x168.jpg\" alt=\"\" width=\"300\" height=\"168\" srcset=\"https:\/\/archive.sana.sy\/es\/wp-content\/uploads\/2019\/11\/00-300x168.jpg 300w, https:\/\/archive.sana.sy\/es\/wp-content\/uploads\/2019\/11\/00-300x168-150x84.jpg 150w\" sizes=\"(max-width: 300px) 100vw, 300px\" \/> <img loading=\"lazy\" decoding=\"async\" class=\"alignnone size-medium wp-image-119171\" src=\"http:\/\/sana.sy\/es\/wp-content\/uploads\/2019\/11\/15-3-300x190-300x190.jpg\" alt=\"\" width=\"300\" height=\"190\" srcset=\"https:\/\/archive.sana.sy\/es\/wp-content\/uploads\/2019\/11\/15-3-300x190.jpg 300w, https:\/\/archive.sana.sy\/es\/wp-content\/uploads\/2019\/11\/15-3-300x190-150x95.jpg 150w\" sizes=\"(max-width: 300px) 100vw, 300px\" \/><\/div>\n","protected":false},"excerpt":{"rendered":"<p>Teher\u00e1n, SANA Siria e Ir\u00e1n firmaron hoy en Teher\u00e1n, un memorando de entendimiento para desarrollar el sistema el\u00e9ctrico, lograr la autodependencia, y asentar la tecnolog\u00eda y fabricaci\u00f3n de equipos el\u00e9ctricos en Siria. El acuerdo incluye tambi\u00e9n la construcci\u00f3n de plantas de energ\u00eda el\u00e9ctrica y redes de transmisi\u00f3n y distribuci\u00f3n, y trabajar para reconstruir y reducir &hellip;<\/p>\n","protected":false},"author":35,"featured_media":119169,"comment_status":"closed","ping_status":"closed","sticky":false,"template":"","format":"standard","meta":{"footnotes":""},"categories":[597,485,7541],"tags":[],"class_list":["post-119168","post","type-post","status-publish","format-standard","has-post-thumbnail","","category-cinta-de-noticias","category-informes-negocios-y-finanzas","category-ultimas-noticias"],"_links":{"self":[{"href":"https:\/\/archive.sana.sy\/es\/index.php?rest_route=\/wp\/v2\/posts\/119168"}],"collection":[{"href":"https:\/\/archive.sana.sy\/es\/index.php?rest_route=\/wp\/v2\/posts"}],"about":[{"href":"https:\/\/archive.sana.sy\/es\/index.php?rest_route=\/wp\/v2\/types\/post"}],"author":[{"embeddable":true,"href":"https:\/\/archive.sana.sy\/es\/index.php?rest_route=\/wp\/v2\/users\/35"}],"replies":[{"embeddable":true,"href":"https:\/\/archive.sana.sy\/es\/index.php?rest_route=%2Fwp%2Fv2%2Fcomments&post=119168"}],"version-history":[{"count":0,"href":"https:\/\/archive.sana.sy\/es\/index.php?rest_route=\/wp\/v2\/posts\/119168\/revisions"}],"wp:featuredmedia":[{"embeddable":true,"href":"https:\/\/archive.sana.sy\/es\/index.php?rest_route=\/wp\/v2\/media\/119169"}],"wp:attachment":[{"href":"https:\/\/archive.sana.sy\/es\/index.php?rest_route=%2Fwp%2Fv2%2Fmedia&parent=119168"}],"wp:term":[{"taxonomy":"category","embeddable":true,"href":"https:\/\/archive.sana.sy\/es\/index.php?rest_route=%2Fwp%2Fv2%2Fcategories&post=119168"},{"taxonomy":"post_tag","embeddable":true,"href":"https:\/\/archive.sana.sy\/es\/index.php?rest_route=%2Fwp%2Fv2%2Ftags&post=119168"}],"curies":[{"name":"wp","href":"https:\/\/api.w.org\/{rel}","templated":true}]}}