{"id":119173,"date":"2019-11-02T11:12:25","date_gmt":"2019-11-02T09:12:25","guid":{"rendered":"http:\/\/sana.sy\/es\/?p=119173"},"modified":"2019-11-02T14:10:42","modified_gmt":"2019-11-02T12:10:42","slug":"siria-participa-en-un-foro-internacional-en-cuba","status":"publish","type":"post","link":"https:\/\/archive.sana.sy\/es\/?p=119173","title":{"rendered":"Siria presente en evento internacional por la solidaridad y contra el imperialismo en La Habana"},"content":{"rendered":"<p style=\"text-align: justify;\"><span style=\"color: #800000;\">La Habana, SANA<\/span><\/p>\n<div>\n<p><span lang=\"ES-TRAD\">El Encuentro Anti-imperialista de Solidaridad, por la Democracia y contra el Neoliberalismo, se inaugur\u00f3 en la capital cubana La Habana, con la participaci\u00f3n una representaci\u00f3n de Siria.<\/span><\/p>\n<p><span lang=\"ES-TRAD\">\u201cEl gobierno del presidente de los Estados Unidos, Donald Trump, es la principal amenaza para la paz y la seguridad internacionales\u201d, confirm\u00f3 Bruno Rodr\u00edguez, Ministro de Relaciones Exteriores de Cuba, en un discurso pronunciado en la apertura del evento.<\/span><\/p>\n<p><span lang=\"ES-TRAD\">El Canciller cubano destac\u00f3 la resistencia legendaria de Siria frente al terrorismo, y destac\u00f3 al mismo tiempo el inquebrantable apoyo de su pa\u00eds para que el pueblo palestino logre sus derechos leg\u00edtimos.<\/span><\/p>\n<p><span lang=\"ES-TRAD\">Rodr\u00edguez advirti\u00f3 sobre el posible incremento de la hostilidad de Estados Unidos contra La Isla y medidas adicionales de bloqueo, a raz\u00f3n de la campa\u00f1a electoral presidencial en el pa\u00eds norte\u00f1o.<\/span><\/p>\n<p><span lang=\"ES-TRAD\">Con anterioridad, el presidente del Instituto Cubano de Amistad con los Pueblos (ICAP), Fernando Gonz\u00e1lez, llam\u00f3 a impedir el avance de las pol\u00edticas neoliberales que destruyen los sue\u00f1os de paz y bienestar social de las naciones.<\/span><\/p>\n<p><b><span lang=\"ES-TRAD\">Dirigentes cubanos ratifican el apoyo de La Habana a Siria en su lucha contra el terrorismo\u00a0\u00a0<\/span><\/b><\/p>\n<p><span lang=\"ES-TRAD\">Al margen del Encuentro, la delegaci\u00f3n siria se reuni\u00f3 con Esteban Lasso, el presidente de la Asamblea Nacional del Poder Popular Cubano y presidente del Consejo de Estado, y con el presidente del Instituto Cubano de Amistad con los Pueblos (ICAP), Fernando Gonz\u00e1lez.<\/span><\/p>\n<p><span lang=\"ES-TRAD\">Ambos dirigentes cubanos expresaron su gratitud por la participaci\u00f3n de Siria en este foro solidario con Cuba y ratificaron el apoyo de La Habana a Siria en su guerra contra el terrorismo.<\/span><\/p>\n<p><span lang=\"ES-TRAD\">La delegaci\u00f3n siria al foro est\u00e1 encabezada por Idris Mia, embajador sirio en Cuba, e integrada por Salah Asaad y Ammar al-Jajeh, miembros del Bur\u00f3 Ejecutivo de la Uni\u00f3n de Juventud Revolucionaria, y Orwa Mahmoud, Jefe de la Uni\u00f3n Nacional de Estudiantes Sirios en Cuba.<\/span><\/p>\n<p><span lang=\"ES-TRAD\">El evento durar\u00e1 hasta el d\u00eda tres de este mes.<\/span><\/p>\n<p><span style=\"color: #0000ff; text-align: justify;\">W.S \/ F.M \/ R.SH<\/span><\/p>\n<\/div>\n<p style=\"text-align: justify;\"><img loading=\"lazy\" decoding=\"async\" class=\"alignnone size-medium wp-image-119175\" src=\"http:\/\/sana.sy\/es\/wp-content\/uploads\/2019\/11\/7-5-300x182-300x182.jpg\" alt=\"\" width=\"300\" height=\"182\" srcset=\"https:\/\/archive.sana.sy\/es\/wp-content\/uploads\/2019\/11\/7-5-300x182.jpg 300w, https:\/\/archive.sana.sy\/es\/wp-content\/uploads\/2019\/11\/7-5-300x182-150x91.jpg 150w\" sizes=\"(max-width: 300px) 100vw, 300px\" \/> <img loading=\"lazy\" decoding=\"async\" class=\"alignnone size-medium wp-image-119176\" src=\"http:\/\/sana.sy\/es\/wp-content\/uploads\/2019\/11\/8-5-300x183-300x183.jpg\" alt=\"\" width=\"300\" height=\"183\" srcset=\"https:\/\/archive.sana.sy\/es\/wp-content\/uploads\/2019\/11\/8-5-300x183.jpg 300w, https:\/\/archive.sana.sy\/es\/wp-content\/uploads\/2019\/11\/8-5-300x183-150x92.jpg 150w\" sizes=\"(max-width: 300px) 100vw, 300px\" \/><\/p>\n","protected":false},"excerpt":{"rendered":"<p>La Habana, SANA El Encuentro Anti-imperialista de Solidaridad, por la Democracia y contra el Neoliberalismo, se inaugur\u00f3 en la capital cubana La Habana, con la participaci\u00f3n una representaci\u00f3n de Siria. \u201cEl gobierno del presidente de los Estados Unidos, Donald Trump, es la principal amenaza para la paz y la seguridad internacionales\u201d, confirm\u00f3 Bruno Rodr\u00edguez, Ministro &hellip;<\/p>\n","protected":false},"author":35,"featured_media":119174,"comment_status":"closed","ping_status":"closed","sticky":false,"template":"","format":"standard","meta":{"footnotes":""},"categories":[597,467,7541],"tags":[],"class_list":["post-119173","post","type-post","status-publish","format-standard","has-post-thumbnail","","category-cinta-de-noticias","category-siria-y-el-mundo","category-ultimas-noticias"],"_links":{"self":[{"href":"https:\/\/archive.sana.sy\/es\/index.php?rest_route=\/wp\/v2\/posts\/119173"}],"collection":[{"href":"https:\/\/archive.sana.sy\/es\/index.php?rest_route=\/wp\/v2\/posts"}],"about":[{"href":"https:\/\/archive.sana.sy\/es\/index.php?rest_route=\/wp\/v2\/types\/post"}],"author":[{"embeddable":true,"href":"https:\/\/archive.sana.sy\/es\/index.php?rest_route=\/wp\/v2\/users\/35"}],"replies":[{"embeddable":true,"href":"https:\/\/archive.sana.sy\/es\/index.php?rest_route=%2Fwp%2Fv2%2Fcomments&post=119173"}],"version-history":[{"count":0,"href":"https:\/\/archive.sana.sy\/es\/index.php?rest_route=\/wp\/v2\/posts\/119173\/revisions"}],"wp:featuredmedia":[{"embeddable":true,"href":"https:\/\/archive.sana.sy\/es\/index.php?rest_route=\/wp\/v2\/media\/119174"}],"wp:attachment":[{"href":"https:\/\/archive.sana.sy\/es\/index.php?rest_route=%2Fwp%2Fv2%2Fmedia&parent=119173"}],"wp:term":[{"taxonomy":"category","embeddable":true,"href":"https:\/\/archive.sana.sy\/es\/index.php?rest_route=%2Fwp%2Fv2%2Fcategories&post=119173"},{"taxonomy":"post_tag","embeddable":true,"href":"https:\/\/archive.sana.sy\/es\/index.php?rest_route=%2Fwp%2Fv2%2Ftags&post=119173"}],"curies":[{"name":"wp","href":"https:\/\/api.w.org\/{rel}","templated":true}]}}