{"id":119187,"date":"2019-11-02T13:39:57","date_gmt":"2019-11-02T11:39:57","guid":{"rendered":"http:\/\/sana.sy\/es\/?p=119187"},"modified":"2023-01-09T14:08:37","modified_gmt":"2023-01-09T12:08:37","slug":"un-atentado-con-dos-proyectiles-contra-el-barrio-de-share-al-nil-en-alepo","status":"publish","type":"post","link":"https:\/\/archive.sana.sy\/es\/?p=119187","title":{"rendered":"Terroristas atacan con dos obuses un barrio de la ciudad de Alepo"},"content":{"rendered":"<p style=\"text-align: justify;\"><span style=\"color: #800000;\">Alepo , SANA<\/span><\/p>\n<div>\n<p><span lang=\"ES-TRAD\">Una mujer result\u00f3 herida en un ataque terrorista con dos obuses contra el barrio de Share al-Nil en la ciudad de Alepo.<\/span><\/p>\n<p><span lang=\"ES-TRAD\">\u201cLlos grupos armados atacaron esta ma\u00f1ana el barrio de Share al-Nil con dos\u00a0\u00a0proyectiles de cohete que impactaron en el mercado, lo que hiri\u00f3 a una mujer y caus\u00f3 da\u00f1os materiales en las propiedades p\u00fablicas y privadas\u201d, report\u00f3 el corresponsal de SANA en Alepo.<\/span><\/p>\n<p><span lang=\"ES-TRAD\">Los grupos terroristas desplegados en los campos\u00a0\u00a0del oeste y suroeste de la provincia de Alepo, son filiales de la organizaci\u00f3n Frente Al-Nousra, y suelen atacar\u00a0\u00a0los\u00a0\u00a0barrios residenciales de la ciudad y\u00a0\u00a0los poblados vecinos.<\/span><\/p>\n<\/div>\n<p style=\"text-align: justify;\"><span style=\"color: #0000ff;\">W.S \/ F.M \/ R.SH<\/span><\/p>\n<p style=\"text-align: justify;\">\n","protected":false},"excerpt":{"rendered":"<p>Alepo , SANA Una mujer result\u00f3 herida en un ataque terrorista con dos obuses contra el barrio de Share al-Nil en la ciudad de Alepo. \u201cLlos grupos armados atacaron esta ma\u00f1ana el barrio de Share al-Nil con dos\u00a0\u00a0proyectiles de cohete que impactaron en el mercado, lo que hiri\u00f3 a una mujer y caus\u00f3 da\u00f1os materiales &hellip;<\/p>\n","protected":false},"author":35,"featured_media":119188,"comment_status":"closed","ping_status":"closed","sticky":false,"template":"","format":"standard","meta":{"footnotes":""},"categories":[597,476,7541],"tags":[],"class_list":["post-119187","post","type-post","status-publish","format-standard","has-post-thumbnail","","category-cinta-de-noticias","category-locales","category-ultimas-noticias"],"_links":{"self":[{"href":"https:\/\/archive.sana.sy\/es\/index.php?rest_route=\/wp\/v2\/posts\/119187"}],"collection":[{"href":"https:\/\/archive.sana.sy\/es\/index.php?rest_route=\/wp\/v2\/posts"}],"about":[{"href":"https:\/\/archive.sana.sy\/es\/index.php?rest_route=\/wp\/v2\/types\/post"}],"author":[{"embeddable":true,"href":"https:\/\/archive.sana.sy\/es\/index.php?rest_route=\/wp\/v2\/users\/35"}],"replies":[{"embeddable":true,"href":"https:\/\/archive.sana.sy\/es\/index.php?rest_route=%2Fwp%2Fv2%2Fcomments&post=119187"}],"version-history":[{"count":0,"href":"https:\/\/archive.sana.sy\/es\/index.php?rest_route=\/wp\/v2\/posts\/119187\/revisions"}],"wp:featuredmedia":[{"embeddable":true,"href":"https:\/\/archive.sana.sy\/es\/index.php?rest_route=\/wp\/v2\/media\/119188"}],"wp:attachment":[{"href":"https:\/\/archive.sana.sy\/es\/index.php?rest_route=%2Fwp%2Fv2%2Fmedia&parent=119187"}],"wp:term":[{"taxonomy":"category","embeddable":true,"href":"https:\/\/archive.sana.sy\/es\/index.php?rest_route=%2Fwp%2Fv2%2Fcategories&post=119187"},{"taxonomy":"post_tag","embeddable":true,"href":"https:\/\/archive.sana.sy\/es\/index.php?rest_route=%2Fwp%2Fv2%2Ftags&post=119187"}],"curies":[{"name":"wp","href":"https:\/\/api.w.org\/{rel}","templated":true}]}}