{"id":119196,"date":"2019-11-02T16:06:13","date_gmt":"2019-11-02T14:06:13","guid":{"rendered":"http:\/\/sana.sy\/es\/?p=119196"},"modified":"2023-01-09T14:08:37","modified_gmt":"2023-01-09T12:08:37","slug":"contingentes-del-ejercito-en-tel-tamer-para-proteger-a-la-poblacion-alli","status":"publish","type":"post","link":"https:\/\/archive.sana.sy\/es\/?p=119196","title":{"rendered":"Despliegue del ej\u00e9rcito en Tel Temer gener\u00f3 ambiente de tranquilidad y seguridad"},"content":{"rendered":"<p style=\"text-align: justify;\"><span style=\"color: #800000;\">Hasakeh, SANA<\/span><\/p>\n<p style=\"text-align: justify;\">Unidades del Ej\u00e9rcito \u00c1rabe Sirio fijaron y fortificaron posiciones en la campi\u00f1a norte y nordeste de la provincia de Hasakeh para hacer frente a cualquier agresi\u00f3n de parte del ocupante turco, y tambi\u00e9n para proteger la poblaci\u00f3n de los terroristas mercenarios de Erdogan.<\/p>\n<p style=\"text-align: justify;\">En el campo norte\u00f1o de la localidad de Tel Temer, los contingentes desplegados est\u00e1n en plena disposici\u00f3n para rechazar posibles ataques turcos.<\/p>\n<p style=\"text-align: justify;\">Los militares sirios se emplazaron en un eje de 60 km de longitud que se extiende desde el poblado de Aghebish al oeste de Tel Temer hasta la aldea de Wasta al sur de los silos de Aliya.<\/p>\n<p style=\"text-align: justify;\">Fuentes castrenses afirmaron que las unidades del ej\u00e9rcito extender\u00e1n su despliegue hasta llegar a la frontera sirio-turca y derrotar a los mercenarios del r\u00e9gimen turco.<\/p>\n<p style=\"text-align: justify;\">Los efectivos del ej\u00e9rcito reafirmaron en declaraciones a SANA, que su presencia gener\u00f3 tranquilidad entre la poblaci\u00f3n civil que ahora se siente protegida.<\/p>\n<p style=\"text-align: justify;\">La presencia del ej\u00e9rcito motiv\u00f3 a muchos pobladores a volver a sus aldeas de donde se hab\u00eda desplazados en periodos anteriores.<\/p>\n<p style=\"text-align: justify;\"><span style=\"color: #0000ff;\">R.SH \/ F.M\/ W.S<br \/>\n<\/span><\/p>\n<div id='gallery-1' class='gallery galleryid-119196 gallery-columns-2 gallery-size-full'><figure class='gallery-item'>\n\t\t\t<div class='gallery-icon landscape'>\n\t\t\t\t<a href='https:\/\/archive.sana.sy\/es\/?attachment_id=119200'><img loading=\"lazy\" decoding=\"async\" width=\"660\" height=\"388\" src=\"https:\/\/archive.sana.sy\/es\/wp-content\/uploads\/2019\/11\/3-21.jpg\" class=\"attachment-full size-full\" alt=\"\" srcset=\"https:\/\/archive.sana.sy\/es\/wp-content\/uploads\/2019\/11\/3-21.jpg 660w, https:\/\/archive.sana.sy\/es\/wp-content\/uploads\/2019\/11\/3-21-150x88.jpg 150w, https:\/\/archive.sana.sy\/es\/wp-content\/uploads\/2019\/11\/3-21-300x176.jpg 300w\" sizes=\"(max-width: 660px) 100vw, 660px\" \/><\/a>\n\t\t\t<\/div><\/figure><figure class='gallery-item'>\n\t\t\t<div class='gallery-icon landscape'>\n\t\t\t\t<a href='https:\/\/archive.sana.sy\/es\/?attachment_id=119207'><img loading=\"lazy\" decoding=\"async\" width=\"660\" height=\"371\" src=\"https:\/\/archive.sana.sy\/es\/wp-content\/uploads\/2019\/11\/11-180.jpg\" class=\"attachment-full size-full\" alt=\"\" srcset=\"https:\/\/archive.sana.sy\/es\/wp-content\/uploads\/2019\/11\/11-180.jpg 660w, https:\/\/archive.sana.sy\/es\/wp-content\/uploads\/2019\/11\/11-180-150x84.jpg 150w, https:\/\/archive.sana.sy\/es\/wp-content\/uploads\/2019\/11\/11-180-300x169.jpg 300w\" sizes=\"(max-width: 660px) 100vw, 660px\" \/><\/a>\n\t\t\t<\/div><\/figure><figure class='gallery-item'>\n\t\t\t<div class='gallery-icon landscape'>\n\t\t\t\t<a href='https:\/\/archive.sana.sy\/es\/?attachment_id=119208'><img loading=\"lazy\" decoding=\"async\" width=\"300\" height=\"168\" src=\"https:\/\/archive.sana.sy\/es\/wp-content\/uploads\/2019\/11\/1-27-300x168-1.jpg\" class=\"attachment-full size-full\" alt=\"\" srcset=\"https:\/\/archive.sana.sy\/es\/wp-content\/uploads\/2019\/11\/1-27-300x168-1.jpg 300w, https:\/\/archive.sana.sy\/es\/wp-content\/uploads\/2019\/11\/1-27-300x168-1-150x84.jpg 150w\" sizes=\"(max-width: 300px) 100vw, 300px\" \/><\/a>\n\t\t\t<\/div><\/figure><figure class='gallery-item'>\n\t\t\t<div class='gallery-icon landscape'>\n\t\t\t\t<a href='https:\/\/archive.sana.sy\/es\/?attachment_id=119213'><img loading=\"lazy\" decoding=\"async\" width=\"660\" height=\"371\" src=\"https:\/\/archive.sana.sy\/es\/wp-content\/uploads\/2019\/11\/4-17-1.jpg\" class=\"attachment-full size-full\" alt=\"\" srcset=\"https:\/\/archive.sana.sy\/es\/wp-content\/uploads\/2019\/11\/4-17-1.jpg 660w, https:\/\/archive.sana.sy\/es\/wp-content\/uploads\/2019\/11\/4-17-1-150x84.jpg 150w, https:\/\/archive.sana.sy\/es\/wp-content\/uploads\/2019\/11\/4-17-1-300x169.jpg 300w\" sizes=\"(max-width: 660px) 100vw, 660px\" \/><\/a>\n\t\t\t<\/div><\/figure>\n\t\t<\/div>\n\n","protected":false},"excerpt":{"rendered":"<p>Hasakeh, SANA Unidades del Ej\u00e9rcito \u00c1rabe Sirio fijaron y fortificaron posiciones en la campi\u00f1a norte y nordeste de la provincia de Hasakeh para hacer frente a cualquier agresi\u00f3n de parte del ocupante turco, y tambi\u00e9n para proteger la poblaci\u00f3n de los terroristas mercenarios de Erdogan. En el campo norte\u00f1o de la localidad de Tel Temer, &hellip;<\/p>\n","protected":false},"author":35,"featured_media":119197,"comment_status":"closed","ping_status":"closed","sticky":false,"template":"","format":"standard","meta":{"footnotes":""},"categories":[597,573,476,7541],"tags":[],"class_list":["post-119196","post","type-post","status-publish","format-standard","has-post-thumbnail","","category-cinta-de-noticias","category-la-realidad-de-los-acontecimientos-en-siria","category-locales","category-ultimas-noticias"],"_links":{"self":[{"href":"https:\/\/archive.sana.sy\/es\/index.php?rest_route=\/wp\/v2\/posts\/119196"}],"collection":[{"href":"https:\/\/archive.sana.sy\/es\/index.php?rest_route=\/wp\/v2\/posts"}],"about":[{"href":"https:\/\/archive.sana.sy\/es\/index.php?rest_route=\/wp\/v2\/types\/post"}],"author":[{"embeddable":true,"href":"https:\/\/archive.sana.sy\/es\/index.php?rest_route=\/wp\/v2\/users\/35"}],"replies":[{"embeddable":true,"href":"https:\/\/archive.sana.sy\/es\/index.php?rest_route=%2Fwp%2Fv2%2Fcomments&post=119196"}],"version-history":[{"count":0,"href":"https:\/\/archive.sana.sy\/es\/index.php?rest_route=\/wp\/v2\/posts\/119196\/revisions"}],"wp:featuredmedia":[{"embeddable":true,"href":"https:\/\/archive.sana.sy\/es\/index.php?rest_route=\/wp\/v2\/media\/119197"}],"wp:attachment":[{"href":"https:\/\/archive.sana.sy\/es\/index.php?rest_route=%2Fwp%2Fv2%2Fmedia&parent=119196"}],"wp:term":[{"taxonomy":"category","embeddable":true,"href":"https:\/\/archive.sana.sy\/es\/index.php?rest_route=%2Fwp%2Fv2%2Fcategories&post=119196"},{"taxonomy":"post_tag","embeddable":true,"href":"https:\/\/archive.sana.sy\/es\/index.php?rest_route=%2Fwp%2Fv2%2Ftags&post=119196"}],"curies":[{"name":"wp","href":"https:\/\/api.w.org\/{rel}","templated":true}]}}