{"id":119228,"date":"2019-11-02T18:54:25","date_gmt":"2019-11-02T16:54:25","guid":{"rendered":"http:\/\/sana.sy\/es\/?p=119228"},"modified":"2019-11-02T18:54:25","modified_gmt":"2019-11-02T16:54:25","slug":"mueren-varios-civiles-en-el-estallido-de-un-coche-bomba-en-tel-abiad","status":"publish","type":"post","link":"https:\/\/archive.sana.sy\/es\/?p=119228","title":{"rendered":"Mueren varios civiles en el estallido de un coche bomba en Tel Abiad"},"content":{"rendered":"<p><span style=\"color: #800000;\">Raqqa, SANA<\/span><\/p>\n<p style=\"text-align: justify;\">Varios civiles perdieron la vida y otros resultaron heridos al estallarse un coche bomba en el centro de la ciudad de Tel Abiad, situada en el campo norte de la provincia de Raqqa, donde se emplazan fuerzas del ocupante turco junto con grupos mercenarios clientelistas.<\/p>\n<p style=\"text-align: justify;\">Fuentes locales informaron que la explosi\u00f3n ocurri\u00f3 en el mercado principal del centro de la ciudad, lo que caus\u00f3 la muerte de un n\u00famero de civiles mientras otros resultaron heridos, as\u00ed como provoc\u00f3 da\u00f1os materiales en viviendas y propiedades.<\/p>\n<p style=\"text-align: justify;\">Es de se\u00f1alar que las fuerzas agresoras turcas y sus mercenarios ocuparon la ciudad de Tel Abiad el 13 de octubre tras bombardearla con diferentes tipos de armas y destruir la mayor parte de su infraestructura, causando el desplazamiento de buena parte de sus habitantes.<\/p>\n<p><span style=\"color: #0000ff;\">R.R.\/ R.Sh.<\/span><\/p>\n","protected":false},"excerpt":{"rendered":"<p>Raqqa, SANA Varios civiles perdieron la vida y otros resultaron heridos al estallarse un coche bomba en el centro de la ciudad de Tel Abiad, situada en el campo norte de la provincia de Raqqa, donde se emplazan fuerzas del ocupante turco junto con grupos mercenarios clientelistas. Fuentes locales informaron que la explosi\u00f3n ocurri\u00f3 en &hellip;<\/p>\n","protected":false},"author":31,"featured_media":119229,"comment_status":"closed","ping_status":"closed","sticky":false,"template":"","format":"standard","meta":{"footnotes":""},"categories":[597,573,7541],"tags":[],"class_list":["post-119228","post","type-post","status-publish","format-standard","has-post-thumbnail","","category-cinta-de-noticias","category-la-realidad-de-los-acontecimientos-en-siria","category-ultimas-noticias"],"_links":{"self":[{"href":"https:\/\/archive.sana.sy\/es\/index.php?rest_route=\/wp\/v2\/posts\/119228"}],"collection":[{"href":"https:\/\/archive.sana.sy\/es\/index.php?rest_route=\/wp\/v2\/posts"}],"about":[{"href":"https:\/\/archive.sana.sy\/es\/index.php?rest_route=\/wp\/v2\/types\/post"}],"author":[{"embeddable":true,"href":"https:\/\/archive.sana.sy\/es\/index.php?rest_route=\/wp\/v2\/users\/31"}],"replies":[{"embeddable":true,"href":"https:\/\/archive.sana.sy\/es\/index.php?rest_route=%2Fwp%2Fv2%2Fcomments&post=119228"}],"version-history":[{"count":0,"href":"https:\/\/archive.sana.sy\/es\/index.php?rest_route=\/wp\/v2\/posts\/119228\/revisions"}],"wp:featuredmedia":[{"embeddable":true,"href":"https:\/\/archive.sana.sy\/es\/index.php?rest_route=\/wp\/v2\/media\/119229"}],"wp:attachment":[{"href":"https:\/\/archive.sana.sy\/es\/index.php?rest_route=%2Fwp%2Fv2%2Fmedia&parent=119228"}],"wp:term":[{"taxonomy":"category","embeddable":true,"href":"https:\/\/archive.sana.sy\/es\/index.php?rest_route=%2Fwp%2Fv2%2Fcategories&post=119228"},{"taxonomy":"post_tag","embeddable":true,"href":"https:\/\/archive.sana.sy\/es\/index.php?rest_route=%2Fwp%2Fv2%2Ftags&post=119228"}],"curies":[{"name":"wp","href":"https:\/\/api.w.org\/{rel}","templated":true}]}}